{"id":354197,"date":"2025-08-30T08:57:11","date_gmt":"2025-08-30T08:57:11","guid":{"rendered":"https:\/\/www.europesays.com\/fr\/354197\/"},"modified":"2025-08-30T08:57:11","modified_gmt":"2025-08-30T08:57:11","slug":"au-nord-de-lyon-il-force-un-peage-avant-de-se-faire-arreter-par-la-police","status":"publish","type":"post","link":"https:\/\/www.europesays.com\/fr\/354197\/","title":{"rendered":"Au Nord de Lyon, il force un p\u00e9age avant de se faire arr\u00eater par la police"},"content":{"rendered":"<p>                            <img loading=\"lazy\" width=\"1081\" height=\"675\" class=\"attachment-article size-article wp-post-image lazyload\" alt=\"Police voitures Lyon\" decoding=\"async\" src=\"https:\/\/www.europesays.com\/fr\/wp-content\/uploads\/2025\/08\/Police-Romane-Thevenot-scaled-e1675962257728.jpg\" data-eio-rwidth=\"1081\" data-eio-rheight=\"675\"\/><\/p>\n<p>Photo d\u2019illustration. \u00a9 Romane Thevenot<\/p>\n<p class=\"content\" style=\"font-size:1.2em;font-weight:700\">Un jeune homme d&rsquo;une vingtaine d&rsquo;ann\u00e9es a \u00e9t\u00e9 interpell\u00e9 ce vendredi apr\u00e8s une course poursuite sur l&rsquo;A6 entre Dardilly et Villefranche-sur-Sa\u00f4ne. Aucun bless\u00e9 n&rsquo;est \u00e0 d\u00e9plorer. <\/p>\n<p>Une course-poursuite qui aurait bien pu virer au drame. Ce vendredi 29 ao\u00fbt, un homme a \u00e9t\u00e9 interpell\u00e9 dans la zone commerciale de la Sauvag\u00e8re \u00e0 Villefranche-sur-Sa\u00f4ne (Rh\u00f4ne) apr\u00e8s une longue course-poursuite avec la police qui avait commenc\u00e9 quelques kilom\u00e8tres plus loin. <\/p>\n<p>Le jeune homme, \u00e2g\u00e9 d&rsquo;une vingtaine d&rsquo;ann\u00e9es et seul \u00e0 bord de sa Ford Fiesta, a tent\u00e9 d&rsquo;\u00e9chapper \u00e0 la police sur une trentaine de kilom\u00e8tres. Tout commence par un refus d&rsquo;obtemp\u00e9rer \u00e0 Dardilly : le chauffard prend ensuite la fuite, se dirige vers l&rsquo;A6 et emprunte l&rsquo;autoroute en direction du nord. <\/p>\n<p><strong>Lire aussi :<\/strong> <a href=\"https:\/\/www.lyoncapitale.fr\/actualite\/il-lance-une-course-poursuite-entre-anse-et-lyon-et-ecope-de-deux-ans-de-prison\" target=\"_blank\" rel=\"noreferrer noopener nofollow\">Il lance une course-poursuite entre Anse et Lyon et \u00e9cope de deux ans de prison<\/a><\/p>\n<p>Apr\u00e8s plusieurs kilom\u00e8tres de fuite, l&rsquo;individu emprunte le p\u00e9age de Villefranche-sur-Sa\u00f4ne en for\u00e7ant la barri\u00e8re pour sortir de l&rsquo;autoroute et entre dans la zone commerciale de la Sauvag\u00e8re. Une \u00e9tape qui marquera la fin de sa fuite : d&rsquo;apr\u00e8s nos confr\u00e8res du <a href=\"https:\/\/www.leprogres.fr\/faits-divers-justice\/2025\/08\/29\/poursuivi-par-les-gendarmes-sur-30-km-il-force-le-peage-et-termine-sa-folle-course-dans-une-zone-commerciale\" target=\"_blank\" rel=\"noreferrer noopener nofollow\">Progr\u00e8s<\/a>, le site ne poss\u00e8de qu&rsquo;une entr\u00e9e et une sortie. Impossible pour le jeune homme, dont la voiture a fini par s&rsquo;\u00e9chouer sur les marches d&rsquo;un escalier, de s&rsquo;enfuir \u00e0 nouveau et d&rsquo;\u00e9chapper aux forces de l&rsquo;ordre.<\/p>\n<p>Pas de bless\u00e9s<\/p>\n<p>Si aucun bless\u00e9 n&rsquo;est heureusement \u00e0 d\u00e9plorer, la course-poursuite aurait pu s&rsquo;av\u00e9rer bien plus dramatique. Un t\u00e9moin pr\u00e9sent sur les lieux a affirm\u00e9 qu&rsquo;une petite fille sortant d&rsquo;un magasin de sport a manqu\u00e9 de se faire renverser par la voiture dans sa course folle. \u00ab\u00a0C&rsquo;est son p\u00e8re qui l&rsquo;a retenue in extremis par le bras\u00a0\u00bb, a-t-il racont\u00e9 au Progr\u00e8s. <\/p>\n","protected":false},"excerpt":{"rendered":"Photo d\u2019illustration. \u00a9 Romane Thevenot Un jeune homme d&rsquo;une vingtaine d&rsquo;ann\u00e9es a \u00e9t\u00e9 interpell\u00e9 ce vendredi apr\u00e8s une&hellip;\n","protected":false},"author":2,"featured_media":354198,"comment_status":"","ping_status":"","sticky":false,"template":"","format":"standard","meta":{"footnotes":""},"categories":[1889],"tags":[1111,11,2430,1777,674,1011,27,2428,12,25],"class_list":{"0":"post-354197","1":"post","2":"type-post","3":"status-publish","4":"format-standard","5":"has-post-thumbnail","7":"category-lyon","8":"tag-actu","9":"tag-actualites","10":"tag-auvergne-rhone-alpes","11":"tag-eu","12":"tag-europe","13":"tag-fr","14":"tag-france","15":"tag-lyon","16":"tag-news","17":"tag-republique-francaise"},"share_on_mastodon":{"url":"https:\/\/pubeurope.com\/@fr\/115116890116564807","error":""},"_links":{"self":[{"href":"https:\/\/www.europesays.com\/fr\/wp-json\/wp\/v2\/posts\/354197","targetHints":{"allow":["GET"]}}],"collection":[{"href":"https:\/\/www.europesays.com\/fr\/wp-json\/wp\/v2\/posts"}],"about":[{"href":"https:\/\/www.europesays.com\/fr\/wp-json\/wp\/v2\/types\/post"}],"author":[{"embeddable":true,"href":"https:\/\/www.europesays.com\/fr\/wp-json\/wp\/v2\/users\/2"}],"replies":[{"embeddable":true,"href":"https:\/\/www.europesays.com\/fr\/wp-json\/wp\/v2\/comments?post=354197"}],"version-history":[{"count":0,"href":"https:\/\/www.europesays.com\/fr\/wp-json\/wp\/v2\/posts\/354197\/revisions"}],"wp:featuredmedia":[{"embeddable":true,"href":"https:\/\/www.europesays.com\/fr\/wp-json\/wp\/v2\/media\/354198"}],"wp:attachment":[{"href":"https:\/\/www.europesays.com\/fr\/wp-json\/wp\/v2\/media?parent=354197"}],"wp:term":[{"taxonomy":"category","embeddable":true,"href":"https:\/\/www.europesays.com\/fr\/wp-json\/wp\/v2\/categories?post=354197"},{"taxonomy":"post_tag","embeddable":true,"href":"https:\/\/www.europesays.com\/fr\/wp-json\/wp\/v2\/tags?post=354197"}],"curies":[{"name":"wp","href":"https:\/\/api.w.org\/{rel}","templated":true}]}}