{"id":35420,"date":"2025-04-19T02:41:08","date_gmt":"2025-04-19T02:41:08","guid":{"rendered":"https:\/\/www.europesays.com\/fr\/35420\/"},"modified":"2025-04-19T02:41:08","modified_gmt":"2025-04-19T02:41:08","slug":"les-etats-unis-annoncent-reduire-de-moitie-leurs-effectifs-militaires","status":"publish","type":"post","link":"https:\/\/www.europesays.com\/fr\/35420\/","title":{"rendered":"les \u00c9tats-Unis annoncent r\u00e9duire de moiti\u00e9 leurs effectifs militaires"},"content":{"rendered":"<p>Cette \u00abconsolidation\u00bb va \u00abramener la pr\u00e9sence am\u00e9ricaine en Syrie \u00e0 moins d\u2019un millier de soldats dans les moins prochains\u00bb, a d\u00e9clar\u00e9 Sean Parnell, le porte-parole du Pentagone, dans un communiqu\u00e9.<\/p>\n<p class=\"fig-paragraph\">Le minist\u00e8re am\u00e9ricain de la D\u00e9fense a annonc\u00e9 vendredi le retrait prochain d\u2019environ un millier de ses soldats de\u00a0<a href=\"http:\/\/www.lefigaro.fr\/international\/en-syrie-le-nouveau-gouvernement-d-ahmed-al-charaa-domine-par-les-islamistes-20250401\" target=\"_blank\" data-fig-type=\"Article\" rel=\"noopener nofollow\" data-gtm-custom-categorie=\"navigation\" data-gtm-custom-action=\"crossclick\" data-gtm-custom-label=\"Contextuel\" data-gtm-event=\"customEventSPE\" data-fig-domain=\"LEFIGARO\">Syrie<\/a>, sur les quelque 2000 actuellement d\u00e9ploy\u00e9s dans le pays pour lutter contre les djihadistes. Les \u00c9tats-Unis disposent d\u2019une pr\u00e9sence militaire en Syrie depuis des ann\u00e9es, notamment dans le cadre de la coalition internationale contre le groupe Etat Islamique (EI). L\u2019EI a \u00e9t\u00e9 d\u00e9fait en 2019 mais des cellules djihadistes sont rest\u00e9es actives.<\/p>\n<p class=\"fig-paragraph\">L\u2019annonce de vendredi doit \u00abramener la pr\u00e9sence am\u00e9ricaine en Syrie \u00e0 moins d\u2019un millier de soldats dans les moins prochains\u00bb, a d\u00e9clar\u00e9 Sean Parnell, le porte-parole du Pentagone, dans un communiqu\u00e9. \u00abCette consolidation d\u00e9montre les pas importants que nous avons faits pour d\u00e9grader l\u2019attrait et les capacit\u00e9s op\u00e9rationnelles du groupe Etat islamique, dans la r\u00e9gion et dans le monde\u00bb, a-t-il dit, \u00e9voquant plus globalement \u00able succ\u00e8s des \u00c9tats-Unis contre l\u2019EI\u00bb.<\/p>\n<p>\u00abLa Syrie est un bordel\u00bb<\/p>\n<p class=\"fig-paragraph\">Donald Trump,\u00a0<a href=\"http:\/\/www.lefigaro.fr\/international\/donald-trump-n-a-pas-pose-la-main-sur-la-bible-pour-preter-serment-lors-de-son-investiture-20250120\" target=\"_blank\" data-fig-type=\"NewsFlash\" rel=\"noopener nofollow\" data-gtm-custom-categorie=\"navigation\" data-gtm-custom-action=\"crossclick\" data-gtm-custom-label=\"Contextuel\" data-gtm-event=\"customEventSPE\" data-fig-domain=\"LEFIGARO\">arriv\u00e9 au pouvoir \u00e0 Washington le 20 janvier,<\/a>\u00a0est depuis longtemps sceptique sur la pr\u00e9sence militaire en Syrie &#8212; et la chute fin d\u00e9cembre de Bachar al-Assad, remplac\u00e9 \u00e0 la t\u00eate du pays par une coalition men\u00e9e par des islamistes, n\u2019a pas chang\u00e9 la donne. \u00abLa Syrie est un bordel, mais elle n\u2019est pas notre amie, (&#8230;) ce n\u2019est pas notre combat\u00bb, avait \u00e9crit Donald Trump en d\u00e9cembre lors de l\u2019offensive qui avait mis fin \u00e0 cinquante ans de r\u00e8gne sans partage par le clan Assad.<\/p>\n<p class=\"fig-paragraph\">La prise de contr\u00f4le de pans entiers de la Syrie et de l\u2019Irak par l\u2019EI \u00e0 partir de 2014 a d\u00e9clench\u00e9 l\u2019intervention d\u2019une coalition internationale men\u00e9e par les \u00c9tats-Unis visant surtout \u00e0 soutenir, par les airs, les unit\u00e9s de l\u2019arm\u00e9e irakienne et les Kurdes qui combattaient l\u2019EI au sol. Mais Washington a alors aussi d\u00e9ploy\u00e9 des milliers de ses soldats pour soutenir ces troupes locales et mener ses propres op\u00e9rations militaires. Apr\u00e8s la victoire contre l\u2019EI, d\u00e9clar\u00e9e en 2017 en Irak et 2019 en Syrie, une pr\u00e9sence militaire am\u00e9ricaine est rest\u00e9e sur place pour s\u2019en prendre aux cellules restantes de groupes jihadistes.<\/p>\n","protected":false},"excerpt":{"rendered":"Cette \u00abconsolidation\u00bb va \u00abramener la pr\u00e9sence am\u00e9ricaine en Syrie \u00e0 moins d\u2019un millier de soldats dans les moins&hellip;\n","protected":false},"author":2,"featured_media":35421,"comment_status":"","ping_status":"","sticky":false,"template":"","format":"standard","meta":{"footnotes":""},"categories":[5],"tags":[259,11,260,73,1011,27,14,261,12,262,32,28],"class_list":{"0":"post-35420","1":"post","2":"type-post","3":"status-publish","4":"format-standard","5":"has-post-thumbnail","7":"category-international","8":"tag-actualite-internationale","9":"tag-actualites","10":"tag-affaires-etrangeres","11":"tag-etats-unis","12":"tag-fr","13":"tag-france","14":"tag-international","15":"tag-ministere-des-affaires-etrangeres","16":"tag-news","17":"tag-politique-etrangere","18":"tag-syrie","19":"tag-world"},"share_on_mastodon":{"url":"https:\/\/pubeurope.com\/@fr\/114362324356845202","error":""},"_links":{"self":[{"href":"https:\/\/www.europesays.com\/fr\/wp-json\/wp\/v2\/posts\/35420","targetHints":{"allow":["GET"]}}],"collection":[{"href":"https:\/\/www.europesays.com\/fr\/wp-json\/wp\/v2\/posts"}],"about":[{"href":"https:\/\/www.europesays.com\/fr\/wp-json\/wp\/v2\/types\/post"}],"author":[{"embeddable":true,"href":"https:\/\/www.europesays.com\/fr\/wp-json\/wp\/v2\/users\/2"}],"replies":[{"embeddable":true,"href":"https:\/\/www.europesays.com\/fr\/wp-json\/wp\/v2\/comments?post=35420"}],"version-history":[{"count":0,"href":"https:\/\/www.europesays.com\/fr\/wp-json\/wp\/v2\/posts\/35420\/revisions"}],"wp:featuredmedia":[{"embeddable":true,"href":"https:\/\/www.europesays.com\/fr\/wp-json\/wp\/v2\/media\/35421"}],"wp:attachment":[{"href":"https:\/\/www.europesays.com\/fr\/wp-json\/wp\/v2\/media?parent=35420"}],"wp:term":[{"taxonomy":"category","embeddable":true,"href":"https:\/\/www.europesays.com\/fr\/wp-json\/wp\/v2\/categories?post=35420"},{"taxonomy":"post_tag","embeddable":true,"href":"https:\/\/www.europesays.com\/fr\/wp-json\/wp\/v2\/tags?post=35420"}],"curies":[{"name":"wp","href":"https:\/\/api.w.org\/{rel}","templated":true}]}}