{"id":354203,"date":"2025-08-30T09:01:10","date_gmt":"2025-08-30T09:01:10","guid":{"rendered":"https:\/\/www.europesays.com\/fr\/354203\/"},"modified":"2025-08-30T09:01:10","modified_gmt":"2025-08-30T09:01:10","slug":"six-idees-de-week-end-au-vert-autour-de-paris-pour-une-rentree-en-douceur","status":"publish","type":"post","link":"https:\/\/www.europesays.com\/fr\/354203\/","title":{"rendered":"Six id\u00e9es de week-end au vert autour de Paris, pour une rentr\u00e9e en douceur"},"content":{"rendered":"<p>Le ch\u00e2teau de Villiers-le-Mahieu<\/p>\n<p>Ch\u00e2teau de Villiers-le-Mahieu<\/p>\n<p><strong>Le cadre ?<\/strong> Un domaine de douze\u00a0hectares, construit sur les vestiges d\u2019un <a href=\"https:\/\/www.vanityfair.fr\/galerie\/chateaux-ou-manoirs-a-louer-pour-un-sejour-a-la-bridgerton\" target=\"_blank\" rel=\"noopener\">site fortifi\u00e9<\/a> du 13e si\u00e8cle. L\u2019\u00e2me des vieilles pierres de l\u2019\u00e9difice, datant de 1642, se m\u00eale d\u00e9sormais \u00e0 une d\u00e9coration plus contemporaine.<br \/><strong>Les chambres ?<\/strong> Privil\u00e9gier les chambres nich\u00e9es dans la b\u00e2tisse historique, qui cultivent le charme des maisons d\u2019antan.<br \/><strong>Les activit\u00e9s ?<\/strong> Un terrain de jeu XXL\u2009: piscine, tennis, golf, espace bien-\u00eatre, gaming rooms, cin\u00e9ma priv\u00e9 et barques pour fl\u00e2ner sur les douves du ch\u00e2teau.<br \/><strong>Le truc en plus ?<\/strong> Un floril\u00e8ge d\u2019exp\u00e9riences \u00e0 vivre tout au long du s\u00e9jour (activit\u00e9s, sport, cocktails et gastronomie), le tout en all inclusive\u2009!<br \/><strong>Y aller (en transport en commun) ?<\/strong> Par la ligne N (de la gare Montparnasse \u00e0 Garanci\u00e8re-la-Queue), puis VTC. \u00c0 50 minutes.<br \/><strong>Le prix (pour 2) ?<\/strong> \u00c0 partir de 380 euros (avec petit d\u00e9jeuner, d\u00e9jeuner, go\u00fbter et d\u00eener).<br \/><strong>L\u2019adresse ?<\/strong> Rue du Centre 78\u2009770 Villiers-le-Mahieu<br \/><strong>Le site ?<\/strong> <a data-offer-url=\"https:\/\/www.lesmaisonsdecampagne.com\/villiers-le-mahieu?gclsrc=aw.ds&amp;&amp;trkid=V3ADW489381_62184061090_kwd-317719868830__526194276696_g_c__&amp;gad_source=1&amp;gad_campaignid=1709096356&amp;gbraid=0AAAAAC1zy_CPf5Hki1geYxRRYyT2GK1S3&amp;gclid=Cj0KCQjwwZDFBhCpARIsAB95qO3J49snB-jNovhEMED1QohgVXjCTIlcE5KYdzdJfN7Tkqeyk_0fG2QaAlKyEALw_wcB\" class=\"external-link\" data-event-click=\"{&quot;element&quot;:&quot;ExternalLink&quot;,&quot;outgoingURL&quot;:&quot;https:\/\/www.lesmaisonsdecampagne.com\/villiers-le-mahieu?gclsrc=aw.ds&amp;&amp;trkid=V3ADW489381_62184061090_kwd-317719868830__526194276696_g_c__&amp;gad_source=1&amp;gad_campaignid=1709096356&amp;gbraid=0AAAAAC1zy_CPf5Hki1geYxRRYyT2GK1S3&amp;gclid=Cj0KCQjwwZDFBhCpARIsAB95qO3J49snB-jNovhEMED1QohgVXjCTIlcE5KYdzdJfN7Tkqeyk_0fG2QaAlKyEALw_wcB&quot;}\" href=\"https:\/\/www.lesmaisonsdecampagne.com\/villiers-le-mahieu?gclsrc=aw.ds&amp;&amp;trkid=V3ADW489381_62184061090_kwd-317719868830__526194276696_g_c__&amp;gad_source=1&amp;gad_campaignid=1709096356&amp;gbraid=0AAAAAC1zy_CPf5Hki1geYxRRYyT2GK1S3&amp;gclid=Cj0KCQjwwZDFBhCpARIsAB95qO3J49snB-jNovhEMED1QohgVXjCTIlcE5KYdzdJfN7Tkqeyk_0fG2QaAlKyEALw_wcB\" rel=\"nofollow noopener\" target=\"_blank\">lesmaisonsdecampagne.com<\/a><\/p>\n<p>Ch\u00e2teau Villiers-le-Mahieu<\/p>\n<p>La Folie Barbizon<\/p>\n<p>Adel Slimane Fecih<\/p>\n","protected":false},"excerpt":{"rendered":"Le ch\u00e2teau de Villiers-le-Mahieu Ch\u00e2teau de Villiers-le-Mahieu Le cadre ? Un domaine de douze\u00a0hectares, construit sur les vestiges&hellip;\n","protected":false},"author":2,"featured_media":354204,"comment_status":"","ping_status":"","sticky":false,"template":"","format":"standard","meta":{"footnotes":""},"categories":[1888],"tags":[1111,1928,11,1927,1777,674,3727,1011,27,1031,12,1926,626,1925,25,6747],"class_list":{"0":"post-354203","1":"post","2":"type-post","3":"status-publish","4":"format-standard","5":"has-post-thumbnail","7":"category-paris","8":"tag-actu","9":"tag-actu-paris","10":"tag-actualites","11":"tag-actualites-paris","12":"tag-eu","13":"tag-europe","14":"tag-evasion","15":"tag-fr","16":"tag-france","17":"tag-magazine","18":"tag-news","19":"tag-news-paris","20":"tag-paris","21":"tag-paris-news","22":"tag-republique-francaise","23":"tag-textabovecentergridwidth"},"share_on_mastodon":{"url":"https:\/\/pubeurope.com\/@fr\/115116905830026152","error":""},"_links":{"self":[{"href":"https:\/\/www.europesays.com\/fr\/wp-json\/wp\/v2\/posts\/354203","targetHints":{"allow":["GET"]}}],"collection":[{"href":"https:\/\/www.europesays.com\/fr\/wp-json\/wp\/v2\/posts"}],"about":[{"href":"https:\/\/www.europesays.com\/fr\/wp-json\/wp\/v2\/types\/post"}],"author":[{"embeddable":true,"href":"https:\/\/www.europesays.com\/fr\/wp-json\/wp\/v2\/users\/2"}],"replies":[{"embeddable":true,"href":"https:\/\/www.europesays.com\/fr\/wp-json\/wp\/v2\/comments?post=354203"}],"version-history":[{"count":0,"href":"https:\/\/www.europesays.com\/fr\/wp-json\/wp\/v2\/posts\/354203\/revisions"}],"wp:featuredmedia":[{"embeddable":true,"href":"https:\/\/www.europesays.com\/fr\/wp-json\/wp\/v2\/media\/354204"}],"wp:attachment":[{"href":"https:\/\/www.europesays.com\/fr\/wp-json\/wp\/v2\/media?parent=354203"}],"wp:term":[{"taxonomy":"category","embeddable":true,"href":"https:\/\/www.europesays.com\/fr\/wp-json\/wp\/v2\/categories?post=354203"},{"taxonomy":"post_tag","embeddable":true,"href":"https:\/\/www.europesays.com\/fr\/wp-json\/wp\/v2\/tags?post=354203"}],"curies":[{"name":"wp","href":"https:\/\/api.w.org\/{rel}","templated":true}]}}