{"id":354209,"date":"2025-08-30T09:04:15","date_gmt":"2025-08-30T09:04:15","guid":{"rendered":"https:\/\/www.europesays.com\/fr\/354209\/"},"modified":"2025-08-30T09:04:15","modified_gmt":"2025-08-30T09:04:15","slug":"ukraine-des-attaques-russes-massives-font-au-moins-un-mort-et-une-vingtaine-de-blesses","status":"publish","type":"post","link":"https:\/\/www.europesays.com\/fr\/354209\/","title":{"rendered":"Ukraine\u00a0: des attaques russes \u00ab\u00a0massives\u00a0\u00bb font au moins un mort et une vingtaine de bless\u00e9s"},"content":{"rendered":"<p>La Russie a lanc\u00e9 une attaque a\u00e9rienne d\u2019ampleur contre des r\u00e9gions ukrainiennes dans la nuit de vendredi \u00e0 samedi, faisant un mort et une vingtaine de bless\u00e9s \u00e0 Zaporijjia (sud), selon les autorit\u00e9s locales, et le pr\u00e9sident Volodymyr Zelensky a appel\u00e9 Washington et Bruxelles \u00e0 agir.<\/p>\n<p>Les efforts diplomatiques pour trouver une issue \u00e0 la guerre en Ukraine se sont acc\u00e9l\u00e9r\u00e9s ces derni\u00e8res semaines, sous la houlette de Donald Trump, mais n\u2019ont produit pour l\u2019heure aucun effet concret.<\/p>\n<p>La Russie a, au contraire, intensifi\u00e9 ses frappes a\u00e9riennes, lan\u00e7ant des nombres record de drones contre le voisin qu\u2019elle envahit depuis 2022.<\/p>\n<p>Au moins une personne a \u00e9t\u00e9 tu\u00e9e et une vingtaine d\u2019autres bless\u00e9es dans des attaques russes nocturnes \u00e0 Zaporijjia, une grande ville du Sud, ont indiqu\u00e9 sur Telegram les services de secours.<\/p>\n<p>Trois mineurs, \u00e2g\u00e9s de neuf \u00e0 16 ans, ont \u00e9t\u00e9 hospitalis\u00e9s, ont-ils ajout\u00e9.<\/p>\n<p>Plus au sud, le gouverneur de la r\u00e9gion de Zaporijjia Ivan Fedorov a \u00e9galement fait \u00e9tat d\u2019explosions et a publi\u00e9 sur Telegram une photo d\u2019une maison en feu dans la capitale r\u00e9gionale ainsi que de coupures de courant. \u00ab Les Russes ont frapp\u00e9 la ville avec au moins trois drones \u00bb, a-t-il pr\u00e9cis\u00e9. Au moins une personne a \u00e9t\u00e9 tu\u00e9e et une vingtaine d\u2019autres bless\u00e9es dans des attaques russes nocturnes \u00e0 Zaporijjia, une grande ville du Sud, ont indiqu\u00e9 sur Telegram les services de secours.<\/p>\n<p>20 % du territoire sous contr\u00f4le russe<\/p>\n<p>L\u2019Ukraine avait \u00e9t\u00e9 endeuill\u00e9e par une attaque de grande ampleur dans la nuit de mercredi \u00e0 jeudi, qui avait fait au moins 25 morts dont des enfants \u00e0 Kiev, la capitale.<\/p>\n<p>Celle-ci a \u00e9t\u00e9 d\u00e9nonc\u00e9e par les partenaires occidentaux de Kiev, de Washington \u00e0 Bruxelles, Londres accusant par exemple Poutine de \u00ab saboter les espoirs de paix \u00bb.<\/p>\n<p>Volodymyr Zelensky a affirm\u00e9 samedi que la Russie, en frappant encore l\u2019Ukraine, montrait \u00ab son m\u00e9pris total pour les paroles \u00bb des alli\u00e9s.<\/p>\n<p>\u00ab Nous comptons sur des actions concr\u00e8tes \u00bb, a-t-il dit, appelant les \u00c9tats-Unis et l\u2019Europe \u00e0 r\u00e9agir.<\/p>\n<p>Volodymyr Zelensky r\u00e9clame des sanctions \u00e9conomiques plus efficaces contre la Russie afin d\u2019affaiblir son \u00e9conomie.<\/p>\n<p>\u00ab Cette guerre ne s\u2019arr\u00eatera pas avec de simples d\u00e9clarations politiques \u00bb, a-t-il dit.<\/p>\n<p>Ces nouveaux bombardements interviennent alors que les efforts diplomatiques pour r\u00e9gler le conflit qui fait rage depuis trois ans et demi s\u2019enlisent, deux semaines apr\u00e8s un sommet entre Vladimir Poutine et Donald Trump en Alaska.<\/p>\n<p>L\u2019Ukraine accuse la Russie de jouer la montre, et de faire mine de vouloir n\u00e9gocier pour mieux pr\u00e9parer de nouvelles attaques. L\u2019arm\u00e9e russe contr\u00f4le actuellement<a href=\"https:\/\/www.letelegramme.fr\/monde\/guerre-ukraine-russie\/la-russie-a-revu-ses-exigences-territoriales-a-la-baisse-en-ukraine-selon-la-turquie-6878272.php\" target=\"_blank\" rel=\"nofollow noopener\"> environ 20 % du territoire ukrainien<\/a> et a l\u2019avantage sur le front.<\/p>\n<p>Le Kremlin a lui indiqu\u00e9 jeudi que la Russie restait \u00ab int\u00e9ress\u00e9e \u00bb par les n\u00e9gociations de paix avec l\u2019Ukraine mais qu\u2019elle continuerait de mener des frappes dans le pays tant que ses \u00ab objectifs \u00bb ne seraient pas atteints.<\/p>\n<p>Moscou exige que l\u2019Ukraine se retire de certains territoires qu\u2019elle continue de contr\u00f4ler partiellement, notamment de la r\u00e9gion de Donetsk, en tant que condition pr\u00e9alable \u00e0 l\u2019arr\u00eat des hostilit\u00e9s. Kiev rejette cette id\u00e9e.<\/p>\n","protected":false},"excerpt":{"rendered":"La Russie a lanc\u00e9 une attaque a\u00e9rienne d\u2019ampleur contre des r\u00e9gions ukrainiennes dans la nuit de vendredi \u00e0&hellip;\n","protected":false},"author":2,"featured_media":354210,"comment_status":"","ping_status":"","sticky":false,"template":"","format":"standard","meta":{"footnotes":""},"categories":[1591],"tags":[11,765,1887,2069,74,12,1885,1886,132],"class_list":{"0":"post-354209","1":"post","2":"type-post","3":"status-publish","4":"format-standard","5":"has-post-thumbnail","7":"category-russie","8":"tag-actualites","9":"tag-en-continu","10":"tag-federation-de-russie","11":"tag-guerre-ukraine-russie","12":"tag-monde","13":"tag-news","14":"tag-russia","15":"tag-russian-federation","16":"tag-russie"},"share_on_mastodon":{"url":"https:\/\/pubeurope.com\/@fr\/115116917665127186","error":""},"_links":{"self":[{"href":"https:\/\/www.europesays.com\/fr\/wp-json\/wp\/v2\/posts\/354209","targetHints":{"allow":["GET"]}}],"collection":[{"href":"https:\/\/www.europesays.com\/fr\/wp-json\/wp\/v2\/posts"}],"about":[{"href":"https:\/\/www.europesays.com\/fr\/wp-json\/wp\/v2\/types\/post"}],"author":[{"embeddable":true,"href":"https:\/\/www.europesays.com\/fr\/wp-json\/wp\/v2\/users\/2"}],"replies":[{"embeddable":true,"href":"https:\/\/www.europesays.com\/fr\/wp-json\/wp\/v2\/comments?post=354209"}],"version-history":[{"count":0,"href":"https:\/\/www.europesays.com\/fr\/wp-json\/wp\/v2\/posts\/354209\/revisions"}],"wp:featuredmedia":[{"embeddable":true,"href":"https:\/\/www.europesays.com\/fr\/wp-json\/wp\/v2\/media\/354210"}],"wp:attachment":[{"href":"https:\/\/www.europesays.com\/fr\/wp-json\/wp\/v2\/media?parent=354209"}],"wp:term":[{"taxonomy":"category","embeddable":true,"href":"https:\/\/www.europesays.com\/fr\/wp-json\/wp\/v2\/categories?post=354209"},{"taxonomy":"post_tag","embeddable":true,"href":"https:\/\/www.europesays.com\/fr\/wp-json\/wp\/v2\/tags?post=354209"}],"curies":[{"name":"wp","href":"https:\/\/api.w.org\/{rel}","templated":true}]}}