{"id":354211,"date":"2025-08-30T09:05:18","date_gmt":"2025-08-30T09:05:18","guid":{"rendered":"https:\/\/www.europesays.com\/fr\/354211\/"},"modified":"2025-08-30T09:05:18","modified_gmt":"2025-08-30T09:05:18","slug":"la-russie-a-revu-ses-exigences-territoriales-en-ukraine-affirme-ankara","status":"publish","type":"post","link":"https:\/\/www.europesays.com\/fr\/354211\/","title":{"rendered":"La Russie a revu ses exigences territoriales en Ukraine, affirme Ankara"},"content":{"rendered":"<p><strong>La Russie continue d&rsquo;exiger de l&rsquo;Ukraine la cession du Donbass (est), qu&rsquo;elle ne contr\u00f4le pas int\u00e9gralement, mais est dispos\u00e9e \u00e0 geler le conflit dans le sud de ce pays le long des lignes de front actuelles, a affirm\u00e9 jeudi soir le chef de la diplomatie turque.<\/strong>\u00a0<\/p>\n<p class=\"toreadalso-fromEMP\"><strong>\u2022 \u00c0 lire aussi: <\/strong><a href=\"https:\/\/www.tvanouvelles.ca\/2025\/08\/21\/zelensky-juge-possible-une-rencontre-avec-poutine-apres-un-accord-sur-les-garanties-de-securite-pour-lukraine\" target=\"2ae29e8e-9815-4b6f-ad50-e2eb755b36c0\" rel=\"nofollow noopener\"><strong>Zelensky veut des garanties de s\u00e9curit\u00e9 avant de rencontrer Poutine<\/strong><\/a><\/p>\n<p class=\"toreadalso-fromEMP\"><strong>\u2022 \u00c0 lire aussi: <\/strong><a href=\"https:\/\/www.tvanouvelles.ca\/2025\/08\/19\/ukraine-trump-pret-a-un-soutien-aerien-mais-pas-a-une-presence-militaire-au-sol\" target=\"eb295772-508e-4123-921c-2ae605ad5547\" rel=\"nofollow noopener\"><strong>Ukraine: Trump pr\u00eat \u00e0 un soutien a\u00e9rien, mais pas \u00e0 une pr\u00e9sence militaire au sol<\/strong><\/a><\/p>\n<p>L&rsquo;arm\u00e9e russe occupe un cinqui\u00e8me environ du territoire ukrainien et Moscou revendique l&rsquo;annexion de cinq r\u00e9gions: celles dans l&rsquo;est de Donetsk et de Lougansk, qui forment le Donbass, celles dans le sud de Kherson et de Zaporijjia, ainsi que la Crim\u00e9e conquise en 2014.<\/p>\n<p>Au cours de pourparlers \u00e0 Istanbul plus t\u00f4t cette ann\u00e9e, les n\u00e9gociateurs russes avaient, en tant que condition pr\u00e9alable \u00e0 l&rsquo;arr\u00eat du conflit, exig\u00e9 que l&rsquo;Ukraine se retire totalement de ces cinq r\u00e9gions.<\/p>\n<p>Selon Ankara, Moscou a toutefois infl\u00e9chi sa position \u00e0 la suite du r\u00e9cent sommet en Alaska entre le pr\u00e9sident am\u00e9ricain Donald Trump et son homologue russe Vladimir Poutine.<\/p>\n<p>Les Russes ont ainsi \u00abrenonc\u00e9 \u00e0 cette exigence et restent sur les lignes de contact, \u00e0 l&rsquo;exception d&rsquo;une r\u00e9gion (&#8230;). Il existe actuellement un accord pr\u00e9liminaire concernant la restitution (cession \u00e0 la Russie, NDLR) de 25 \u00e0 30 % de (la r\u00e9gion de) Donetsk et le maintien des lignes de contact (dans celles de) Zaporijjia et Kherson\u00bb, a d\u00e9clar\u00e9 le ministre turc des Affaires \u00e9trang\u00e8res, Hakan Fidan, dans un entretien avec la cha\u00eene de t\u00e9l\u00e9vision TGRT Haber.<\/p>\n<p><b>\u2022 \u00c9coutez aussi cet \u00e9pisode balado tir\u00e9 de l&rsquo;\u00e9mission de <a href=\"https:\/\/www.qub.ca\/balado\/alexandre-dube\" target=\"_blank\" rel=\"nofollow noopener\">Alexandre Dub\u00e9<\/a>, diffus\u00e9e sur les plateformes <a href=\"https:\/\/www.qub.ca\" target=\"_blank\" rel=\"nofollow noopener\">QUB<\/a> et simultan\u00e9ment sur le 99.5 FM Montr\u00e9al : <\/b><\/p>\n<p>Celui-ci n&rsquo;a pas pr\u00e9cis\u00e9 si cet \u00abaccord pr\u00e9liminaire\u00bb avait \u00e9t\u00e9 conclu entre Moscou et Washington ou entre Moscou et Ky\u00efv, qui a jusqu&rsquo;ici cat\u00e9goriquement rejet\u00e9 toute concession territoriale, ni de quand il datait.<\/p>\n<p>Sous couvert d&rsquo;anonymat, des responsables avaient d\u00e9j\u00e0 fait \u00e9tat de cette apparente inflexion russe.<\/p>\n<p>En d\u00e9pit d&rsquo;une frappe meurtri\u00e8re sur la capitale ukrainienne jeudi, qui a fait au moins 23 morts, M. Fidan a salu\u00e9 des avanc\u00e9es sur le front diplomatique.<\/p>\n<p>Le ministre turc a toutefois reconnu qu&rsquo;il serait \u00abdifficile\u00bb pour l&rsquo;Ukraine de c\u00e9der des territoires, notamment la vaste r\u00e9gion mini\u00e8re et industrielle du Donbass, la portion la mieux d\u00e9fendue du front compos\u00e9e de villes-forteresses et de centaines de kilom\u00e8tres de tranch\u00e9es et de champs de mines.<\/p>\n<p>\u00abUne fois ce territoire abandonn\u00e9, le territoire restant deviendra un peu difficile \u00e0 prot\u00e9ger\u00bb, a soulign\u00e9 M. Fidan.<\/p>\n","protected":false},"excerpt":{"rendered":"La Russie continue d&rsquo;exiger de l&rsquo;Ukraine la cession du Donbass (est), qu&rsquo;elle ne contr\u00f4le pas int\u00e9gralement, mais est&hellip;\n","protected":false},"author":2,"featured_media":354212,"comment_status":"","ping_status":"","sticky":false,"template":"","format":"standard","meta":{"footnotes":""},"categories":[1590],"tags":[11,1777,674,12,220],"class_list":{"0":"post-354211","1":"post","2":"type-post","3":"status-publish","4":"format-standard","5":"has-post-thumbnail","7":"category-ukraine","8":"tag-actualites","9":"tag-eu","10":"tag-europe","11":"tag-news","12":"tag-ukraine"},"share_on_mastodon":{"url":"https:\/\/pubeurope.com\/@fr\/115116921654634711","error":""},"_links":{"self":[{"href":"https:\/\/www.europesays.com\/fr\/wp-json\/wp\/v2\/posts\/354211","targetHints":{"allow":["GET"]}}],"collection":[{"href":"https:\/\/www.europesays.com\/fr\/wp-json\/wp\/v2\/posts"}],"about":[{"href":"https:\/\/www.europesays.com\/fr\/wp-json\/wp\/v2\/types\/post"}],"author":[{"embeddable":true,"href":"https:\/\/www.europesays.com\/fr\/wp-json\/wp\/v2\/users\/2"}],"replies":[{"embeddable":true,"href":"https:\/\/www.europesays.com\/fr\/wp-json\/wp\/v2\/comments?post=354211"}],"version-history":[{"count":0,"href":"https:\/\/www.europesays.com\/fr\/wp-json\/wp\/v2\/posts\/354211\/revisions"}],"wp:featuredmedia":[{"embeddable":true,"href":"https:\/\/www.europesays.com\/fr\/wp-json\/wp\/v2\/media\/354212"}],"wp:attachment":[{"href":"https:\/\/www.europesays.com\/fr\/wp-json\/wp\/v2\/media?parent=354211"}],"wp:term":[{"taxonomy":"category","embeddable":true,"href":"https:\/\/www.europesays.com\/fr\/wp-json\/wp\/v2\/categories?post=354211"},{"taxonomy":"post_tag","embeddable":true,"href":"https:\/\/www.europesays.com\/fr\/wp-json\/wp\/v2\/tags?post=354211"}],"curies":[{"name":"wp","href":"https:\/\/api.w.org\/{rel}","templated":true}]}}