{"id":354213,"date":"2025-08-30T09:06:11","date_gmt":"2025-08-30T09:06:11","guid":{"rendered":"https:\/\/www.europesays.com\/fr\/354213\/"},"modified":"2025-08-30T09:06:11","modified_gmt":"2025-08-30T09:06:11","slug":"aux-etats-unis-une-juge-bloque-la-procedure-acceleree-de-donald-trump-concernant-les-expulsions-de-migrants-en-masse","status":"publish","type":"post","link":"https:\/\/www.europesays.com\/fr\/354213\/","title":{"rendered":"Aux Etats-Unis, une juge bloque la proc\u00e9dure acc\u00e9l\u00e9r\u00e9e de Donald Trump concernant les expulsions de migrants en masse"},"content":{"rendered":"<p>                          <img loading=\"lazy\" decoding=\"async\" src=\"https:\/\/www.europesays.com\/fr\/wp-content\/uploads\/2025\/08\/76f5328_ftp-import-images-1-vph2eew2jwlt-2025-08-13t022958z-866749908-rc2swfah3u9j-rtrmadp-3-usa-mig.jpeg\" alt=\"Des migrants mexicains, r\u00e9cemment expuls\u00e9s apr\u00e8s avoir \u00e9t\u00e9 appr\u00e9hend\u00e9s par le service am\u00e9ricain de l\u2019immigration et des douanes, \u00e0 Tijuana, au Mexique, le 29\u00a0juillet\u00a02025.\"   width=\"664\" height=\"443\"\/>    Des migrants mexicains, r\u00e9cemment expuls\u00e9s apr\u00e8s avoir \u00e9t\u00e9 appr\u00e9hend\u00e9s par le service am\u00e9ricain de l\u2019immigration et des douanes, \u00e0 Tijuana, au Mexique, le 29\u00a0juillet\u00a02025.  AIMEE MELO \/ REUTERS                          <\/p>\n<p class=\"article__paragraph  \">Une juge f\u00e9d\u00e9rale a bloqu\u00e9, vendredi 29\u00a0ao\u00fbt, la proc\u00e9dure acc\u00e9l\u00e9r\u00e9e d\u2019expulsions de migrants des Etats-Unis sans comparution devant un tribunal. Jia Cobb a invoqu\u00e9 un article de la Constitution qui garantit que \u00ab\u00a0nul ne sera expuls\u00e9 des Etats-Unis sans possibilit\u00e9, \u00e0 un moment donn\u00e9, d\u2019\u00eatre entendu\u00a0\u00bb.<\/p>\n<p class=\"article__paragraph  \">La proc\u00e9dure dite d\u2019\u00ab\u00a0expulsion acc\u00e9l\u00e9r\u00e9e\u00a0\u00bb a \u00e9t\u00e9 utilis\u00e9e par l\u2019administration r\u00e9publicaine pour renvoyer rapidement des migrants arr\u00eat\u00e9s pr\u00e8s de la fronti\u00e8re mexicaine s\u2019ils avaient p\u00e9n\u00e9tr\u00e9 aux Etats-Unis au cours des deux semaines pr\u00e9c\u00e9dentes. Cependant, depuis son entr\u00e9e en fonctions en janvier, l\u2019administration Trump a g\u00e9n\u00e9ralis\u00e9 l\u2019application de cette proc\u00e9dure \u00e0 l\u2019ensemble du pays, et l\u2019a appliqu\u00e9e \u00e0 des migrants qui se trouvaient aux Etats-Unis depuis des p\u00e9riodes pouvant aller jusqu\u2019\u00e0 deux ans.<\/p>\n<p class=\"article__paragraph  \">La juge f\u00e9d\u00e9rale Jia Cobb a bloqu\u00e9, dans un texte publi\u00e9 tard vendredi, cette application \u00e9largie de la proc\u00e9dure, arguant qu\u2019elle pourrait amener des personnes \u00e0 \u00eatre expuls\u00e9es \u00ab\u00a0de mani\u00e8re erron\u00e9e\u00a0\u00bb hors de toute proc\u00e9dure l\u00e9gale, et notamment sans avoir la possibilit\u00e9 de prouver qu\u2019elles se trouvent aux Etats-Unis depuis plus de deux ans.<\/p>\n<p>                                       Lire aussi |  Article r\u00e9serv\u00e9 \u00e0 nos abonn\u00e9s  <a href=\"https:\/\/www.lemonde.fr\/international\/article\/2025\/07\/31\/aux-etats-unis-kristi-noem-le-visage-des-raids-contre-les-immigres_6625634_3210.html\" class=\"js-article-read-also catcher--favoris__link\" data-premium=\"1\" id=\"article-title-3432470\" rel=\"nofollow noopener\" target=\"_blank\">Aux Etats-Unis, Kristi Noem, le visage des raids contre les immigr\u00e9s<\/a>    <\/p>\n<p>   Lire plus tard  <\/p>\n<p>                          \u00ab\u00a0Si cela \u00e9tait vrai, non seulement les \u00e9trangers, mais tout le monde, serait en danger\u00a0\u00bb                    <\/p>\n<p class=\"article__paragraph  \">\u00ab\u00a0Contrairement au groupe de personnes vis\u00e9es par l\u2019expulsion acc\u00e9l\u00e9r\u00e9e \u2013 celles qui sont arr\u00eat\u00e9es \u00e0 la fronti\u00e8re peu apr\u00e8s l\u2019avoir travers\u00e9e \u2013 la cat\u00e9gorie de personnes que le gouvernement cible d\u00e9sormais avec l\u2019expulsion acc\u00e9l\u00e9r\u00e9e est entr\u00e9e dans notre pays depuis bien longtemps\u00a0\u00bb, a expliqu\u00e9 Mme\u00a0Cobb.<\/p>\n<p class=\"article__paragraph  \">\u00ab\u00a0En d\u00e9fendant cette proc\u00e9dure exp\u00e9ditive, le gouvernement avance un argument r\u00e9ellement stup\u00e9fiant\u00a0: ceux qui sont entr\u00e9s ill\u00e9galement dans le pays n\u2019ont droit \u00e0 aucune proc\u00e9dure au titre du 5e\u00a0amendement [de la Constitution] et ne pourraient compter que sur une \u00e9ventuelle mesure de gr\u00e2ce du Congr\u00e8s, a-t-elle ajout\u00e9. Si cela \u00e9tait vrai, non seulement les \u00e9trangers, mais tout le monde, serait en danger.\u00a0\u00bb<\/p>\n<p class=\"article__paragraph  \">Le 5e\u00a0amendement de la Constitution vise \u00e0 prot\u00e9ger les individus de tout abus d\u2019autorit\u00e9 du gouvernement dans une proc\u00e9dure juridique.<\/p>\n<p>                    Un revers pour la politique migratoire de Donald Trump                    <\/p>\n<p class=\"article__paragraph  \">La d\u00e9cision de la juge Cobb, qui avait \u00e9t\u00e9 nomm\u00e9e par l\u2019ancien pr\u00e9sident Joe Biden (d\u00e9mocrate), survient dans le cadre d\u2019une affaire prise en charge par Make The Road New York, un groupe de d\u00e9fense des droits des migrants.<\/p>\n<p> Le Monde M\u00e9morable  <\/p>\n<p> <a href=\"https:\/\/www.lemonde.fr\/memorable\/?rfextension=inread\" class=\"inread__link js-services-inread-link\" target=\"_blank\" rel=\"nofollow noopener\">  <\/p>\n<p>Testez votre culture g\u00e9n\u00e9rale avec la r\u00e9daction du \u00ab Monde \u00bb<\/p>\n<p>Testez votre culture g\u00e9n\u00e9rale avec la r\u00e9daction du \u00ab Monde \u00bb<\/p>\n<p>D\u00e9couvrir<\/p>\n<p> <\/a>      <\/p>\n<p> Newsletter  <\/p>\n<p> <a href=\"https:\/\/www.lemonde.fr\/newsletters\/a-la-une\/\" class=\"inread__link js-services-inread-link\" target=\"_blank\" rel=\"nofollow noopener\">  <\/p>\n<p>\u00ab A la une \u00bb<\/p>\n<p>Chaque matin, parcourez l&rsquo;essentiel de l&rsquo;actualit\u00e9 du jour avec les derniers titres du \u00ab Monde \u00bb<\/p>\n<p>S&rsquo;inscrire<\/p>\n<p> <\/a>          <\/p>\n<p> Le Monde Application  <\/p>\n<p> <a href=\"https:\/\/lamatinale.onelink.me\/gKMy\/ahw2ubr3\" class=\"inread__link js-services-inread-link\" target=\"_blank\" rel=\"nofollow noopener\">  <\/p>\n<p>La Matinale du Monde<\/p>\n<p>Chaque matin, retrouvez notre s\u00e9lection de 20 articles \u00e0 ne pas manquer <\/p>\n<p>T\u00e9l\u00e9charger l&rsquo;application<\/p>\n<p> <\/a>      <\/p>\n<p> Newsletter abonn\u00e9s  <\/p>\n<p> <a href=\"https:\/\/www.lemonde.fr\/newsletters\/international\/\" class=\"inread__link js-services-inread-link\" target=\"_blank\" rel=\"nofollow noopener\">  <\/p>\n<p>\u00ab International \u00bb<\/p>\n<p>L\u2019essentiel de l\u2019actualit\u00e9 internationale de la semaine<\/p>\n<p>S&rsquo;inscrire<\/p>\n<p> <\/a>             <\/p>\n<p class=\"article__paragraph  \">La juge a pr\u00e9cis\u00e9 que le tribunal ne mettait pas \u00ab\u00a0en doute la constitutionnalit\u00e9 de la loi sur les expulsions acc\u00e9l\u00e9r\u00e9es ni son application \u00e0 la fronti\u00e8re\u00a0\u00bb.<\/p>\n<p class=\"article__paragraph  \">L\u2019un des grands th\u00e8mes de campagne de M. Trump dans la course \u00e0 la Maison Blanche avait \u00e9t\u00e9 la promesse d\u2019expulsion de millions de migrants sans papiers.<\/p>\n<p class=\"article__paragraph  \">Mais son programme de renvois massifs a \u00e9t\u00e9 entrav\u00e9 par de nombreuses d\u00e9cisions judiciaires, notamment au motif que les personnes cibl\u00e9es devraient pouvoir faire valoir leur droit \u00e0 une proc\u00e9dure r\u00e9guli\u00e8re.<\/p>\n<p>                                       Lire aussi |  Article r\u00e9serv\u00e9 \u00e0 nos abonn\u00e9s  <a href=\"https:\/\/www.lemonde.fr\/international\/article\/2025\/07\/31\/aux-etats-unis-la-campagne-d-expulsions-massive-de-migrants-tourne-a-plein-regime_6625756_3210.html\" class=\"js-article-read-also catcher--favoris__link\" data-premium=\"1\" id=\"article-title-3432464\" rel=\"nofollow noopener\" target=\"_blank\">Aux Etats-Unis, la campagne d\u2019expulsions massive de migrants tourne \u00e0 plein r\u00e9gime<\/a>    <\/p>\n<p>   Lire plus tard  <\/p>\n<p class=\"author__detail\">  Le Monde avec AFP  <\/p>\n<p>                  <a href=\"https:\/\/www.lemonde.fr\/syndication\/\" class=\"reuse__content\" title=\"R\u00e9utiliser ce contenu\" target=\"_blank\" rel=\"nofollow noopener\">R\u00e9utiliser ce contenu<\/a>      <\/p>\n","protected":false},"excerpt":{"rendered":"Des migrants mexicains, r\u00e9cemment expuls\u00e9s apr\u00e8s avoir \u00e9t\u00e9 appr\u00e9hend\u00e9s par le service am\u00e9ricain de l\u2019immigration et des douanes,&hellip;\n","protected":false},"author":2,"featured_media":354214,"comment_status":"","ping_status":"","sticky":false,"template":"","format":"standard","meta":{"footnotes":""},"categories":[1589],"tags":[11,73,1866,12,1864,1865,1863,308],"class_list":{"0":"post-354213","1":"post","2":"type-post","3":"status-publish","4":"format-standard","5":"has-post-thumbnail","7":"category-etats-unis","8":"tag-actualites","9":"tag-etats-unis","10":"tag-etats-unis-damerique","11":"tag-news","12":"tag-united-states","13":"tag-united-states-of-america","14":"tag-us","15":"tag-usa"},"share_on_mastodon":{"url":"https:\/\/pubeurope.com\/@fr\/115116925716238903","error":""},"_links":{"self":[{"href":"https:\/\/www.europesays.com\/fr\/wp-json\/wp\/v2\/posts\/354213","targetHints":{"allow":["GET"]}}],"collection":[{"href":"https:\/\/www.europesays.com\/fr\/wp-json\/wp\/v2\/posts"}],"about":[{"href":"https:\/\/www.europesays.com\/fr\/wp-json\/wp\/v2\/types\/post"}],"author":[{"embeddable":true,"href":"https:\/\/www.europesays.com\/fr\/wp-json\/wp\/v2\/users\/2"}],"replies":[{"embeddable":true,"href":"https:\/\/www.europesays.com\/fr\/wp-json\/wp\/v2\/comments?post=354213"}],"version-history":[{"count":0,"href":"https:\/\/www.europesays.com\/fr\/wp-json\/wp\/v2\/posts\/354213\/revisions"}],"wp:featuredmedia":[{"embeddable":true,"href":"https:\/\/www.europesays.com\/fr\/wp-json\/wp\/v2\/media\/354214"}],"wp:attachment":[{"href":"https:\/\/www.europesays.com\/fr\/wp-json\/wp\/v2\/media?parent=354213"}],"wp:term":[{"taxonomy":"category","embeddable":true,"href":"https:\/\/www.europesays.com\/fr\/wp-json\/wp\/v2\/categories?post=354213"},{"taxonomy":"post_tag","embeddable":true,"href":"https:\/\/www.europesays.com\/fr\/wp-json\/wp\/v2\/tags?post=354213"}],"curies":[{"name":"wp","href":"https:\/\/api.w.org\/{rel}","templated":true}]}}