{"id":354217,"date":"2025-08-30T09:08:13","date_gmt":"2025-08-30T09:08:13","guid":{"rendered":"https:\/\/www.europesays.com\/fr\/354217\/"},"modified":"2025-08-30T09:08:13","modified_gmt":"2025-08-30T09:08:13","slug":"allemagne-un-taux-de-chomage-le-plus-eleve-depuis-10-ans","status":"publish","type":"post","link":"https:\/\/www.europesays.com\/fr\/354217\/","title":{"rendered":"Allemagne: un taux de ch\u00f4mage le plus \u00e9lev\u00e9 depuis 10\u00a0ans"},"content":{"rendered":"<p>March\u00e9 du travail \u2013 <\/p>\n<p>L\u2019Allemagne enregistre son taux de ch\u00f4mage le plus \u00e9lev\u00e9 depuis 10\u00a0ans<\/p>\n<p class=\"ContentHead_lead____SsS link_regular__O0hk0 link_externalicon-big__ZdPgo link_externalicon__qcwXs\">Le nombre de personnes sans emploi a d\u00e9pass\u00e9 les 3\u00a0millions en ao\u00fbt: du jamais vu depuis 2015. L\u2019appel aux r\u00e9formes s\u2019intensifie.<\/p>\n<p>Publi\u00e9 aujourd\u2019hui \u00e0 10h13<\/p>\n<p><img decoding=\"async\" loading=\"eager\" fetchpriority=\"high\" src=\"https:\/\/www.europesays.com\/fr\/wp-content\/uploads\/2025\/08\/7WVXNOLnKOgAXdDU_s82s2.jpg\" alt=\"Logo de l\u2019agence pour l\u2019emploi sur la fa\u00e7ade d\u2019un b\u00e2timent \u00e0 Dortmund, Allemagne, avril 2025.\" title=\"Logo de l\u2019agence pour l\u2019emploi sur la fa\u00e7ade d\u2019un b\u00e2timent \u00e0 Dortmund, Allemagne, avril 2025.\" class=\"ResponsiveImage_root__ZDz10 responsive-image\" style=\"background-color:#8A8383\"\/><\/p>\n<p>Depuis mai 2022, le ch\u00f4mage a augment\u00e9 r\u00e9guli\u00e8rement, passant d\u2019un point bas de 2,2\u00a0millions de personnes sans emploi \u00e0 plus de 3\u00a0millions en 2025.<\/p>\n<p>AFP\/INA FASSBENDER<\/p>\n<p>Abonnez-vous d\u00e8s maintenant et profitez de la fonction de lecture audio.<a href=\"https:\/\/bottalk.io\/\" class=\"BottalkPaywall_bottalklink__KDtuf\" target=\"_blank\" rel=\"noreferrer nofollow noopener\">BotTalk<\/a><\/p>\n<p class=\"ArticleParagraph_root__lhFZo ArticleContainer_content-width__FRl7F link_focus__0ZMwx link_externalicon-big__ZdPgo link_externalicon__qcwXs ArticleElement_article-element__q93eL\">Le nombre de ch\u00f4meurs en <a class=\"HtmlText_root__A1OSq\" href=\"https:\/\/www.24heures.ch\/berlin-limoge-le-patron-de-la-deutsche-bahn-critiquee-pour-ses-trains-en-retard-941292964683\" rel=\"nofollow noopener\" target=\"_blank\">Allemagne<\/a> a d\u00e9pass\u00e9 les 3\u00a0millions en ao\u00fbt, un seuil symbolique jamais atteint depuis 2015, qui alerte sur la n\u00e9cessit\u00e9 de r\u00e9formes pour relancer la premi\u00e8re \u00e9conomie europ\u00e9enne. Selon les donn\u00e9es publi\u00e9es vendredi par l\u2019<a href=\"https:\/\/www.arbeitsagentur.de\/news\/arbeitsmarkt#accordion1220731756449538\" class=\"HtmlText_root__A1OSq\" target=\"_blank\" rel=\"noopener noreferrer nofollow\">Agence pour l\u2019emploi<\/a>, le ch\u00f4mage a augment\u00e9 de 45\u00a0700 personnes sur un mois, portant le total \u00e0 3,03\u00a0millions de sans-emploi.<\/p>\n<p class=\"ArticleParagraph_root__lhFZo ArticleContainer_content-width__FRl7F link_focus__0ZMwx link_externalicon-big__ZdPgo link_externalicon__qcwXs ArticleElement_article-element__q93eL\">La pause estivale explique en partie cette mauvaise statistique, car, corrig\u00e9 des variations saisonni\u00e8res, le chiffre recule de 9000\u00a0personnes sur un mois et le taux de ch\u00f4mage se maintient \u00e0 6,3%.<\/p>\n<p class=\"ArticleParagraph_root__lhFZo ArticleContainer_content-width__FRl7F link_focus__0ZMwx link_externalicon-big__ZdPgo link_externalicon__qcwXs ArticleElement_article-element__q93eL\">Le march\u00e9 du travail allemand subit n\u00e9anmoins les effets combin\u00e9s d\u2019une stagnation \u00e9conomique prolong\u00e9e et de la pression internationale, aggrav\u00e9e par le conflit en Ukraine et les incertitudes mondiales. Ses co\u00fbts d\u2019\u00e9nergie en hausse ont \u00e9galement nui \u00e0 la comp\u00e9titivit\u00e9 des produits \u00abmade in Germany\u00bb.<\/p>\n<p class=\"ArticleParagraph_root__lhFZo ArticleContainer_content-width__FRl7F link_focus__0ZMwx link_externalicon-big__ZdPgo link_externalicon__qcwXs ArticleElement_article-element__q93eL\">Depuis mai 2022, le ch\u00f4mage a ainsi augment\u00e9 r\u00e9guli\u00e8rement, passant d\u2019un point bas de 2,2\u00a0millions de personnes sans emploi \u00e0 plus de 3\u00a0millions aujourd\u2019hui.<\/p>\n<p>Des r\u00e9formes exig\u00e9es<\/p>\n<p class=\"ArticleParagraph_root__lhFZo ArticleContainer_content-width__FRl7F link_focus__0ZMwx link_externalicon-big__ZdPgo link_externalicon__qcwXs ArticleElement_article-element__q93eL\">Ces trois millions de ch\u00f4meurs repr\u00e9sentent surtout \u00abun constat d\u2019\u00e9chec face au refus de r\u00e9formes de ces derni\u00e8res ann\u00e9es\u00bb, a r\u00e9agi Rainer Dulger, pr\u00e9sident de la F\u00e9d\u00e9ration allemande des employeurs (BDA). Pour lui, l\u2019Allemagne a besoin d\u2019un v\u00e9ritable \u00abautomne des r\u00e9formes\u00bb.<\/p>\n<p class=\"ArticleParagraph_root__lhFZo ArticleContainer_content-width__FRl7F link_focus__0ZMwx link_externalicon-big__ZdPgo link_externalicon__qcwXs ArticleElement_article-element__q93eL\">Apr\u00e8s un d\u00e9part poussif au printemps, le gouvernement de coalition dirig\u00e9 par le chancelier conservateur Friedrich Merz est attendu \u00e0 la rentr\u00e9e sur les r\u00e9formes promises, notamment fiscales et sociales, pour relancer une \u00e9conomie en berne.<\/p>\n<p class=\"ArticleParagraph_root__lhFZo ArticleContainer_content-width__FRl7F link_focus__0ZMwx link_externalicon-big__ZdPgo link_externalicon__qcwXs ArticleElement_article-element__q93eL\">\u00abLe vent contraire conjoncturel laisse toujours des traces sur le march\u00e9 du travail et n\u00e9cessite des mesures de riposte\u00bb, a reconnu la ministre sociale-d\u00e9mocrate du Travail, B\u00e4rbel Bas, dans un communiqu\u00e9.<\/p>\n<p class=\"ArticleParagraph_root__lhFZo ArticleContainer_content-width__FRl7F link_focus__0ZMwx link_externalicon-big__ZdPgo link_externalicon__qcwXs ArticleElement_article-element__q93eL\">Mme Bas a aussi mis en avant les efforts du gouvernement f\u00e9d\u00e9ral, qui a adopt\u00e9 des incitations \u00e0 l\u2019investissement et un plan de 500\u00a0milliards d\u2019euros pour les infrastructures \u2013 routes, ponts, b\u00e2timents \u2013 vieillissantes du pays.<\/p>\n<p>La d\u00e9gradation des effectifs s\u2019acc\u00e9l\u00e8re<\/p>\n<p class=\"ArticleParagraph_root__lhFZo ArticleContainer_content-width__FRl7F link_focus__0ZMwx link_externalicon-big__ZdPgo link_externalicon__qcwXs ArticleElement_article-element__q93eL\">Dans le secteur de la machine-outil, le directeur du lobby VDMA, Thilo Brodtmann, souligne que \u00absans diminution des d\u00e9penses sociales et r\u00e9formes concr\u00e8tes, la situation pourrait continuer \u00e0 se d\u00e9t\u00e9riorer\u00bb. Ce secteur vital pour l\u2019\u00e9conomie allemande cherche d\u2019urgence des travailleurs qualifi\u00e9s face au vieillissement d\u00e9mographique du pays.<\/p>\n<p class=\"ArticleParagraph_root__lhFZo ArticleContainer_content-width__FRl7F link_focus__0ZMwx link_externalicon-big__ZdPgo link_externalicon__qcwXs ArticleElement_article-element__q93eL\">Dans les autres pans de l\u2019industrie, la d\u00e9gradation des effectifs s\u2019acc\u00e9l\u00e8re: fin juin, l\u2019emploi y avait recul\u00e9 de 2,1% sur un an, soit environ 114\u00a0000 postes supprim\u00e9s. Depuis 2019, ce sont pr\u00e8s de 250\u00a0000 emplois qui ont disparu, a relev\u00e9 le cabinet EY. Dans l\u2019automobile, en pleine mutation vers l\u2019\u00e9lectrique, le recul est de 6,7% sur un an, soit 51\u00a0500 postes supprim\u00e9s, et plus de 112\u00a0000 depuis 2019, selon EY.<\/p>\n<p>Un taux loin des records des ann\u00e9es 2000<\/p>\n<p class=\"ArticleParagraph_root__lhFZo ArticleContainer_content-width__FRl7F link_focus__0ZMwx link_externalicon-big__ZdPgo link_externalicon__qcwXs ArticleElement_article-element__q93eL\">Stephanie Schoenwald, \u00e9conomiste chez KfW Research, relativise la situation, en rappelant que l\u2019Allemagne reste loin de ses niveaux records des ann\u00e9es 2000, avec 5\u00a0millions de ch\u00f4meurs et un taux de ch\u00f4mage tournant autour de 11\u201112%.<\/p>\n<p class=\"ArticleParagraph_root__lhFZo ArticleContainer_content-width__FRl7F link_focus__0ZMwx link_externalicon-big__ZdPgo link_externalicon__qcwXs ArticleElement_article-element__q93eL\">Ces chiffres avaient donn\u00e9 naissance aux r\u00e9formes Hartz, lanc\u00e9es entre 2003 et 2005, qui avaient durci nettement le syst\u00e8me d\u2019allocations ch\u00f4mage.<\/p>\n<p class=\"ArticleParagraph_root__lhFZo ArticleContainer_content-width__FRl7F link_focus__0ZMwx link_externalicon-big__ZdPgo link_externalicon__qcwXs ArticleElement_article-element__q93eL\">La reprise de l\u2019\u00e9conomie allemande \u00abattendue l\u2019an prochain\u00bb sugg\u00e8re \u00e0 elle seule que \u00ables chances d\u2019am\u00e9lioration du march\u00e9 du travail restent bonnes\u00bb, conclut Mme Schoenwald.<\/p>\n<p class=\"DynamicTeaser_boxtitle__B6piN\">Les derni\u00e8res nouvelles d\u2019Allemagne<\/p>\n<p>Newsletter<\/p>\n<p>\u00abDerni\u00e8res nouvelles\u00bb<\/p>\n<p>Vous voulez rester au top de l\u2019info? \u00ab24 heures\u00bb vous propose deux rendez-vous par jour, pour ne rien rater de ce qui se passe dans votre Canton, en Suisse ou dans le monde.<\/p>\n<p><a class=\"NewsletterBox_more__FNemz link_underlinelink__K5Zr0\" href=\"https:\/\/www.24heures.ch\/nos-newsletters\" rel=\"nofollow noopener\" target=\"_blank\">Autres newsletters<\/a><\/p>\n<p>Se connecter<\/p>\n<p class=\"ArticleContainer_agencies__g6Lpj ArticleContainer_content-width__FRl7F\">AFP<\/p>\n<p class=\"Feedback_root__fr_Mi ArticleContainer_content-width__FRl7F\">Vous avez trouv\u00e9 une erreur?<a href=\"mailto:tes_correction@tamedia.ch?subject=Avis%20d'erreur%20%7C%20L%E2%80%99Allemagne%20enregistre%20son%20taux%20de%20ch%C3%B4mage%20le%20plus%20%C3%A9lev%C3%A9%20depuis%2010%C2%A0ans&amp;body=J'ai%20trouv%C3%A9%20une%20erreur%20dans%20cet%20article%3A%20https%3A%2F%2Fwww.24heures.ch%2Fallemagne-un-taux-de-chomage-le-plus-eleve-depuis-10-ans-169483716590\" class=\"Feedback_feedbacklink__VyDCi link_underlinelink__K5Zr0\">Merci de nous la signaler.<\/a><\/p>\n<p>0 commentaires<\/p>\n","protected":false},"excerpt":{"rendered":"March\u00e9 du travail \u2013 L\u2019Allemagne enregistre son taux de ch\u00f4mage le plus \u00e9lev\u00e9 depuis 10\u00a0ans Le nombre de&hellip;\n","protected":false},"author":2,"featured_media":354218,"comment_status":"","ping_status":"","sticky":false,"template":"","format":"standard","meta":{"footnotes":""},"categories":[1587],"tags":[11,672,1804,1805,1803,1777,674,1801,12,1802],"class_list":{"0":"post-354217","1":"post","2":"type-post","3":"status-publish","4":"format-standard","5":"has-post-thumbnail","7":"category-allemagne","8":"tag-actualites","9":"tag-allemagne","10":"tag-bundesrepublik-deutschland","11":"tag-de","12":"tag-deutschland","13":"tag-eu","14":"tag-europe","15":"tag-germany","16":"tag-news","17":"tag-republique-federale-dallemagne"},"share_on_mastodon":{"url":"https:\/\/pubeurope.com\/@fr\/115116933368641448","error":""},"_links":{"self":[{"href":"https:\/\/www.europesays.com\/fr\/wp-json\/wp\/v2\/posts\/354217","targetHints":{"allow":["GET"]}}],"collection":[{"href":"https:\/\/www.europesays.com\/fr\/wp-json\/wp\/v2\/posts"}],"about":[{"href":"https:\/\/www.europesays.com\/fr\/wp-json\/wp\/v2\/types\/post"}],"author":[{"embeddable":true,"href":"https:\/\/www.europesays.com\/fr\/wp-json\/wp\/v2\/users\/2"}],"replies":[{"embeddable":true,"href":"https:\/\/www.europesays.com\/fr\/wp-json\/wp\/v2\/comments?post=354217"}],"version-history":[{"count":0,"href":"https:\/\/www.europesays.com\/fr\/wp-json\/wp\/v2\/posts\/354217\/revisions"}],"wp:featuredmedia":[{"embeddable":true,"href":"https:\/\/www.europesays.com\/fr\/wp-json\/wp\/v2\/media\/354218"}],"wp:attachment":[{"href":"https:\/\/www.europesays.com\/fr\/wp-json\/wp\/v2\/media?parent=354217"}],"wp:term":[{"taxonomy":"category","embeddable":true,"href":"https:\/\/www.europesays.com\/fr\/wp-json\/wp\/v2\/categories?post=354217"},{"taxonomy":"post_tag","embeddable":true,"href":"https:\/\/www.europesays.com\/fr\/wp-json\/wp\/v2\/tags?post=354217"}],"curies":[{"name":"wp","href":"https:\/\/api.w.org\/{rel}","templated":true}]}}