{"id":35422,"date":"2025-04-19T02:42:11","date_gmt":"2025-04-19T02:42:11","guid":{"rendered":"https:\/\/www.europesays.com\/fr\/35422\/"},"modified":"2025-04-19T02:42:11","modified_gmt":"2025-04-19T02:42:11","slug":"voici-ou-et-quand-ils-vont-tomber","status":"publish","type":"post","link":"https:\/\/www.europesays.com\/fr\/35422\/","title":{"rendered":"voici o\u00f9 et quand ils vont tomber"},"content":{"rendered":"<p>            Par<br \/>\n        <strong><br \/>\n            <a href=\"https:\/\/actu.fr\/auteur\/mareva-laville-actu-fr\" title=\"Consulter tous les articles de Mar\u00e9va Laville\" target=\"_blank\" rel=\"noopener\">Mar\u00e9va Laville<\/a><br \/>\n        <\/strong><\/p>\n<p>        Publi\u00e9 le<\/p>\n<p>            18 avr. 2025 \u00e0 17h56        <\/p>\n<p>C\u2019est confirm\u00e9. La <strong>Haute-Garonne<\/strong> est plac\u00e9e en<strong> vigilance jaune orages et avalanches<\/strong> samedi 19\u00a0avril 2025. <a href=\"https:\/\/actu.fr\/occitanie\/toulouse_31555\/toulouse-orages-intenses-grele-et-fortes-pluies-ce-qui-vous-attend-pour-ce-week-end-de-paques_62523368.html\" target=\"_blank\" rel=\"noopener\">Comme Actu Toulouse l\u2019annon\u00e7ait hier,<\/a> la foudre va frapper dans le d\u00e9partement en ce d\u00e9but de long week-end de P\u00e2ques. Et elle ne va pas faire semblant, d\u2019apr\u00e8s M\u00e9t\u00e9o France. Mais toute la Haute-Garonne sera-t-elle concern\u00e9e\u2009? <strong><a href=\"http:\/\/www.actu.fr\/toulouse\" target=\"_blank\" rel=\"noopener\">Toulouse<\/a> <\/strong>aussi\u2009? \u00c0 quel moment de la journ\u00e9e\u2009? Voici o\u00f9 et quand les orages tomberont.<\/p>\n<p class=\" wall-content\">\n<p>Du tonnerre en d\u00e9but d\u2019apr\u00e8s-midi<\/p>\n<p class=\" wall-content\">Alors que la pluie tombera d\u00e9j\u00e0 depuis le matin, l\u2019orage, quant \u00e0 lui, pointera le bout de ses \u00e9clairs en tout d\u00e9but d\u2019apr\u00e8s-midi. \u00ab\u2009On va avoir un risque orageux qui va <strong>d\u00e9buter vers 13\u00a0heures ou 14\u00a0heures<\/strong>\u2009\u00bb, estime l\u2019ing\u00e9nieur pr\u00e9visionniste Simon Rebouissoux. L\u2019\u00e9pisode devrait se conclure vers 16\u00a0heures ou 17\u00a0heures, indique l\u2019expert de M\u00e9t\u00e9o France.<\/p>\n<p class=\" wall-content\">\u00ab\u2009Apr\u00e8s, il pleuvra. Le <a href=\"https:\/\/actu.fr\/occitanie\/toulouse_31555\/programme-parcours-et-stationnement-interdit-tout-savoir-sur-le-carnaval-de-toulouse_62491338.html\" target=\"_blank\" rel=\"noopener\">carnaval de Toulouse<\/a> aura donc s\u00fbrement lieu sous la pluie, mais \u00e7a pourra se d\u00e9gager\u2009\u00bb, rench\u00e9rit-il. Pour rappel,<a href=\"https:\/\/actu.fr\/occitanie\/toulouse_31555\/programme-parcours-et-stationnement-interdit-tout-savoir-sur-le-carnaval-de-toulouse_62491338.html\" target=\"_blank\" rel=\"noopener\"> son coup d\u2019envoi est donn\u00e9 \u00e0 19h30.<\/a><\/p>\n<p>Le nord-est de la Haute-Garonne davantage touch\u00e9 que Toulouse<\/p>\n<p class=\" wall-content\">Car il reste encore un espoir que la Ville rose \u00e9chappe aux fortes intemp\u00e9ries. Selon Simon Rebouissoux, <strong>si \u00ab\u2009orages costauds\u2009\u00bb il y a, Toulouse sera concern\u00e9e en tout d\u00e9but d\u2019apr\u00e8s-midi<\/strong>. \u00ab\u2009Les horaires privil\u00e9gi\u00e9s seront entre 13\u00a0heures et 14\u00a0heures\u2009\u00bb, pr\u00e9cise-t-il. M\u00eame chose pour le centre de la Haute-Garonne, qui pourrait voir se former des cellules orageuses apr\u00e8s le d\u00e9jeuner.<\/p>\n<p class=\" wall-content\">Mais tr\u00e8s vite ensuite,<strong> le ph\u00e9nom\u00e8ne orageux circulera vers l\u2019est du d\u00e9partement.<\/strong> \u00ab\u2009C\u2019est le nord-est de la Haute-Garonne qui sera le plus touch\u00e9\u2009\u00bb, souligne Simon Rebouissoux. Direction <strong>la fronti\u00e8re avec le Tarn-et-Garonne<\/strong> mais surtout, celle <strong>avec le Tarn.<\/strong><\/p>\n<blockquote class=\"ac-article-quote wall-content\">\n<p>Le quart nord-est, c&rsquo;est l\u00e0 o\u00f9 ce sera le plus fort et le plus durable.<\/p>\n<p>    <strong>Simon Rebouissoux<\/strong><br \/>\n        pr\u00e9visionniste chez M\u00e9t\u00e9o France    <\/p><\/blockquote>\n<p>Vid\u00e9os : en ce moment sur ActuVent et gr\u00eale en suppl\u00e9ment<\/p>\n<p class=\" wall-content\">Dans ce secteur, un \u00ab\u2009beau\u2009\u00bb combo pourrait voir le jour\u2009: <strong>\u00e9clairs<\/strong>, <strong>vent<\/strong> et <strong>gr\u00eale<\/strong>. Des <strong>rafales allant jusqu\u2019\u00e0 70 ou 80\u00a0km\/h<\/strong> sont attendues, tout comme des chutes de gr\u00eale. Pour ce qui est de l\u2019activit\u00e9 \u00e9lectrique, \u00ab\u2009elle sera intense au d\u00e9but et au fil du temps, elle s\u2019att\u00e9nuera et \u00e7a deviendra davantage pluvieux\u2009\u00bb. La pluie apr\u00e8s la temp\u00eate\u2026 en fin d\u2019apr\u00e8s-midi.<\/p>\n<p>      <img   decoding=\"async\" loading=\"lazy\" src=\"https:\/\/www.europesays.com\/fr\/wp-content\/uploads\/2025\/04\/meteo-haute-garonne-960x640.png\" alt=\"Voici la carte des pr\u00e9visions de M\u00e9t\u00e9o France pour ce samedi 19 avril 2025 apr\u00e8s-midi en Haute-Garonne.\" width=\"960\" height=\"640\"\/><br \/>\n    Voici la carte des pr\u00e9visions de M\u00e9t\u00e9o France pour ce samedi 19\u00a0avril 2025 apr\u00e8s-midi en Haute-Garonne. (\u00a9Capture d\u2019\u00e9cran M\u00e9t\u00e9o France)Comment expliquer cet orage brutal\u2009?<\/p>\n<p class=\" wall-content\">L\u2019arriv\u00e9e brutale de ces orages n\u2019est pas anodine. \u00ab\u2009C\u2019est la conjonction de plusieurs ingr\u00e9dients\u2009\u00bb, explique le pr\u00e9visionniste de <a href=\"https:\/\/actu.fr\/tag\/meteo-france\" target=\"_blank\" rel=\"noopener\">M\u00e9t\u00e9o France.<\/a> Au sud du d\u00e9partement, dans les <strong>Pyr\u00e9n\u00e9es<\/strong>, la <strong>goutte froide<\/strong> <a href=\"https:\/\/actu.fr\/occitanie\/castillon-de-larboust_31123\/videos-l-improbable-retour-de-la-neige-dans-les-pyrenees-jusqu-a-30-cm-en-haute-altitude_62519710.html\" target=\"_blank\" rel=\"noopener\">\u2013 qui a notamment provoqu\u00e9 de grosses chutes de neige \u2013<\/a> force la masse d\u2019air, tandis qu\u2019au sol, \u00ab\u2009on a de l\u2019air humide et instable\u2009\u00bb.<\/p>\n<p class=\" wall-content\">\u00c0 cela, il faut ajouter<strong> une rencontre entre un vent d\u2019ouest et le vent d\u2019autan,<\/strong> alias \u00ab\u2009vent qui rend fou\u2009\u00bb, qui \u00ab\u2009fait monter l\u2019air et favorise les orages\u2009\u00bb. Avec une cr\u00e9ation aussi rapide que leur dur\u00e9e. Une bonne nouvelle, a minima pour le carnaval de Toulouse. Les coureurs de l\u2019Urban Trail qui partent \u00e0 14\u00a0heures, eux, croisent les doigts..<\/p>\n<p class=\" wall-content\">Suivez toute l\u2019actualit\u00e9 de vos villes et m\u00e9dias favoris en vous inscrivant \u00e0 <a href=\"https:\/\/moncompte.actu.fr\" title=\"D\u00e9couvez Mon Actu\" rel=\"nofollow noopener\" data-trk=\"{&quot;cta&quot;:{&quot;action&quot;:&quot;https:\\\/\\\/moncompte.actu.fr&quot;,&quot;category&quot;:&quot;mon compte&quot;,&quot;from&quot;:&quot;article footer&quot;,&quot;name&quot;:&quot;Mon actu&quot;,&quot;type&quot;:&quot;cta&quot;}}\" target=\"_blank\">Mon Actu<\/a>.<\/p>\n","protected":false},"excerpt":{"rendered":"Par Mar\u00e9va Laville Publi\u00e9 le 18 avr. 2025 \u00e0 17h56 C\u2019est confirm\u00e9. La Haute-Garonne est plac\u00e9e en vigilance&hellip;\n","protected":false},"author":2,"featured_media":35423,"comment_status":"","ping_status":"","sticky":false,"template":"","format":"standard","meta":{"footnotes":""},"categories":[4],"tags":[11,1011,27,2357,12,4594,25,104],"class_list":{"0":"post-35422","1":"post","2":"type-post","3":"status-publish","4":"format-standard","5":"has-post-thumbnail","7":"category-france","8":"tag-actualites","9":"tag-fr","10":"tag-france","11":"tag-meteo-france","12":"tag-news","13":"tag-orages","14":"tag-republique-francaise","15":"tag-societe"},"share_on_mastodon":{"url":"https:\/\/pubeurope.com\/@fr\/114362328264526667","error":""},"_links":{"self":[{"href":"https:\/\/www.europesays.com\/fr\/wp-json\/wp\/v2\/posts\/35422","targetHints":{"allow":["GET"]}}],"collection":[{"href":"https:\/\/www.europesays.com\/fr\/wp-json\/wp\/v2\/posts"}],"about":[{"href":"https:\/\/www.europesays.com\/fr\/wp-json\/wp\/v2\/types\/post"}],"author":[{"embeddable":true,"href":"https:\/\/www.europesays.com\/fr\/wp-json\/wp\/v2\/users\/2"}],"replies":[{"embeddable":true,"href":"https:\/\/www.europesays.com\/fr\/wp-json\/wp\/v2\/comments?post=35422"}],"version-history":[{"count":0,"href":"https:\/\/www.europesays.com\/fr\/wp-json\/wp\/v2\/posts\/35422\/revisions"}],"wp:featuredmedia":[{"embeddable":true,"href":"https:\/\/www.europesays.com\/fr\/wp-json\/wp\/v2\/media\/35423"}],"wp:attachment":[{"href":"https:\/\/www.europesays.com\/fr\/wp-json\/wp\/v2\/media?parent=35422"}],"wp:term":[{"taxonomy":"category","embeddable":true,"href":"https:\/\/www.europesays.com\/fr\/wp-json\/wp\/v2\/categories?post=35422"},{"taxonomy":"post_tag","embeddable":true,"href":"https:\/\/www.europesays.com\/fr\/wp-json\/wp\/v2\/tags?post=35422"}],"curies":[{"name":"wp","href":"https:\/\/api.w.org\/{rel}","templated":true}]}}