{"id":354224,"date":"2025-08-30T09:12:11","date_gmt":"2025-08-30T09:12:11","guid":{"rendered":"https:\/\/www.europesays.com\/fr\/354224\/"},"modified":"2025-08-30T09:12:11","modified_gmt":"2025-08-30T09:12:11","slug":"edon-zhegrova-et-les-autres-le-point-sur-les-dossiers-chauds-du-mercato","status":"publish","type":"post","link":"https:\/\/www.europesays.com\/fr\/354224\/","title":{"rendered":"Edon Zhegrova et les autres&#8230; le point sur les dossiers chauds du mercato"},"content":{"rendered":"<p>68\u00a0heures chrono. Marque prise ce samedi minuit. Au r\u00e9veil, <a href=\"https:\/\/www.laprovence.com\/article\/om\/1039671722368614\/mercato-om-ceballos-ordonez-emerson-traore-nouveau-coup-de-chaud-a-quelques-jours-de-la-cloture-du-marche\" target=\"_blank\" rel=\"noopener\">dans le sablier, le sable s&rsquo;\u00e9coule toujours<\/a>. Moins de trois jours, bient\u00f4t plus que deux pour boucler le mercato. D&rsquo;ici ce lundi 1er\u00a0septembre (20h), les dirigeants marseillais ont beaucoup \u00e0 faire. Des miracles diront les pessimistes, alors que l&rsquo;argent manque et que Roberto De Zerbi d\u00e9sire toujours \u00ab\u00a0quatre, cinq, peut-\u00eatre six joueurs\u00a0\u00bb, <a href=\"https:\/\/www.laprovence.com\/article\/om\/382532030404914\/mercato-om-le-club-officialise-larrivee-dhamed-junior-traore\" target=\"_blank\" rel=\"noopener\">moins Hamed Junior Traor\u00e9, dernier venu<\/a>. \u00ab\u00a0J&rsquo;ai confiance en le club, en Pablo, en Medhi, qui travaille tr\u00e8s bien\u00a0\u00bb, s&rsquo;est content\u00e9 de pr\u00e9ciser le technicien lombard, interrog\u00e9 sur sa liste au P\u00e8re No\u00ebl.<\/p>\n<p>Sur les hauteurs de la Commanderie, au volant (vive le kit mains libres), dans les airs, les t\u00e9l\u00e9phones du tandem Longoria-Benatia chauffent comme jamais cet \u00e9t\u00e9. Hors cessions (Maupay, Harit, Cornelius, Lirola, Ounahi&#8230;), une trentaine de dossiers sont sur le feu pour, dit-on, parer \u00e0 toutes \u00e9ventualit\u00e9s. Hasard ou co\u00efncidence, Medhi Benatia, qui d&rsquo;habitude ne loupe aucune miette des s\u00e9ances orchestr\u00e9es par \u00ab\u00a0Roby\u00a0\u00bb, d&rsquo;autant plus \u00e0 l&rsquo;approche des grands rendez-vous, a \u00e9t\u00e9 le grand absent du d\u00e9but d&rsquo;entra\u00eenement ouvert \u00e0 la presse. Hier midi, l&rsquo;urgence requ\u00e9rait sa pr\u00e9sence ailleurs qu&rsquo;au lo&#8230;<\/p>\n","protected":false},"excerpt":{"rendered":"68\u00a0heures chrono. Marque prise ce samedi minuit. Au r\u00e9veil, dans le sablier, le sable s&rsquo;\u00e9coule toujours. Moins de&hellip;\n","protected":false},"author":2,"featured_media":354225,"comment_status":"","ping_status":"","sticky":false,"template":"","format":"standard","meta":{"footnotes":""},"categories":[2],"tags":[17,11,49037,49036,1011,27,151,1434,12,149,3948,25,34853],"class_list":{"0":"post-354224","1":"post","2":"type-post","3":"status-publish","4":"format-standard","5":"has-post-thumbnail","7":"category-actualites","8":"tag-17","9":"tag-actualites","10":"tag-autres","11":"tag-edon","12":"tag-fr","13":"tag-france","14":"tag-les","15":"tag-mercato","16":"tag-news","17":"tag-om","18":"tag-point","19":"tag-republique-francaise","20":"tag-zhegrova"},"share_on_mastodon":{"url":"https:\/\/pubeurope.com\/@fr\/115116949064728436","error":""},"_links":{"self":[{"href":"https:\/\/www.europesays.com\/fr\/wp-json\/wp\/v2\/posts\/354224","targetHints":{"allow":["GET"]}}],"collection":[{"href":"https:\/\/www.europesays.com\/fr\/wp-json\/wp\/v2\/posts"}],"about":[{"href":"https:\/\/www.europesays.com\/fr\/wp-json\/wp\/v2\/types\/post"}],"author":[{"embeddable":true,"href":"https:\/\/www.europesays.com\/fr\/wp-json\/wp\/v2\/users\/2"}],"replies":[{"embeddable":true,"href":"https:\/\/www.europesays.com\/fr\/wp-json\/wp\/v2\/comments?post=354224"}],"version-history":[{"count":0,"href":"https:\/\/www.europesays.com\/fr\/wp-json\/wp\/v2\/posts\/354224\/revisions"}],"wp:featuredmedia":[{"embeddable":true,"href":"https:\/\/www.europesays.com\/fr\/wp-json\/wp\/v2\/media\/354225"}],"wp:attachment":[{"href":"https:\/\/www.europesays.com\/fr\/wp-json\/wp\/v2\/media?parent=354224"}],"wp:term":[{"taxonomy":"category","embeddable":true,"href":"https:\/\/www.europesays.com\/fr\/wp-json\/wp\/v2\/categories?post=354224"},{"taxonomy":"post_tag","embeddable":true,"href":"https:\/\/www.europesays.com\/fr\/wp-json\/wp\/v2\/tags?post=354224"}],"curies":[{"name":"wp","href":"https:\/\/api.w.org\/{rel}","templated":true}]}}