{"id":354228,"date":"2025-08-30T09:14:15","date_gmt":"2025-08-30T09:14:15","guid":{"rendered":"https:\/\/www.europesays.com\/fr\/354228\/"},"modified":"2025-08-30T09:14:15","modified_gmt":"2025-08-30T09:14:15","slug":"tres-emu-mike-lorenzo-vera-tire-sa-reverence-apres-un-dernier-tour-de-piste-a-crans","status":"publish","type":"post","link":"https:\/\/www.europesays.com\/fr\/354228\/","title":{"rendered":"Tr\u00e8s \u00e9mu, Mike Lorenzo-Vera tire sa r\u00e9v\u00e9rence apr\u00e8s un dernier tour de piste \u00e0 Crans"},"content":{"rendered":"<p>\t\t\t\t\t\t<img width=\"770\" height=\"556\" src=\"https:\/\/www.europesays.com\/fr\/wp-content\/uploads\/2025\/08\/mike-lorenzo-vera-adieu-reverence-770x556.jpg\" class=\"img-responsive wp-post-image\" alt=\"Mike Lorenzo-Vera Photo by Stuart Franklin\/Getty Images\" decoding=\"async\" fetchpriority=\"high\"  \/>\t\t\t\t\t<\/p>\n<p>\t\t\t\t\t\t Partager cet article <\/p>\n<p class=\"screen-reader-text juiz_sps_maybe_hidden_text\">Partager la publication \u00ab\u00a0Tr\u00e8s \u00e9mu, Mike Lorenzo-Vera tire sa r\u00e9v\u00e9rence apr\u00e8s un dernier tour de piste \u00e0 Crans\u00a0\u00bb<\/p>\n<p><strong>A 40 ans, le Biarrot Mike Lorenzo-Vera a fait des adieux \u00e9mouvants au monde du golf professionnel ce vendredi \u00e0 Crans sur Sierre, apr\u00e8s une carri\u00e8re riche en \u00e9motions, au cours de laquelle il aura s\u00e9duit autant par son jeu flamboyant que par son franc-parler.<\/strong><\/p>\n<p>Cette fois c\u2019est fini. On ne reverra plus <strong>Michael Lorenzo-Vera<\/strong> en comp\u00e9tition dans un tournoi du <strong>DP World Tour<\/strong>. Le Fran\u00e7ais a bel et bien tir\u00e9 sa r\u00e9v\u00e9rence vendredi \u00e0 Crans Sur Sierre lors de l\u2019<strong>Omega European Masters<\/strong>.<\/p>\n<p>Entour\u00e9 de ses enfants sur le dernier trou, celui que tout le monde avait fini par appeler \u201cMike\u201d a mis un terme \u00e0 pr\u00e8s de 20 ans de carri\u00e8re au plus haut niveau, avec 285 tournois jou\u00e9s sur le DP World tour et 119 sur le Challenge Tour.<\/p>\n<blockquote class=\"instagram-media\" style=\"background: #FFF; border: 0; border-radius: 3px; box-shadow: 0 0 1px 0 rgba(0,0,0,0.5),0 1px 10px 0 rgba(0,0,0,0.15); margin: 1px; max-width: 540px; min-width: 326px; padding: 0; width: calc(100% - 2px);\" data-instgrm-captioned=\"\" data-instgrm-permalink=\"https:\/\/www.instagram.com\/reel\/DN84qfCjC7S\/?utm_source=ig_embed&amp;utm_campaign=loading\" data-instgrm-version=\"14\">\n<\/blockquote>\n<p>C\u2019est en avril 2025 quant il r\u00e9alise ne plus avoir la flamme et qu\u2019il ressent le d\u00e9sir de tourner la page que <strong>MLV<\/strong> a choisi de dire \u201cstop\u201c.<\/p>\n<p>Une d\u00e9cision murement r\u00e9fl\u00e9chie apr\u00e8s avoir connu de graves probl\u00e8mes de sant\u00e9 mentale ces derni\u00e8res ann\u00e9es, le poussant \u00e0 prendre du recul en fin d\u2019ann\u00e9e 2024. Suivi par le m\u00e9decin du DP World Tour <strong>Andrew Murray<\/strong>, il reste \u00e9loign\u00e9 plusieurs mois des fairways. Son retour r\u00e9ussi sur le circuit d\u00e9but 2025 \u00e0 Duba\u00ef n\u2019aura finalement pas suffi \u00e0 le d\u00e9cider \u00e0 poursuivre.<\/p>\n<p>\t\t\t\t\t<a id=\"181442\" href=\"https:\/\/www.formigolf.fr\/voyage-pays~fairplay_golf__spa_resort_5etoiles_cadiz~199~espagne\" target=\"_blank\" rel=\"sponsorised nofollow noopener\"><img decoding=\"async\" src=\"data:image\/svg+xml,%3Csvg%20xmlns=\" http:=\"\" class=\"img-responsive\" alt=\"\" data-lazy-src=\"https:\/\/www.europesays.com\/fr\/wp-content\/uploads\/2025\/08\/formigolf-e08-andalousie-cadiz-1170x275-1.gif\"\/><\/a><br \/>\nUne ascension par \u00e9tape<\/p>\n<p>Au cours de sa riche carri\u00e8re, Mike avoue n\u2019avoir qu\u2019un \u201cgros\u201d regret. Celui de ne pas avoir r\u00e9ussi \u00e0 s\u2019imposer dans un tournoi du DP World Tour. Pourtant le Basque a gout\u00e9 tr\u00e8s t\u00f4t au succ\u00e8s.<\/p>\n<p>D\u00e8s sa premi\u00e8re ann\u00e9e compl\u00e8te sur le Challenge Tour, \u00e0 22 ans en 2007, il s\u2019impose dans la Grande Finale en Italie et termine premier de l\u2019ordre du m\u00e9rite. En fin d\u2019ann\u00e9e, il signe son premier top 10 sur le grand circuit europ\u00e9en en prenant la 9e place de l\u2019<strong>Alfred Dunhill Championship<\/strong> \u00e0 Leopard Creek.<\/p>\n<p>Quelques mois plus tard, il termine deuxi\u00e8me de l\u2019Open de Chine et encha\u00eene quelques bons r\u00e9sultats pour clore sa premi\u00e8re saison dans l\u2019\u00e9lite \u00e0 une honorable 108e place. La deuxi\u00e8me ann\u00e9e est plus compliqu\u00e9e et le Fran\u00e7ais redescend quelques ann\u00e9es \u00e0 l\u2019\u00e9tage inf\u00e9rieur.<\/p>\n<p><strong>En 2015<\/strong> il est de retour sur le DP World Tour et signe deux top 10, dont une belle 6e place \u00e0 l\u2019Open de France. Cette ann\u00e9e-l\u00e0 est aussi terriblement douloureuse pour \u201cMike\u201d qui apprend le d\u00e9\u00e8s de son p\u00e8re \u201cUrbano\u201d alors qu\u2019il prend le d\u00e9part de l\u2019Omega European Masters.<\/p>\n<p>Si <strong>en 2017<\/strong> il r\u00e9alise une belle saison avec 5 top 10, et notamment <strong>une 3e place \u00e0 l\u2019Open de France<\/strong> (son meilleur r\u00e9sultat \u00e0 Paris), c\u2019est <strong>en 2018<\/strong> qu\u2019il s\u2019approche \u00e0 nouveau d\u2019un premier sacre dans l\u2019\u00e9lite.<\/p>\n<p>Il termine deuxi\u00e8me de l\u2019Open de Sicile et de retour \u00e0 Crans, il est en t\u00eate du tournoi jusqu\u2019\u00e0 l\u2019entame du dernier tiers du dernier tour. <a href=\"https:\/\/www.golfplanete.com\/actualites\/mike-lorenzo-vera-aimerait-bien-pouvoir-rejouer-deux-coups\/?utm_source=chatgpt.com\" rel=\"nofollow noopener\" target=\"_blank\">Un coup du sort sur le 14<\/a> l\u2019oblige \u00e0 se contenter de la troisi\u00e8me place \u00e0 deux coups de <strong>Matt Fitzpatrick<\/strong> avec qui il partageait la derni\u00e8re partie.<\/p>\n<p>Inoubliable ann\u00e9e 2019<\/p>\n<p>A son apog\u00e9e golfique, MLV r\u00e9ussit l\u2019ann\u00e9e suivante sa saison la plus aboutie. En mars au Qatar, il est de nouveau dans le coup pour la victoire mais le tricolore manque encore d\u2019un rien la derni\u00e8re marche en faisant un mauvais calcul au 18.<\/p>\n<p>Il encha\u00eene avec une 5e place en Chine et une <strong>2e place dans l\u2019Andalucia Masters<\/strong>. Entre temps, il signe en mai son meilleur r\u00e9sultat en Majeur dans le<strong> PGA Championship<\/strong> \u00e0 Bethpage !<\/p>\n<p>Seul Fran\u00e7ais pr\u00e9sent au d\u00e9part, il boucle son premier tour en 68 et s\u2019installe \u00e0 la 4e place. Le leader et futur vainqueur est <strong>Brooks Koepka<\/strong> auteur d\u2019une carte de 63.<\/p>\n<p>Un peu moins \u00e0 son avantage lors des deux tours suivants, \u201cMike\u201d termine en beaut\u00e9 en battant \u00e0 nouveau le redoutable parcours de Long Island et s\u2019empare de la 16e place.<\/p>\n<p>Apr\u00e8s deux autres top 10, en Irlande et encore en Suisse, le Fran\u00e7ais se qualifie pour sa troisi\u00e8me finale de la Race cons\u00e9cutive \u00e0 Duba\u00ef o\u00f9 il va de nouveau fr\u00f4ler l\u2019exploit.<\/p>\n<p>En t\u00eate devant <strong>Rory McIloy, Jon Rahm <\/strong>et<strong> Tommy Fleetwood<\/strong>, au soir de la premi\u00e8re journ\u00e9e gr\u00e2ce \u00e0 une carte de 63, Lorenzo-Vera ne va plus quitter la derni\u00e8re partie.<\/p>\n<p>Lors du deuxi\u00e8me tour, il domine l\u2019Irlandais du Nord. Dans le troisi\u00e8me acte, il signe encore un meilleur score que son partenaire du jour, l\u2019Anglais Tommy Fleetwood. Et dans le 4e et dernier tour, il finit par s\u2019incliner face \u00e0 Jon Rahm non sans avoir d\u00e9m\u00e9rit\u00e9. Sa troisi\u00e8me place lui permet de finir la saison en beaut\u00e9 \u00e0 la 19e place de la Race to Duba\u00ef.<\/p>\n<p><img loading=\"lazy\" decoding=\"async\" class=\"size-full wp-image-183893 alignnone\" src=\"data:image\/svg+xml,%3Csvg%20xmlns=\" http:=\"\" alt=\"Mike Lorenzo-Vera Photo by Stuart Franklin\/Getty Images\" width=\"770\" height=\"521\" data-lazy- data-lazy- data-lazy-src=\"https:\/\/www.europesays.com\/fr\/wp-content\/uploads\/2025\/08\/mike-lorenzo-vera-adieu-reverence-cadeau.jpg\"\/><\/p>\n<p>\t\t\t\t\t<a id=\"179385\" href=\"https:\/\/tickets.europeantour.com\/eut\/#\/c6906933-bb43-434b-a22d-0ae172a572d4\/shop\/custom-pack?fac=EUT&amp;locale=fr&amp;skin=pgaetodf&amp;utm_campaign=ODF&amp;utm_content=Ticketing&amp;utm_medium=Web&amp;utm_source=Partner&amp;utm_term=PavonGolfPlanete\" target=\"_blank\" rel=\"sponsorised nofollow noopener\"><img decoding=\"async\" src=\"data:image\/svg+xml,%3Csvg%20xmlns=\" http:=\"\" class=\"img-responsive\" alt=\"\" data-lazy-src=\"https:\/\/www.europesays.com\/fr\/wp-content\/uploads\/2025\/07\/opendefrance-e03-plateau-1407-1170x275-1.jpg\"\/><\/a><br \/>\nLa sant\u00e9 avant tout<\/p>\n<p>La suite est nettement moins \u201crose\u201d pour le Fran\u00e7ais qui ressent les premiers sympt\u00f4mes de ses probl\u00e8mes de sant\u00e9 mentale dans les ann\u00e9es post-covid. Il doit repasser par les cartes fin 2022 pour garder son droit de jeu et ne parvient plus \u00e0 tutoyer les sommets comme par le pass\u00e9.<\/p>\n<p><a href=\"https:\/\/www.golfplanete.com\/actualites\/mike-lorenzo-vera-devoile-quil-a-eu-des-crises-de-paniques-et-a-cru-mourir\/\" rel=\"nofollow noopener\" target=\"_blank\">Il lutte contre les crises de panique<\/a>, souffre d\u2019angoisse et disparait logiquement du haut des classements. Une situation qui ne lui permet plus de se nourrir de la comp\u00e9tition avec le d\u00e9sir br\u00fblant d\u2019\u00eatre le meilleur et qui le pousse <a href=\"https:\/\/www.golfplanete.com\/actualites\/mike-lorenzo-vera-jai-envie-de-faire-autre-chose-de-ma-vie\/\" rel=\"nofollow noopener\" target=\"_blank\">\u00e0 se tourner vers d\u2019autres projets, \u00e0 faire autre chose de sa vie.\u00a0<\/a><\/p>\n<p>Toute la r\u00e9daction de Golf Plan\u00e8te et ses lecteurs souhaitent le meilleur pour la suite \u00e0 un Mike tr\u00e8s \u00e9mu au moment d\u2019adresser un dernier au revoir aux spectateurs.<\/p>\n<p>\t\t\t<script async src=\"\/\/www.instagram.com\/embed.js\"><\/script><\/p>\n","protected":false},"excerpt":{"rendered":"Partager cet article Partager la publication \u00ab\u00a0Tr\u00e8s \u00e9mu, Mike Lorenzo-Vera tire sa r\u00e9v\u00e9rence apr\u00e8s un dernier tour de&hellip;\n","protected":false},"author":2,"featured_media":354229,"comment_status":"","ping_status":"","sticky":false,"template":"","format":"standard","meta":{"footnotes":""},"categories":[1418],"tags":[1011,27,1472,60],"class_list":{"0":"post-354228","1":"post","2":"type-post","3":"status-publish","4":"format-standard","5":"has-post-thumbnail","7":"category-golf","8":"tag-fr","9":"tag-france","10":"tag-golf","11":"tag-sports"},"share_on_mastodon":{"url":"https:\/\/pubeurope.com\/@fr\/115116957312813349","error":""},"_links":{"self":[{"href":"https:\/\/www.europesays.com\/fr\/wp-json\/wp\/v2\/posts\/354228","targetHints":{"allow":["GET"]}}],"collection":[{"href":"https:\/\/www.europesays.com\/fr\/wp-json\/wp\/v2\/posts"}],"about":[{"href":"https:\/\/www.europesays.com\/fr\/wp-json\/wp\/v2\/types\/post"}],"author":[{"embeddable":true,"href":"https:\/\/www.europesays.com\/fr\/wp-json\/wp\/v2\/users\/2"}],"replies":[{"embeddable":true,"href":"https:\/\/www.europesays.com\/fr\/wp-json\/wp\/v2\/comments?post=354228"}],"version-history":[{"count":0,"href":"https:\/\/www.europesays.com\/fr\/wp-json\/wp\/v2\/posts\/354228\/revisions"}],"wp:featuredmedia":[{"embeddable":true,"href":"https:\/\/www.europesays.com\/fr\/wp-json\/wp\/v2\/media\/354229"}],"wp:attachment":[{"href":"https:\/\/www.europesays.com\/fr\/wp-json\/wp\/v2\/media?parent=354228"}],"wp:term":[{"taxonomy":"category","embeddable":true,"href":"https:\/\/www.europesays.com\/fr\/wp-json\/wp\/v2\/categories?post=354228"},{"taxonomy":"post_tag","embeddable":true,"href":"https:\/\/www.europesays.com\/fr\/wp-json\/wp\/v2\/tags?post=354228"}],"curies":[{"name":"wp","href":"https:\/\/api.w.org\/{rel}","templated":true}]}}