{"id":354232,"date":"2025-08-30T09:17:10","date_gmt":"2025-08-30T09:17:10","guid":{"rendered":"https:\/\/www.europesays.com\/fr\/354232\/"},"modified":"2025-08-30T09:17:10","modified_gmt":"2025-08-30T09:17:10","slug":"atp-jean-paul-loth-sur-le-fait-dallumer-son-adversaire-a-la-volee-les-champions-cherchent-toujours-la-meilleure-facon-de-gagner-le-point-et-si-ca-passe-par-lallumage-de-ladversaire-ils-y-von","status":"publish","type":"post","link":"https:\/\/www.europesays.com\/fr\/354232\/","title":{"rendered":"ATP > Jean-Paul Loth sur le fait d&rsquo;allumer son adversaire \u00e0 la vol\u00e9e : \u00ab\u00a0Les champions cherchent toujours la meilleure fa\u00e7on de gagner le point. Et si \u00e7a passe par l&rsquo;allumage de l&rsquo;adversaire, ils y vont, gentils ou pas\u00a0\u00bb"},"content":{"rendered":"<p>L\u2019Equipe a <strong><a href=\"https:\/\/www.lequipe.fr\/Respire\/Va-savoir\/Actualites\/Allumer-son-adversaire-en-tennis-malin-ou-stupide\/1588602\" data-wpel-link=\"external\" target=\"_blank\" rel=\"nofollow external noopener\">eu une initia\u00adtive heureuse<\/a><\/strong> en propo\u00adsant un bel article sur l\u2019id\u00e9e de viser son adver\u00adsaire quand celui\u2010ci est au filet. Ce sujet est d\u2019ac\u00adtua\u00adlit\u00e9 depuis que Tsitsipas a pr\u00e9venu  Altmaier lors de leur poign\u00e9e de\u00a0main.<\/p>\n<p>Bien s\u00fbr le papier pale d\u2019Ivan Lendl qui \u00e9tait un vrai sp\u00e9cia\u00adliste de ce type d\u2019agression.<\/p>\n<p>Le t\u00e9moin choisi par nos confr\u00e8res est Jean\u2010P\u00e4ul Loth dont la culture tennis\u00adtique est immense d\u2019au\u00adtant qu\u2019il a vu toutes les g\u00e9n\u00e9\u00adra\u00adtions pass\u00e9es devant lui.<\/p>\n<p>\u00ab\u202f<strong>Connors, je l\u2019ai vu allumer m\u00e9cham\u00adment, en d\u00e9fiant le type en face. C\u2019\u00e9tait, \u202f\u00bb je te joue dessus et je te la fous dans la gueule. Bien fait pour toi. Lendl allu\u00admait car c\u2019\u00e9tait le coup qu\u2019il pensait le plus effi\u00adcace \u00e0 ce moment\u2010l\u00e0\u202f\u00bb<\/strong> explique Jean\u2010Paul avant de r\u00e9sumer avec brio le pour\u00adquoi de cette \u00ab\u202ftactique\u202f\u00bb.<\/p>\n<p>\u00ab\u202f<strong>Les cham\u00adpions cherchent toujours la meilleure fa\u00e7on de gagner le point. Et si \u00e7a passe par l\u2019al\u00adlu\u00admage de l\u2019ad\u00adver\u00adsaire, ils y vont, gentils ou\u00a0pas\u202f\u00bb<\/strong><\/p>\n<p class=\"post-published-date\" style=\"color: silver; font-size: 75%; text-align: left;\">Publi\u00e9 le samedi 30 ao\u00fbt 2025 \u00e0 10:12<\/p>\n","protected":false},"excerpt":{"rendered":"L\u2019Equipe a eu une initia\u00adtive heureuse en propo\u00adsant un bel article sur l\u2019id\u00e9e de viser son adver\u00adsaire quand&hellip;\n","protected":false},"author":2,"featured_media":354233,"comment_status":"","ping_status":"","sticky":false,"template":"","format":"standard","meta":{"footnotes":""},"categories":[1415],"tags":[11582,1011,27,60,1467,5443],"class_list":{"0":"post-354232","1":"post","2":"type-post","3":"status-publish","4":"format-standard","5":"has-post-thumbnail","7":"category-tennis","8":"tag-connors","9":"tag-fr","10":"tag-france","11":"tag-sports","12":"tag-tennis","13":"tag-tsitsipas"},"share_on_mastodon":{"url":"https:\/\/pubeurope.com\/@fr\/115116968658343401","error":""},"_links":{"self":[{"href":"https:\/\/www.europesays.com\/fr\/wp-json\/wp\/v2\/posts\/354232","targetHints":{"allow":["GET"]}}],"collection":[{"href":"https:\/\/www.europesays.com\/fr\/wp-json\/wp\/v2\/posts"}],"about":[{"href":"https:\/\/www.europesays.com\/fr\/wp-json\/wp\/v2\/types\/post"}],"author":[{"embeddable":true,"href":"https:\/\/www.europesays.com\/fr\/wp-json\/wp\/v2\/users\/2"}],"replies":[{"embeddable":true,"href":"https:\/\/www.europesays.com\/fr\/wp-json\/wp\/v2\/comments?post=354232"}],"version-history":[{"count":0,"href":"https:\/\/www.europesays.com\/fr\/wp-json\/wp\/v2\/posts\/354232\/revisions"}],"wp:featuredmedia":[{"embeddable":true,"href":"https:\/\/www.europesays.com\/fr\/wp-json\/wp\/v2\/media\/354233"}],"wp:attachment":[{"href":"https:\/\/www.europesays.com\/fr\/wp-json\/wp\/v2\/media?parent=354232"}],"wp:term":[{"taxonomy":"category","embeddable":true,"href":"https:\/\/www.europesays.com\/fr\/wp-json\/wp\/v2\/categories?post=354232"},{"taxonomy":"post_tag","embeddable":true,"href":"https:\/\/www.europesays.com\/fr\/wp-json\/wp\/v2\/tags?post=354232"}],"curies":[{"name":"wp","href":"https:\/\/api.w.org\/{rel}","templated":true}]}}