{"id":354236,"date":"2025-08-30T09:20:18","date_gmt":"2025-08-30T09:20:18","guid":{"rendered":"https:\/\/www.europesays.com\/fr\/354236\/"},"modified":"2025-08-30T09:20:18","modified_gmt":"2025-08-30T09:20:18","slug":"f1-2026-des-regles-de-gestion-denergie-adaptees-a-chaque-grand-prix","status":"publish","type":"post","link":"https:\/\/www.europesays.com\/fr\/354236\/","title":{"rendered":"F1 2026: Des r\u00e8gles de gestion d\u2019\u00e9nergie adapt\u00e9es \u00e0 chaque Grand Prix"},"content":{"rendered":"<p>\t\t\t<strong class=\"post-excerpt\"><\/p>\n<p itemprop=\"description\">Si la Formule 1 reprend du service ce week-end \u00e0 Zandvoort, la r\u00e9glementation 2026, elle, ne se fait pas oublier. La FIA a d\u00e9voil\u00e9 de nouvelles r\u00e8gles portant sur la gestion d\u2019\u00e9nergie des voitures, \u00e0 adapter selon les circuits. Faisons le point.<\/p>\n<p><\/strong>\t\t <\/p>\n<p>La <strong>FIA<\/strong> travaille <strong>actuellement<\/strong> sur de nouvelles r\u00e8gles qui concerneront <strong>la gestion d\u2019\u00e9nergie<\/strong> pour les monoplaces<strong> en 2026<\/strong>. En effet, avec la <strong>nouvelle r\u00e9glementation<\/strong>, les F1 pourront <strong>d\u00e9passer les 1000 chevaux<\/strong> \u00e0 pleine puissance. Et si la <strong>totalit\u00e9<\/strong> de la puissance \u00e9lectrique est <strong>autoris\u00e9e \u00e0 \u00eatre d\u00e9ploy\u00e9e<\/strong>, cela pourrait devenir <strong>trop dangereux<\/strong> en fonction des circuits. Les r\u00e8gles seront donc \u00e0 <strong>adapter<\/strong> selon les trac\u00e9s et leurs <strong>caract\u00e9ristiques<\/strong>\u2026<\/p>\n<p>   \t\t\t Des r\u00e8gles en constante \u00e9volution <\/p>\n<p>Ainsi, la gestion de l\u2019\u00e9nergie doit \u00eatre <strong>r\u00e9gul\u00e9e<\/strong>. Il en va de m\u00eame pour <strong>la recharge des batteries<\/strong>, qui devra \u00eatre <strong>limit\u00e9e<\/strong> si l\u2019on veut \u00e9viter que les monoplaces perdent trop de vitesses <strong>d\u2019un seul coup<\/strong>. Il est donc <strong>n\u00e9cessaire<\/strong> que la r\u00e9duction de la puissance se fasse <strong>de mani\u00e8re progressive<\/strong>, afin d\u2019\u00e9viter de trop grandes <strong>diff\u00e9rences<\/strong>, pouvant, l\u00e0 aussi, rapidement devenir <strong>dangereuses<\/strong>. <strong>Nikolas Tombazis<\/strong> affirme par ailleurs qu\u2019ils <strong>veilleront<\/strong> \u201c\u00e0 ce que les voitures ne <strong>ralentissent<\/strong> pas <strong>soudainement<\/strong> dans les lignes droites\u201d.<\/p>\n<p>Ces dites r\u00e8gles sont en train d\u2019\u00eatre \u00e9tablies et sont<strong> en constante \u00e9volution<\/strong>, selon ce que les \u00e9quipes et leurs pilotes <strong>rapportent \u00e0 la FIA<\/strong>, gr\u00e2ce aux <strong>simulateurs<\/strong> notamment. <a href=\"https:\/\/www.auto-motor-und-sport.de\/formel-1\/power-management-hybrid-motoren-2026-fia-daten\/\" target=\"_blank\" rel=\"noopener nofollow\">Tombazis \u00e9voque en effet la situation<\/a>: \u00ab\u00a0Nous n&rsquo;avons <strong>pas encore<\/strong> d\u00e9fini les r\u00e8gles. Elles sont <strong>adapt\u00e9es<\/strong> \u00e9tape par \u00e9tape en fonction de <strong>l&rsquo;exp\u00e9rience<\/strong> que les \u00e9quipes font et nous rendent compte\u201d. Pour le moment, <strong>deux circuits<\/strong> semblent se d\u00e9tacher et ne <strong>pas<\/strong> pouvoir autoriser la pleine puissance: <strong>Singapour<\/strong> et <strong>Monaco<\/strong>. Les \u00e9quipes se verront ainsi <strong>imposer<\/strong> un <strong>mode \u201cRev1\u201d<\/strong>, mode de <strong>performance r\u00e9duite<\/strong>, lorsqu\u2019elles se rendront sur ces <strong>trac\u00e9s urbains<\/strong>. En effet, comme mis en garde par <strong>Toto Wolff<\/strong>, les monoplaces pourraient atteindre les <strong>400km\/h<\/strong>. Elles pourraient atteindre <strong>350 km\/h dans le tunnel\u00a0<\/strong>\u00e0 Monaco <strong>si<\/strong> les pilotes \u00e9taient <strong>autoris\u00e9s<\/strong> \u00e0 utiliser la <strong>totalit\u00e9 de la puissance<\/strong>, quand \u201cjusqu&rsquo;\u00e0 pr\u00e9sent, elles n&rsquo;\u00e9taient \u00ab\u00a0que\u00a0\u00bb d&rsquo;environ <strong>290 km\/h<\/strong>\u201d. Imaginez donc la <strong>r\u00e9activit\u00e9<\/strong> qu\u2019il faudrait avoir si une monoplace <strong>devait \u00eatre \u00e9vit\u00e9e<\/strong> \u00e0 l\u2019int\u00e9rieur du tunnel, \u00e0 l\u2019image d\u2019<strong>Isack Hadjar<\/strong> en 2024. <a href=\"https:\/\/www.sportauto.fr\/actu\/sport-actu\/formule-1\/calendrier-f1-prochaine-saison-dates-circuits-433106.html\" target=\"_blank\" rel=\"noopener nofollow\">Les <strong>22<\/strong> autres circuits du <strong>calendrier 2026<\/strong><\/a> semblent pour le moment \u00eatre <strong>aptes<\/strong> \u00e0 voir d\u00e9ployer toute la puissance des nouveaux moteurs.<\/p>\n<blockquote class=\"instagram-media \" style=\"background: #ffffff;border: 0;margin: 1px;width: 100%;padding: 0;max-width: 500px;\" data-instgrm-permalink=\"https:\/\/www.instagram.com\/reel\/C7WpoPVIPFL\/?igsh=MTBqNHl5M2dhMGE2ZA==\" data-instgrm-version=\"14\"\/><p> Le nouveau boost <\/p>\n<p>La <strong>FIA<\/strong> \u00e9voque \u00e9galement l\u2019aide au d\u00e9passement qui <strong>remplacera le DRS<\/strong> (Drag Reduction System) <strong>d\u00e8s 2026<\/strong>. Ce mode, appel\u00e9 \u201c<strong>override<\/strong>\u201d, offrira un <strong>boost \u00e9lectrique<\/strong>, \u00e0 condition d\u2019\u00eatre \u00e0 <strong>moins d\u2019une seconde<\/strong> derri\u00e8re la monoplace qui nous pr\u00e9c\u00e8de <strong>au point de d\u00e9tection<\/strong>. L\u00e0 encore, les 24 circuits auront, pour ce mode, <strong>un point diff\u00e9rent d\u2019activation<\/strong>. On sait pour le moment par exemple qu\u2019\u00e0 <strong>Spa-Francorchamps<\/strong> ce sera<strong> la ligne droite de d\u00e9part<\/strong>, tandis que la zone d\u2019activation se fera <strong>en sortie du virage 13<\/strong> \u00e0 <strong>Interlagos<\/strong>. M\u00eame si ce mode pr\u00e9sente des <strong>similitudes<\/strong> avec le <strong>DRS<\/strong> que l\u2019on conna\u00eet, Tombazis l\u2019assure, il y a aussi des <strong>diff\u00e9rences<\/strong>.<\/p>\n<p>Bien que certaines r\u00e8gles soient <strong>encore en construction<\/strong> pour la nouvelle r\u00e9glementation \u00e0 venir, la <strong>saison 2025<\/strong> reprend son cours <a href=\"https:\/\/www.sportauto.fr\/actu\/sport-actu\/formule-1\/f1-grand-prix-pays-bas-programme-horaires-tv-week-end-france-belgique-437660.html\" target=\"_blank\" rel=\"noopener nofollow\"><strong>au Grand Prix des Pays-Bas<\/strong><\/a>. Accompagn\u00e9e par la <strong>F1 Academy<\/strong>, la Formule 1 pourrait bien avoir un week-end <strong>pluvieux<\/strong>. Vous pourrez assister aux <strong>qualifications<\/strong> cet apr\u00e8s-midi, <strong>d\u00e8s 15 heures<\/strong> et \u00e0 la <strong>premi\u00e8re course<\/strong> des pilotes f\u00e9minines <strong>\u00e0 17 heures<\/strong>.<\/p>\n<p>                <script async src=\"\/\/www.instagram.com\/embed.js\"><\/script><\/p>\n","protected":false},"excerpt":{"rendered":"Si la Formule 1 reprend du service ce week-end \u00e0 Zandvoort, la r\u00e9glementation 2026, elle, ne se fait&hellip;\n","protected":false},"author":2,"featured_media":354237,"comment_status":"","ping_status":"","sticky":false,"template":"","format":"standard","meta":{"footnotes":""},"categories":[1412],"tags":[1451,1452,1453,1454,1455,1011,27,1638,60],"class_list":{"0":"post-354236","1":"post","2":"type-post","3":"status-publish","4":"format-standard","5":"has-post-thumbnail","7":"category-f1","8":"tag-f1","9":"tag-formula-1","10":"tag-formula1","11":"tag-formule-1","12":"tag-formule1","13":"tag-fr","14":"tag-france","15":"tag-has_diapo","16":"tag-sports"},"share_on_mastodon":{"url":"https:\/\/pubeurope.com\/@fr\/115116980519191972","error":""},"_links":{"self":[{"href":"https:\/\/www.europesays.com\/fr\/wp-json\/wp\/v2\/posts\/354236","targetHints":{"allow":["GET"]}}],"collection":[{"href":"https:\/\/www.europesays.com\/fr\/wp-json\/wp\/v2\/posts"}],"about":[{"href":"https:\/\/www.europesays.com\/fr\/wp-json\/wp\/v2\/types\/post"}],"author":[{"embeddable":true,"href":"https:\/\/www.europesays.com\/fr\/wp-json\/wp\/v2\/users\/2"}],"replies":[{"embeddable":true,"href":"https:\/\/www.europesays.com\/fr\/wp-json\/wp\/v2\/comments?post=354236"}],"version-history":[{"count":0,"href":"https:\/\/www.europesays.com\/fr\/wp-json\/wp\/v2\/posts\/354236\/revisions"}],"wp:featuredmedia":[{"embeddable":true,"href":"https:\/\/www.europesays.com\/fr\/wp-json\/wp\/v2\/media\/354237"}],"wp:attachment":[{"href":"https:\/\/www.europesays.com\/fr\/wp-json\/wp\/v2\/media?parent=354236"}],"wp:term":[{"taxonomy":"category","embeddable":true,"href":"https:\/\/www.europesays.com\/fr\/wp-json\/wp\/v2\/categories?post=354236"},{"taxonomy":"post_tag","embeddable":true,"href":"https:\/\/www.europesays.com\/fr\/wp-json\/wp\/v2\/tags?post=354236"}],"curies":[{"name":"wp","href":"https:\/\/api.w.org\/{rel}","templated":true}]}}