{"id":354242,"date":"2025-08-30T09:23:09","date_gmt":"2025-08-30T09:23:09","guid":{"rendered":"https:\/\/www.europesays.com\/fr\/354242\/"},"modified":"2025-08-30T09:23:09","modified_gmt":"2025-08-30T09:23:09","slug":"sa-petite-romy-4-mois-apparait-avec-sa-maman","status":"publish","type":"post","link":"https:\/\/www.europesays.com\/fr\/354242\/","title":{"rendered":"sa petite Romy, 4 mois, appara\u00eet avec sa maman"},"content":{"rendered":"<p class=\"intro\">Souvenirs d\u2019un premier \u00e9t\u00e9 \u00e0 trois. Sur Instagram, Laura Bensadoun a partag\u00e9 quelques extraits de son premier \u00e9t\u00e9 en famille avec Alain-Fabien Delon et leur petite fille de 4 mois, Romy.<\/p>\n<p>Rares sont les apparitions de la petite Romy sur les r\u00e9seaux sociaux de ses parents. Alain-Fabien Delon et sa compagne Laura Bensadoun sont sortis de leur r\u00e9serve ce 29\u00a0ao\u00fbt, pour partager quelques photos souvenirs de leur premier \u00e9t\u00e9 \u00e0 trois sur Instagram. Une publication qui laisse voir le quotidien de leur petite fille, qui f\u00eatait vendredi ses quatre mois.<\/p>\n<p>\u00ab\u00a0Le plus bel \u00e9t\u00e9 et notre premier ensemble tous les trois (+\u00a02 fils tout doux)\u00a0\u00bb, \u00e9crit Laura Bensadoun en l\u00e9gende de sa s\u00e9rie photo estivale. Sur une premi\u00e8re image, la mannequin et jeune maman de 29\u00a0ans appara\u00eet avec sa fille tout contre elle dans son porte-b\u00e9b\u00e9. Viennent ensuite un coucher de soleil sur un lac pour Alain-Fabien Delon et l\u2019un des chiens du couple, quelques balades dans le parc avec la poussette, une s\u00e9ance baignade pour l\u2019autre chien de la famille\u2026<\/p>\n<p>    La suite apr\u00e8s cette publicit\u00e9<\/p>\n<p>Autant d\u2019images qui pourraient bien avoir \u00e9t\u00e9 prises depuis le domaine de la Br\u00fblerie, fief du clan Delon \u00e0 Douchy, dans le Loiret. Avant m\u00eame la disparition d\u2019Alain Delon il y a un an, Alain-Fabien s\u2019\u00e9tait r\u00e9install\u00e9 au domaine pour l\u2019accompagner dans ses derniers mois marqu\u00e9s par la maladie. Il y est rest\u00e9 pour fonder une famille avec <a href=\"https:\/\/www.parismatch.com\/People\/alain-fabien-delon-et-laura-racontent-leur-rencontre-entre-chagrin-et-euphorie-246980\" rel=\"nofollow noopener\" target=\"_blank\">Laura, sa compagne depuis l\u2019automne 2023<\/a>. \u00ab\u00a0Au moment o\u00f9 une vie partait, une autre se concevait. Presque en temps r\u00e9el, comme un signe\u00a0\u00bb, <a href=\"https:\/\/www.parismatch.com\/People\/alain-fabien-delon-bientot-papa-jaurais-tant-aime-que-mon-pere-le-sache-246985\" rel=\"nofollow noopener\" target=\"_blank\">confiait-il \u00e0 Paris Match<\/a> en f\u00e9vrier dernier.<\/p>\n<p>    La suite apr\u00e8s cette publicit\u00e9<\/p>\n<p>Douchy, lieu de recueillement et de vie<\/p>\n<p>Le 29\u00a0avril dernier, le jeune couple a fi\u00e8rement annonc\u00e9 la naissance de son premier enfant\u00a0: <a href=\"https:\/\/www.parismatch.com\/People\/alain-fabien-delon-papa-pour-la-1ere-fois-dune-petite-fille-au-prenom-si-symbolique-250723\" rel=\"nofollow noopener\" target=\"_blank\">une petite fille au pr\u00e9nom \u00f4 combien symbolique<\/a>, car baptis\u00e9e Romy. Difficile alors de ne pas y lire un hommage \u00e0 l\u2019actrice Romy Schneider, grand amour d\u2019Alain Delon.<\/p>\n<p>Si Alain-Fabien est rest\u00e9 silencieux le 18\u00a0ao\u00fbt, au jour du premier anniversaire de la mort du Samoura\u00ef, son grand fr\u00e8re Anthony est quant \u00e0 lui all\u00e9 \u00e0 la rencontre de fans qui s\u2019\u00e9taient r\u00e9unis devant les grilles de la Br\u00fblerie. Lui aussi passe beaucoup de temps \u00e0 Douchy, tant\u00f4t seul pour \u00e9crire une pi\u00e8ce de th\u00e9\u00e2tre, tant\u00f4t accompagn\u00e9 de ses filles Loup et Liv. Une sortie lors de laquelle il a <a href=\"https:\/\/www.parismatch.com\/People\/je-ne-trouvais-pas-ca-normal-anthony-delon-a-bel-et-bien-boude-la-journee-hommage-a-son-pere-a-douchy-256027\" rel=\"nofollow noopener\" target=\"_blank\">expliqu\u00e9 son absence remarqu\u00e9e \u00e0 l\u2019inauguration du stade Alain Delon<\/a> quelques heures plus t\u00f4t par le maire de\u00a0Douchy-Montcorbon.<\/p>\n","protected":false},"excerpt":{"rendered":"Souvenirs d\u2019un premier \u00e9t\u00e9 \u00e0 trois. Sur Instagram, Laura Bensadoun a partag\u00e9 quelques extraits de son premier \u00e9t\u00e9&hellip;\n","protected":false},"author":2,"featured_media":354243,"comment_status":"","ping_status":"","sticky":false,"template":"","format":"standard","meta":{"footnotes":""},"categories":[1359],"tags":[58,59,1011,27,973],"class_list":{"0":"post-354242","1":"post","2":"type-post","3":"status-publish","4":"format-standard","5":"has-post-thumbnail","7":"category-people","8":"tag-divertissement","9":"tag-entertainment","10":"tag-fr","11":"tag-france","12":"tag-people"},"share_on_mastodon":{"url":"https:\/\/pubeurope.com\/@fr\/115116992368902242","error":""},"_links":{"self":[{"href":"https:\/\/www.europesays.com\/fr\/wp-json\/wp\/v2\/posts\/354242","targetHints":{"allow":["GET"]}}],"collection":[{"href":"https:\/\/www.europesays.com\/fr\/wp-json\/wp\/v2\/posts"}],"about":[{"href":"https:\/\/www.europesays.com\/fr\/wp-json\/wp\/v2\/types\/post"}],"author":[{"embeddable":true,"href":"https:\/\/www.europesays.com\/fr\/wp-json\/wp\/v2\/users\/2"}],"replies":[{"embeddable":true,"href":"https:\/\/www.europesays.com\/fr\/wp-json\/wp\/v2\/comments?post=354242"}],"version-history":[{"count":0,"href":"https:\/\/www.europesays.com\/fr\/wp-json\/wp\/v2\/posts\/354242\/revisions"}],"wp:featuredmedia":[{"embeddable":true,"href":"https:\/\/www.europesays.com\/fr\/wp-json\/wp\/v2\/media\/354243"}],"wp:attachment":[{"href":"https:\/\/www.europesays.com\/fr\/wp-json\/wp\/v2\/media?parent=354242"}],"wp:term":[{"taxonomy":"category","embeddable":true,"href":"https:\/\/www.europesays.com\/fr\/wp-json\/wp\/v2\/categories?post=354242"},{"taxonomy":"post_tag","embeddable":true,"href":"https:\/\/www.europesays.com\/fr\/wp-json\/wp\/v2\/tags?post=354242"}],"curies":[{"name":"wp","href":"https:\/\/api.w.org\/{rel}","templated":true}]}}