{"id":354244,"date":"2025-08-30T09:24:14","date_gmt":"2025-08-30T09:24:14","guid":{"rendered":"https:\/\/www.europesays.com\/fr\/354244\/"},"modified":"2025-08-30T09:24:14","modified_gmt":"2025-08-30T09:24:14","slug":"lartiste-peintre-oriana-cornille-dans-la-lumiere-a-la-galerie-du-port-de-la-ciotat","status":"publish","type":"post","link":"https:\/\/www.europesays.com\/fr\/354244\/","title":{"rendered":"L\u2019artiste peintre Oriana Cornille dans la lumi\u00e8re \u00e0 la Galerie du Port de La Ciotat"},"content":{"rendered":"<p><a href=\"https:\/\/www.laprovence.com\/article\/edition-la-ciotat\/3454674\/oriana-cornille-presente-lumieres-des-suds.html\" target=\"_blank\" rel=\"nofollow noopener\">Oriana Cornille<\/a>, artiste lumineuse et discr\u00e8te, nous propose ses \u00ab\u00a0Lumi\u00e8res des Suds\u00a0\u00bb jusqu\u2019au 31\u00a0ao\u00fbt \u00e0 la <a href=\"https:\/\/www.laprovence.com\/article\/region\/3089070918774115\/martine-pasquier-presente-ses-venus-en-ceramique-et-en-bronze-a-la-galerie-du-port-de-la-ciotat\" target=\"_blank\" rel=\"nofollow noopener\">Galerie du Port<\/a> \u00e0 La Ciotat. C\u2019est \u00e0 peu pr\u00e8s tous les deux ans qu\u2019elle nous d\u00e9voile son univers qui se partage entre l\u2019\u00c9gypte et la Provence et leurs diff\u00e9rentes lumi\u00e8res.<\/p>\n<p>\u00ab\u00a0Je peins comme un \u00e9crivain, dit-elle. Je choisis mon sujet, je choisis ma toile, et je traduis mes mots en couleurs, douces, tendres, vives ou \u00e9clatantes. Mes couleurs sont des mots. Mes sujets sont in\u00e9puisables car la lumi\u00e8re est changeante tout au long de la journ\u00e9e et on n\u2019a jamais la m\u00eame impression devant un paysage\u00a0\u00bb.<\/p>\n<p>L\u2019amour des berges du Nil<\/p>\n<p>\u00ab\u00a0Je suis d\u2019origine anglaise, \u00e9cossaise plus pr\u00e9cis\u00e9ment, et je suis n\u00e9e \u00e0 Alexandrie. Je garde au fond de moi l\u2019amour de ce pays, de ces paysages, <a href=\"https:\/\/www.laprovence.com\/article\/hub-tourisme\/6985186\/faire-escale-au-caire-visiter-la-pyramide-de-gizeh-et-si-vous-choisissiez-legypte-comme-destination\" target=\"_blank\" rel=\"nofollow noopener\">des berges du Nil<\/a>. J\u2019y retourne chaque ann\u00e9e et je ram\u00e8ne des photos, des souvenirs, des odeurs. De retour \u00e0 La Ciotat, je peins et je travaille sur ma m\u00e9moire qui me restitue des senteurs et des couleurs tr\u00e8s chaudes\u00a0\u00bb, poursuit l\u2019artiste.<\/p>\n<p>Oriana peint selon ses coups de c\u0153ur, uniquement \u00e0 l\u2019huile et au couteau, ce qui lui permet de travailler sur l\u2019\u00e9paisseur de la mati\u00e8re. Quand elle commence une toile, tout est d\u00e9j\u00e0 pr\u00ea&#8230;<\/p>\n","protected":false},"excerpt":{"rendered":"Oriana Cornille, artiste lumineuse et discr\u00e8te, nous propose ses \u00ab\u00a0Lumi\u00e8res des Suds\u00a0\u00bb jusqu\u2019au 31\u00a0ao\u00fbt \u00e0 la Galerie du&hellip;\n","protected":false},"author":2,"featured_media":354245,"comment_status":"","ping_status":"","sticky":false,"template":"","format":"standard","meta":{"footnotes":""},"categories":[1358],"tags":[17,1348,1384,1385,49040,251,1446,1386,58,59,1011,27,10486,12420,15926,49039,17258],"class_list":{"0":"post-354244","1":"post","2":"type-post","3":"status-publish","4":"format-standard","5":"has-post-thumbnail","7":"category-arts-et-design","8":"tag-17","9":"tag-arts","10":"tag-arts-and-design","11":"tag-arts-et-design","12":"tag-cornille","13":"tag-culture","14":"tag-dans","15":"tag-design","16":"tag-divertissement","17":"tag-entertainment","18":"tag-fr","19":"tag-france","20":"tag-galerie","21":"tag-lartiste","22":"tag-lumiere","23":"tag-oriana","24":"tag-peintre"},"share_on_mastodon":{"url":"https:\/\/pubeurope.com\/@fr\/115116996337080790","error":""},"_links":{"self":[{"href":"https:\/\/www.europesays.com\/fr\/wp-json\/wp\/v2\/posts\/354244","targetHints":{"allow":["GET"]}}],"collection":[{"href":"https:\/\/www.europesays.com\/fr\/wp-json\/wp\/v2\/posts"}],"about":[{"href":"https:\/\/www.europesays.com\/fr\/wp-json\/wp\/v2\/types\/post"}],"author":[{"embeddable":true,"href":"https:\/\/www.europesays.com\/fr\/wp-json\/wp\/v2\/users\/2"}],"replies":[{"embeddable":true,"href":"https:\/\/www.europesays.com\/fr\/wp-json\/wp\/v2\/comments?post=354244"}],"version-history":[{"count":0,"href":"https:\/\/www.europesays.com\/fr\/wp-json\/wp\/v2\/posts\/354244\/revisions"}],"wp:featuredmedia":[{"embeddable":true,"href":"https:\/\/www.europesays.com\/fr\/wp-json\/wp\/v2\/media\/354245"}],"wp:attachment":[{"href":"https:\/\/www.europesays.com\/fr\/wp-json\/wp\/v2\/media?parent=354244"}],"wp:term":[{"taxonomy":"category","embeddable":true,"href":"https:\/\/www.europesays.com\/fr\/wp-json\/wp\/v2\/categories?post=354244"},{"taxonomy":"post_tag","embeddable":true,"href":"https:\/\/www.europesays.com\/fr\/wp-json\/wp\/v2\/tags?post=354244"}],"curies":[{"name":"wp","href":"https:\/\/api.w.org\/{rel}","templated":true}]}}