{"id":354248,"date":"2025-08-30T09:26:16","date_gmt":"2025-08-30T09:26:16","guid":{"rendered":"https:\/\/www.europesays.com\/fr\/354248\/"},"modified":"2025-08-30T09:26:16","modified_gmt":"2025-08-30T09:26:16","slug":"quelle-audience-pour-lepisode-inedit-de-capitaine-marleau-sur-france-2","status":"publish","type":"post","link":"https:\/\/www.europesays.com\/fr\/354248\/","title":{"rendered":"Quelle audience pour l\u2019\u00e9pisode in\u00e9dit de Capitaine Marleau sur France 2 ?"},"content":{"rendered":"<p>    Corinne Masiero dans la saison 4 de Capitaine Marleau<br \/>\n                Fabien MALOT \/ FTV \/ PASSION FILMS<\/p>\n<p>Les audiences du vendredi 29 ao\u00fbt 2025 pour les programmes diffus\u00e9s en premi\u00e8re partie de soir\u00e9e.<\/p>\n<p class=\"fig-paragraph\">Aucune cha\u00eene n\u2019a r\u00e9sist\u00e9 \u00e0 France 2 vendredi soir. Pour le retour de ses in\u00e9dits,\u00a0<a href=\"https:\/\/tvmag.lefigaro.fr\/programme-tv\/programme\/capitaine-marleau-f1488160963\" target=\"_blank\" rel=\"noopener nofollow\" data-gtm-custom-categorie=\"navigation\" data-gtm-custom-action=\"crossclick\" data-gtm-custom-label=\"Contextuel\" data-gtm-event=\"customEventSPE\"><strong>Capitaine Marleau<\/strong> <\/a>\u00a0a attir\u00e9 4.187.000 t\u00e9l\u00e9spectateurs en moyenne (27,2% de PDA) selon\u00a0M\u00e9diam\u00e9trie avec l\u2019\u00e9pisode de la saison 4, Le secret d\u2019Alba, avec Corinne Masiero, Catherine Hiegel et Philippe Bas. Loin derri\u00e8re, TF1 et Camille Combal ont diverti un peu plus de 2 millions de t\u00e9l\u00e9spectateurs en moyenne (12,5% de PDA) avec le num\u00e9ro sp\u00e9cial du jeu <strong>\u00ab Une famille en or\u00a0\u00bb<\/strong> confrontant l\u2019\u00e9quipe de Gad Elmaleh \u00e0 celle de Kad Merad.<\/p>\n<p class=\"fig-paragraph\">Tr\u00e8s faible score pour M6 qui proposait la premi\u00e8re diffusion de la com\u00e9die <strong>Les blagues de Toto 2\u00a0: classe verte<\/strong> avec Val\u00e9rie Karsenti, Anne Marivin, Guillaume de Tondelec et Hugo Trophardy. Une petite moyenne de 724.000 t\u00e9l\u00e9spectateurs (4,6% de PDA) a regard\u00e9 le film r\u00e9alis\u00e9 par Pascal Bourdiaux, \u00e0 peine plus que le leader TNT, France 5. Le nouveau num\u00e9ro des\u00a0<a href=\"http:\/\/tvmag.lefigaro.fr\/programme-tv\/actu-tele\/ils-ont-arrete-l-equipe-et-pris-leurs-passeports-le-producteur-des-routes-de-l-impossible-raconte-un-tournage-difficile-au-zimbabwe-20250708\" target=\"_blank\" data-fig-type=\"Article\" rel=\"noopener nofollow\" data-gtm-custom-categorie=\"navigation\" data-gtm-custom-action=\"crossclick\" data-gtm-custom-label=\"Contextuel\" data-gtm-event=\"customEventSPE\" data-fig-domain=\"TVMAG\"><strong>\u00ab Routes de l\u2019impossible\u00a0\u00bb<\/strong><\/a> \u00a0a \u00e9t\u00e9 suivi par 693.000 t\u00e9l\u00e9spectateurs en moyenne (4,3% de PDA).<\/p>\n<p class=\"fig-body-link\">\n            \u00c0 lire aussi<br \/>\n        <a class=\"fig-body-link__link fig-premium-mark\" href=\"http:\/\/tvmag.lefigaro.fr\/programme-tv\/series\/laura-smet-ce-metier-est-parfois-une-therapie-20250828\" target=\"_blank\" data-fig-type=\"Article\" rel=\"noopener nofollow\" data-gtm-custom-categorie=\"navigation\" data-gtm-custom-action=\"crossclick\" data-gtm-custom-label=\"Contextuel\" data-gtm-event=\"customEventSPE\" data-fig-domain=\"TVMAG\">Laura Smet\u00a0: \u00abCe m\u00e9tier est parfois une th\u00e9rapie\u00bb<br \/>\n    <\/a>\n<\/p>\n<p class=\"fig-tv-audience__title\">Audiences de 1\u00e8re partie de soir\u00e9e du vendredi 29 ao\u00fbt<\/p>\n<tr>\n<td class=\"fig-tv-audience__position\">1<\/td>\n<td class=\"fig-tv-audience__channel-container\">\n                        <a class=\"fig-channel-media fig-channel-media--no-margin\" href=\"https:\/\/tvmag.lefigaro.fr\/programme-tv\/chaine\/4\/tous-les-programmes-de-france-2\" title=\"Programme TV France 2\" rel=\"nofollow noopener\" target=\"_blank\"><br \/>\n        <img   alt=\"Programme TV France 2\" class=\"fig-img\"\/><\/p>\n<p>    <\/a><\/p>\n<\/td>\n<td class=\"fig-tv-audience__data\">\n                    <a href=\"https:\/\/tvmag.lefigaro.fr\/programme-tv\/programme\/capitaine-marleau-f1488160963\" class=\"fig-tv-audience__program-title\" rel=\"nofollow noopener\" target=\"_blank\"><br \/>\n                        Capitaine Marleau<br \/>\n                    <\/a><\/p>\n<p>                        4\u202f187\u202f000 t\u00e9l\u00e9spectateurs<\/p>\n<p>                    27,2\u00a0%<\/p>\n<\/td>\n<\/tr>\n<tr>\n<td class=\"fig-tv-audience__position\">2<\/td>\n<td class=\"fig-tv-audience__channel-container\">\n                        <a class=\"fig-channel-media fig-channel-media--no-margin\" href=\"https:\/\/tvmag.lefigaro.fr\/programme-tv\/chaine\/192\/tous-les-programmes-de-tf1\" title=\"Programme TV TF1\" rel=\"nofollow noopener\" target=\"_blank\"><br \/>\n        <img   alt=\"Programme TV TF1\" class=\"fig-img\"\/><\/p>\n<p>    <\/a><\/p>\n<\/td>\n<td class=\"fig-tv-audience__data\">\n                    <a href=\"https:\/\/tvmag.lefigaro.fr\/programme-tv\/programme\/une-famille-en-or-f1776632741\" class=\"fig-tv-audience__program-title\" rel=\"nofollow noopener\" target=\"_blank\"><br \/>\n                        Une famille en or<br \/>\n                    <\/a><\/p>\n<p>                        2\u202f025\u202f000 t\u00e9l\u00e9spectateurs<\/p>\n<p>                    12,5\u00a0%<\/p>\n<\/td>\n<\/tr>\n<tr>\n<td class=\"fig-tv-audience__position\">3<\/td>\n<td class=\"fig-tv-audience__channel-container\">\n                        <a class=\"fig-channel-media fig-channel-media--no-margin\" href=\"https:\/\/tvmag.lefigaro.fr\/programme-tv\/chaine\/80\/tous-les-programmes-de-france-3\" title=\"Programme TV France 3\" rel=\"nofollow noopener\" target=\"_blank\"><br \/>\n        <img   alt=\"Programme TV France 3\" class=\"fig-img\"\/><\/p>\n<p>    <\/a><\/p>\n<\/td>\n<td class=\"fig-tv-audience__data\">\n                    <a href=\"https:\/\/tvmag.lefigaro.fr\/programme-tv\/programme\/sardou-autoportrait-f24764791\" class=\"fig-tv-audience__program-title\" rel=\"nofollow noopener\" target=\"_blank\"><br \/>\n                        Sardou, autoportrait<br \/>\n                    <\/a><\/p>\n<p>                        1\u202f407\u202f000 t\u00e9l\u00e9spectateurs<\/p>\n<p>                    9,4\u00a0%<\/p>\n<\/td>\n<\/tr>\n<tr>\n<td class=\"fig-tv-audience__position\">4<\/td>\n<td class=\"fig-tv-audience__channel-container\">\n                        <a class=\"fig-channel-media fig-channel-media--no-margin\" href=\"https:\/\/tvmag.lefigaro.fr\/programme-tv\/chaine\/118\/tous-les-programmes-de-m6\" title=\"Programme TV M6\" rel=\"nofollow noopener\" target=\"_blank\"><br \/>\n        <img   alt=\"Programme TV M6\" class=\"fig-img\"\/><\/p>\n<p>    <\/a><\/p>\n<\/td>\n<td class=\"fig-tv-audience__data\">\n                    <a href=\"https:\/\/tvmag.lefigaro.fr\/programme-tv\/programme\/les-blagues-de-toto-2-classe-verte-f1057758145\" class=\"fig-tv-audience__program-title\" rel=\"nofollow noopener\" target=\"_blank\"><br \/>\n                        Les Blagues de Toto 2\u00a0: classe verte<br \/>\n                    <\/a><\/p>\n<p>                        724\u202f000 t\u00e9l\u00e9spectateurs<\/p>\n<p>                    4,6\u00a0%<\/p>\n<\/td>\n<\/tr>\n<tr>\n<td class=\"fig-tv-audience__position\">5<\/td>\n<td class=\"fig-tv-audience__channel-container\">\n                        <a class=\"fig-channel-media fig-channel-media--no-margin\" href=\"https:\/\/tvmag.lefigaro.fr\/programme-tv\/chaine\/47\/tous-les-programmes-de-france-5\" title=\"Programme TV France 5\" rel=\"nofollow noopener\" target=\"_blank\"><br \/>\n        <img   alt=\"Programme TV France 5\" class=\"fig-img\"\/><\/p>\n<p>    <\/a><\/p>\n<\/td>\n<td class=\"fig-tv-audience__data\">\n                    <a href=\"https:\/\/tvmag.lefigaro.fr\/programme-tv\/programme\/les-routes-de-l-impossible-f103845369\" class=\"fig-tv-audience__program-title\" rel=\"nofollow noopener\" target=\"_blank\"><br \/>\n                        Les routes de l&rsquo;impossible<br \/>\n                    <\/a><\/p>\n<p>                        693\u202f000 t\u00e9l\u00e9spectateurs<\/p>\n<p>                    4,3\u00a0%<\/p>\n<\/td>\n<\/tr>\n<tr aria-hidden=\"true\">\n<td class=\"fig-tv-audience__position\">6<\/td>\n<td class=\"fig-tv-audience__channel-container\">\n                        <a class=\"fig-channel-media fig-channel-media--no-margin\" href=\"https:\/\/tvmag.lefigaro.fr\/programme-tv\/chaine\/111\/tous-les-programmes-de-arte\" title=\"Programme TV Arte\" rel=\"nofollow noopener\" target=\"_blank\"><br \/>\n        <img   alt=\"Programme TV Arte\" class=\"fig-img\"\/><\/p>\n<p>    <\/a><\/p>\n<\/td>\n<td class=\"fig-tv-audience__data\">\n                    <a href=\"https:\/\/tvmag.lefigaro.fr\/programme-tv\/programme\/le-ciel-rouge-f390996678\" class=\"fig-tv-audience__program-title\" rel=\"nofollow noopener\" target=\"_blank\"><br \/>\n                        Le ciel rouge<br \/>\n                    <\/a><\/p>\n<p>                        620\u202f000 t\u00e9l\u00e9spectateurs<\/p>\n<p>                    3,9\u00a0%<\/p>\n<\/td>\n<\/tr>\n<tr aria-hidden=\"true\">\n<td class=\"fig-tv-audience__position\">7<\/td>\n<td class=\"fig-tv-audience__channel-container\">\n                        <a class=\"fig-channel-media fig-channel-media--no-margin\" href=\"https:\/\/tvmag.lefigaro.fr\/programme-tv\/chaine\/482\/tous-les-programmes-de-gulli\" title=\"Programme TV Gulli\" rel=\"nofollow noopener\" target=\"_blank\"><br \/>\n        <img   alt=\"Programme TV Gulli\" class=\"fig-img\"\/><\/p>\n<p>    <\/a><\/p>\n<\/td>\n<td class=\"fig-tv-audience__data\">\n                    <a href=\"https:\/\/tvmag.lefigaro.fr\/programme-tv\/programme\/un-flic-a-la-maternelle-f1741290358\" class=\"fig-tv-audience__program-title\" rel=\"nofollow noopener\" target=\"_blank\"><br \/>\n                        Un flic \u00e0 la maternelle<br \/>\n                    <\/a><\/p>\n<p>                        521\u202f000 t\u00e9l\u00e9spectateurs<\/p>\n<p>                    3,4\u00a0%<\/p>\n<\/td>\n<\/tr>\n<tr aria-hidden=\"true\">\n<td class=\"fig-tv-audience__position\">8<\/td>\n<td class=\"fig-tv-audience__channel-container\">\n                        <a class=\"fig-channel-media fig-channel-media--no-margin\" href=\"https:\/\/tvmag.lefigaro.fr\/programme-tv\/chaine\/446\/tous-les-programmes-de-tfx\" title=\"Programme TV TFX\" rel=\"nofollow noopener\" target=\"_blank\"><br \/>\n        <img   alt=\"Programme TV TFX\" class=\"fig-img\"\/><\/p>\n<p>    <\/a><\/p>\n<\/td>\n<td class=\"fig-tv-audience__data\">\n                    <a href=\"https:\/\/tvmag.lefigaro.fr\/programme-tv\/programme\/le-boulet-f583876886\" class=\"fig-tv-audience__program-title\" rel=\"nofollow noopener\" target=\"_blank\"><br \/>\n                        Le boulet<br \/>\n                    <\/a><\/p>\n<p>                        459\u202f000 t\u00e9l\u00e9spectateurs<\/p>\n<p>                    3\u00a0%<\/p>\n<\/td>\n<\/tr>\n<tr aria-hidden=\"true\">\n<td class=\"fig-tv-audience__position\">9<\/td>\n<td class=\"fig-tv-audience__channel-container\">\n                        <a class=\"fig-channel-media fig-channel-media--no-margin\" href=\"https:\/\/tvmag.lefigaro.fr\/programme-tv\/chaine\/119\/tous-les-programmes-de-w9\" title=\"Programme TV W9\" rel=\"nofollow noopener\" target=\"_blank\"><br \/>\n        <img   alt=\"Programme TV W9\" class=\"fig-img\"\/><\/p>\n<p>    <\/a><\/p>\n<\/td>\n<td class=\"fig-tv-audience__data\">\n                    <a href=\"https:\/\/tvmag.lefigaro.fr\/programme-tv\/programme\/enquete-d-action-f110067053\" class=\"fig-tv-audience__program-title\" rel=\"nofollow noopener\" target=\"_blank\"><br \/>\n                        Enqu\u00eate d&rsquo;action<br \/>\n                    <\/a><\/p>\n<p>                        396\u202f000 t\u00e9l\u00e9spectateurs<\/p>\n<p>                    2,6\u00a0%<\/p>\n<\/td>\n<\/tr>\n<tr aria-hidden=\"true\">\n<td class=\"fig-tv-audience__position\">10<\/td>\n<td class=\"fig-tv-audience__channel-container\">\n                        <a class=\"fig-channel-media fig-channel-media--no-margin\" href=\"https:\/\/tvmag.lefigaro.fr\/programme-tv\/chaine\/1404\/tous-les-programmes-de-tf1-series-films\" title=\"Programme TV TF1 S\u00e9ries Films\" rel=\"nofollow noopener\" target=\"_blank\"><br \/>\n        <img   alt=\"Programme TV TF1 S\u00e9ries Films\" class=\"fig-img\"\/><\/p>\n<p>    <\/a><\/p>\n<\/td>\n<td class=\"fig-tv-audience__data\">\n                    <a href=\"https:\/\/tvmag.lefigaro.fr\/programme-tv\/programme\/new-york-unite-speciale-f1749184538\" class=\"fig-tv-audience__program-title\" rel=\"nofollow noopener\" target=\"_blank\"><br \/>\n                        New York Unit\u00e9 Sp\u00e9ciale<br \/>\n                    <\/a><\/p>\n<p>                        333\u202f000 t\u00e9l\u00e9spectateurs<\/p>\n<p>                    2,1\u00a0%<\/p>\n<\/td>\n<\/tr>\n<tr aria-hidden=\"true\">\n<td class=\"fig-tv-audience__position\">11<\/td>\n<td class=\"fig-tv-audience__channel-container\">\n                        <a class=\"fig-channel-media fig-channel-media--no-margin\" href=\"https:\/\/tvmag.lefigaro.fr\/programme-tv\/chaine\/1402\/tous-les-programmes-de-rmc-story\" title=\"Programme TV RMC Story\" rel=\"nofollow noopener\" target=\"_blank\"><br \/>\n        <img   alt=\"Programme TV RMC Story\" class=\"fig-img\"\/><\/p>\n<p>    <\/a><\/p>\n<\/td>\n<td class=\"fig-tv-audience__data\">\n                    <a href=\"https:\/\/tvmag.lefigaro.fr\/programme-tv\/programme\/le-bigdil-le-retour-evenement-f2038753499\" class=\"fig-tv-audience__program-title\" rel=\"nofollow noopener\" target=\"_blank\"><br \/>\n                        Le Bigdil, le retour \u00e9v\u00e8nement<br \/>\n                    <\/a><\/p>\n<p>                        304\u202f000 t\u00e9l\u00e9spectateurs<\/p>\n<p>                    2\u00a0%<\/p>\n<\/td>\n<\/tr>\n<tr aria-hidden=\"true\">\n<td class=\"fig-tv-audience__position\">12<\/td>\n<td class=\"fig-tv-audience__channel-container\">\n                        <a class=\"fig-channel-media fig-channel-media--no-margin\" href=\"https:\/\/tvmag.lefigaro.fr\/programme-tv\/chaine\/1403\/tous-les-programmes-de-6ter\" title=\"Programme TV 6ter\" rel=\"nofollow noopener\" target=\"_blank\"><br \/>\n        <img   alt=\"Programme TV 6ter\" class=\"fig-img\"\/><\/p>\n<p>    <\/a><\/p>\n<\/td>\n<td class=\"fig-tv-audience__data\">\n                    <a href=\"https:\/\/tvmag.lefigaro.fr\/programme-tv\/programme\/une-affaire-privee-f1651985252\" class=\"fig-tv-audience__program-title\" rel=\"nofollow noopener\" target=\"_blank\"><br \/>\n                        Une affaire priv\u00e9e<br \/>\n                    <\/a><\/p>\n<p>                        233\u202f000 t\u00e9l\u00e9spectateurs<\/p>\n<p>                    1,4\u00a0%<\/p>\n<\/td>\n<\/tr>\n<tr aria-hidden=\"true\">\n<td class=\"fig-tv-audience__position\">13<\/td>\n<td class=\"fig-tv-audience__channel-container\">\n                        <a class=\"fig-channel-media fig-channel-media--no-margin\" href=\"https:\/\/tvmag.lefigaro.fr\/programme-tv\/chaine\/195\/tous-les-programmes-de-tmc\" title=\"Programme TV TMC\" rel=\"nofollow noopener\" target=\"_blank\"><br \/>\n        <img   alt=\"Programme TV TMC\" class=\"fig-img\"\/><\/p>\n<p>    <\/a><\/p>\n<\/td>\n<td class=\"fig-tv-audience__data\">\n                    <a href=\"https:\/\/tvmag.lefigaro.fr\/programme-tv\/programme\/les-vengeances-de-maitre-poutifard-f890068363\" class=\"fig-tv-audience__program-title\" rel=\"nofollow noopener\" target=\"_blank\"><br \/>\n                        Les vengeances de ma\u00eetre Poutifard<br \/>\n                    <\/a><\/p>\n<p>                        200\u202f000 t\u00e9l\u00e9spectateurs<\/p>\n<p>                    1,3\u00a0%<\/p>\n<\/td>\n<\/tr>\n<tr aria-hidden=\"true\">\n<td class=\"fig-tv-audience__position\">14<\/td>\n<td class=\"fig-tv-audience__channel-container\">\n                        <a class=\"fig-channel-media fig-channel-media--no-margin\" href=\"https:\/\/tvmag.lefigaro.fr\/programme-tv\/chaine\/1400\/tous-les-programmes-de-rmc-decouverte\" title=\"Programme TV RMC D\u00e9couverte\" rel=\"nofollow noopener\" target=\"_blank\"><br \/>\n        <img   alt=\"Programme TV RMC D\u00e9couverte\" class=\"fig-img\"\/><\/p>\n<p>    <\/a><\/p>\n<\/td>\n<td class=\"fig-tv-audience__data\">\n                    <a href=\"https:\/\/tvmag.lefigaro.fr\/programme-tv\/programme\/le-mystere-des-incas-des-origines-a-la-chute-f336724310\" class=\"fig-tv-audience__program-title\" rel=\"nofollow noopener\" target=\"_blank\"><br \/>\n                        Le myst\u00e8re des Incas\u00a0: des origines \u00e0 la chute<br \/>\n                    <\/a><\/p>\n<p>                        191\u202f000 t\u00e9l\u00e9spectateurs<\/p>\n<p>                    1,2\u00a0%<\/p>\n<\/td>\n<\/tr>\n<tr aria-hidden=\"true\">\n<td class=\"fig-tv-audience__position\">15<\/td>\n<td class=\"fig-tv-audience__channel-container\">\n                        <a class=\"fig-channel-media fig-channel-media--no-margin\" href=\"https:\/\/tvmag.lefigaro.fr\/programme-tv\/chaine\/458\/tous-les-programmes-de-cstar\" title=\"Programme TV CSTAR\" rel=\"nofollow noopener\" target=\"_blank\"><br \/>\n        <img   alt=\"Programme TV CSTAR\" class=\"fig-img\"\/><\/p>\n<p>    <\/a><\/p>\n<\/td>\n<td class=\"fig-tv-audience__data\">\n                    <a href=\"https:\/\/tvmag.lefigaro.fr\/programme-tv\/programme\/animaux-a-adopter-nouvelle-famille-pour-une-nouvelle-vie-f805294321\" class=\"fig-tv-audience__program-title\" rel=\"nofollow noopener\" target=\"_blank\"><br \/>\n                        Animaux \u00e0 adopter\u00a0: nouvelle famille pour une nouvelle vie<br \/>\n                    <\/a><\/p>\n<p>                        132\u202f000 t\u00e9l\u00e9spectateurs<\/p>\n<p>                    0,8\u00a0%<\/p>\n<\/td>\n<\/tr>\n<tr aria-hidden=\"true\">\n<td class=\"fig-tv-audience__position\">16<\/td>\n<td class=\"fig-tv-audience__channel-container\">\n                        <a class=\"fig-channel-media fig-channel-media--no-margin\" href=\"https:\/\/tvmag.lefigaro.fr\/programme-tv\/chaine\/1399\/tous-les-programmes-de-cherie-25\" title=\"Programme TV Ch\u00e9rie 25\" rel=\"nofollow noopener\" target=\"_blank\"><br \/>\n        <img   alt=\"Programme TV Ch\u00e9rie 25\" class=\"fig-img\"\/><\/p>\n<p>    <\/a><\/p>\n<\/td>\n<td class=\"fig-tv-audience__data\">\n                    <a href=\"https:\/\/tvmag.lefigaro.fr\/programme-tv\/programme\/follement-deco-f1496423719\" class=\"fig-tv-audience__program-title\" rel=\"nofollow noopener\" target=\"_blank\"><br \/>\n                        Follement d\u00e9co<br \/>\n                    <\/a><\/p>\n<p>                        91\u202f000 t\u00e9l\u00e9spectateurs<\/p>\n<p>                    0,6\u00a0%<\/p>\n<\/td>\n<\/tr>\n<p>            Voir plus<\/p>\n","protected":false},"excerpt":{"rendered":"Corinne Masiero dans la saison 4 de Capitaine Marleau Fabien MALOT \/ FTV \/ PASSION FILMS Les audiences&hellip;\n","protected":false},"author":2,"featured_media":354249,"comment_status":"","ping_status":"","sticky":false,"template":"","format":"standard","meta":{"footnotes":""},"categories":[1356],"tags":[2367,2377,58,59,1011,27,252,1364],"class_list":{"0":"post-354248","1":"post","2":"type-post","3":"status-publish","4":"format-standard","5":"has-post-thumbnail","7":"category-television","8":"tag-audiences","9":"tag-audiences-tv","10":"tag-divertissement","11":"tag-entertainment","12":"tag-fr","13":"tag-france","14":"tag-television","15":"tag-tv"},"share_on_mastodon":{"url":"https:\/\/pubeurope.com\/@fr\/115117004188026498","error":""},"_links":{"self":[{"href":"https:\/\/www.europesays.com\/fr\/wp-json\/wp\/v2\/posts\/354248","targetHints":{"allow":["GET"]}}],"collection":[{"href":"https:\/\/www.europesays.com\/fr\/wp-json\/wp\/v2\/posts"}],"about":[{"href":"https:\/\/www.europesays.com\/fr\/wp-json\/wp\/v2\/types\/post"}],"author":[{"embeddable":true,"href":"https:\/\/www.europesays.com\/fr\/wp-json\/wp\/v2\/users\/2"}],"replies":[{"embeddable":true,"href":"https:\/\/www.europesays.com\/fr\/wp-json\/wp\/v2\/comments?post=354248"}],"version-history":[{"count":0,"href":"https:\/\/www.europesays.com\/fr\/wp-json\/wp\/v2\/posts\/354248\/revisions"}],"wp:featuredmedia":[{"embeddable":true,"href":"https:\/\/www.europesays.com\/fr\/wp-json\/wp\/v2\/media\/354249"}],"wp:attachment":[{"href":"https:\/\/www.europesays.com\/fr\/wp-json\/wp\/v2\/media?parent=354248"}],"wp:term":[{"taxonomy":"category","embeddable":true,"href":"https:\/\/www.europesays.com\/fr\/wp-json\/wp\/v2\/categories?post=354248"},{"taxonomy":"post_tag","embeddable":true,"href":"https:\/\/www.europesays.com\/fr\/wp-json\/wp\/v2\/tags?post=354248"}],"curies":[{"name":"wp","href":"https:\/\/api.w.org\/{rel}","templated":true}]}}