{"id":354250,"date":"2025-08-30T09:27:13","date_gmt":"2025-08-30T09:27:13","guid":{"rendered":"https:\/\/www.europesays.com\/fr\/354250\/"},"modified":"2025-08-30T09:27:13","modified_gmt":"2025-08-30T09:27:13","slug":"big-flo-et-oli-un-duo-qui-nevite-pas-les-failles-on-est-alle-voir-des-psys-a-deux-pour-savoir-quand","status":"publish","type":"post","link":"https:\/\/www.europesays.com\/fr\/354250\/","title":{"rendered":"Big flo et Oli, un duo qui n&rsquo;\u00e9vite pas les failles : \u00ab\u00a0On est all\u00e9 voir des psys \u00e0 deux pour savoir quand&#8230;\u00a0\u00bb"},"content":{"rendered":"<p>            <img loading=\"lazy\" decoding=\"async\" src=\"https:\/\/www.europesays.com\/fr\/wp-content\/uploads\/2025\/04\/144-64f8c016610ee-35x35-1.jpg\" class=\"author-article-picture\" width=\"35\" height=\"35\"\/><\/p>\n<p>                Par<br \/>\n                                    <a class=\"author-article-bio-link\" href=\"https:\/\/www.purepeople.com\/auteur\/louise-martin_a144\" rel=\"nofollow noopener\" target=\"_blank\">Louise Martin<\/a><br \/>\n                                                    | R\u00e9dactrice<\/p>\n<p>\n                Koh Lanta, Les Marseillais mais aussi Mari\u00e9s au Premier regards\u2026 Louise Martin est une t\u00e9l\u00e9vore qui essaye, \u00e0 ses heures perdues, de refaire les g\u00e2teaux qu\u2019elle admire devant le Meilleur P\u00e2tissier\u2026 mais elle ne risque pas de gagner le tablier bleu ! Les r\u00e9seaux sociaux n\u2019ont pas de secret pour elle, les derniers scoops, les derni\u00e8res \u00e9missions, elle les conna\u00eet tous.\n            <\/p>\n<p>\n    Alors que la 4e \u00e9dition du Rose Festival s&rsquo;est ouverte du c\u00f4t\u00e9 de Toulouse le jeudi 28 ao\u00fbt 2025, les deux cr\u00e9ateurs de cet \u00e9v\u00e8nement, Big Flo et Oli, se sont longuement confi\u00e9s dans les colonnes du \u00ab\u00a0Parisien\u00a0\u00bb. Les deux fr\u00e8res rappeurs ont notamment expliqu\u00e9 pour quelles raisons ils ont consult\u00e9 \u00ab\u00a0des psys\u00a0\u00bb.\n<\/p>\n<p>                            <img loading=\"lazy\" decoding=\"async\" class=\"player-thumbnail\" src=\"https:\/\/www.europesays.com\/fr\/wp-content\/uploads\/2025\/08\/814d5de19c547e1e-580x326-1.jpg\" width=\"580\" height=\"326\"\/><\/p>\n<p>                    Big flo et Oli, un duo qui n&rsquo;\u00e9vite pas les failles : \u00ab\u00a0On est all\u00e9 voir des psys \u00e0 deux pour savoir quand&#8230;\u00a0\u00bb<\/p>\n<p>La suite apr\u00e8s la publicit\u00e9<\/p>\n<p>Figures embl\u00e9matiques du rap fran\u00e7ais depuis d\u00e9j\u00e0 de nombreuses ann\u00e9es, les deux fr\u00e8res surnomm\u00e9s<a href=\"https:\/\/www.purepeople.com\/article\/oli-clashe-par-big-flo-sur-son-plus-gros-complexe-revelation-sur-l-operation-qui-aurait-pu-le-changer-physiquement_a505665\/1\" rel=\"nofollow noopener\" target=\"_blank\"> Big Flo et Oli<\/a> ont cr\u00e9\u00e9 le Rose Festival du c\u00f4t\u00e9 de leur ville natale : Toulouse. Alors que la 4e \u00e9dition de cet \u00e9v\u00e8nement s&rsquo;est officiellement ouverte le jeudi 28 ao\u00fbt 2025, ils se sont confi\u00e9s \u00e0 ce sujet lors d&rsquo;une interview accord\u00e9e au Parisien. \u00ab\u00a0<strong>C\u2019\u00e9tait un r\u00eave de gosses. Cela vient d\u2019un manque.<\/strong> Il y a plein de super \u00e9v\u00e9nements \u00e0 Toulouse mais pour les jeunes, il n\u2019y avait pas de festival de musiques actuelles. C\u2019\u00e9tait aussi une mani\u00e8re de prolonger notre d\u00e9claration d\u2019amour \u00e0 la ville, avec \u00e9norm\u00e9ment de clins d\u2019\u0153il sur le site. On a mis deux ans \u00e0 choisir celui-ci, grand et pratique, \u00e0 15 minutes du centre-ville\u00a0\u00bb, a premi\u00e8rement indiqu\u00e9<a href=\"https:\/\/www.purepeople.com\/article\/lautre-vie-doli-bigflo-et-oli-derriere-la-musique-et-sans-son-frere-le-rappeur-sest-lance-dans-un-projet-symbolique_a534671\/1\" rel=\"nofollow noopener\" target=\"_blank\"> Oli<\/a>.<\/p>\n<p>\u00ab\u00a0On s\u2019adresse plus aux jeunes qu\u2019aux familles.<strong> 66 % des festivaliers ont moins de 25 ans<\/strong>. On fait la programmation en fonction des artistes qu\u2019ils nous demandent, sur les r\u00e9seaux, dans la rue. On est tr\u00e8s \u00e0 l\u2019aff\u00fbt, comme lorsqu\u2019on a invit\u00e9 Laylow lors de la premi\u00e8re \u00e9dition. Quand nos coiffeurs et nos parents nous disent qu\u2019ils ne connaissent personne sur l\u2019affiche, c\u2019est bon signe\u00a0\u00bb, a ensuite ajout\u00e9 <a href=\"https:\/\/www.purepeople.com\/article\/roland-garros-oli-sans-big-flo-mais-tres-complice-avec-une-magnifique-jeune-femme_a509699\/1\" rel=\"nofollow noopener\" target=\"_blank\">Big Flo<\/a>. Au cours de cet entretien, les deux fr\u00e8res rappeurs se sont confi\u00e9s au sujet de leur nouvel \u00e9tat d&rsquo;esprit. \u00ab\u00a0On a pass\u00e9 une p\u00e9riode difficile, c\u2019est vrai. On est all\u00e9 voir des psys \u00e0 deux, pour savoir quand s\u00e9parer le pro du perso, <strong>on a eu beaucoup de discussions entre nous. <\/strong>Mais l\u00e0 \u00e7a va, on est en train de trouver notre \u00e9quilibre personnel\u00a0\u00bb, a ainsi soulign\u00e9 Oli.<\/p>\n<p>Big Flo et Oli : un nouvel album et une nouvelle tourn\u00e9e en pr\u00e9paration pour le duo<\/p>\n<p>\u00ab\u00a0On est plus libres, on se sent moins prisonniers du format et du &lsquo;il faut que \u00e7a marche&rsquo;. On voulait que \u00e7a marche. Il nous a fallu dix ans, quatre festivals et six tourn\u00e9es, mais on est rassur\u00e9s. <strong>On n\u2019est plus des outsiders, on a notre place<\/strong>\u00ab\u00a0, a \u00e9galement pr\u00e9cis\u00e9 Big Flo. Les deux musiciens ont par ailleurs \u00e9voqu\u00e9 leur avenir. \u00ab\u00a0Un nouvel album, on aimerait, d\u00e9but 2026. On a plein de titres d\u00e9j\u00e0 boucl\u00e9s. On va partir le finir en r\u00e9sidence en septembre et octobre dans une maison en Espagne, pas loin de Toulouse. On repartira en tourn\u00e9e dans la foul\u00e9e. <strong>Le live, pour nous, c\u2019est primordial !<\/strong>\u00ab\u00a0, a tout d&rsquo;abord expliqu\u00e9 Oli. \u00ab\u00a0C\u2019est ouf ! J\u2019ai l\u2019impression qu\u2019on a l\u2019\u00e2ge o\u00f9 on r\u00e9colte les fruits qu\u2019on a sem\u00e9s et qu\u2019on a une vraie reconnaissance du milieu, des autres artistes\u00a0\u00bb, a finalement conclu Big Flo.<\/p>\n","protected":false},"excerpt":{"rendered":"Par Louise Martin | R\u00e9dactrice Koh Lanta, Les Marseillais mais aussi Mari\u00e9s au Premier regards\u2026 Louise Martin est&hellip;\n","protected":false},"author":2,"featured_media":354251,"comment_status":"","ping_status":"","sticky":false,"template":"","format":"standard","meta":{"footnotes":""},"categories":[1355],"tags":[58,59,1011,27,1361,873],"class_list":{"0":"post-354250","1":"post","2":"type-post","3":"status-publish","4":"format-standard","5":"has-post-thumbnail","7":"category-musique","8":"tag-divertissement","9":"tag-entertainment","10":"tag-fr","11":"tag-france","12":"tag-music","13":"tag-musique"},"share_on_mastodon":{"url":"https:\/\/pubeurope.com\/@fr\/115117008316649751","error":""},"_links":{"self":[{"href":"https:\/\/www.europesays.com\/fr\/wp-json\/wp\/v2\/posts\/354250","targetHints":{"allow":["GET"]}}],"collection":[{"href":"https:\/\/www.europesays.com\/fr\/wp-json\/wp\/v2\/posts"}],"about":[{"href":"https:\/\/www.europesays.com\/fr\/wp-json\/wp\/v2\/types\/post"}],"author":[{"embeddable":true,"href":"https:\/\/www.europesays.com\/fr\/wp-json\/wp\/v2\/users\/2"}],"replies":[{"embeddable":true,"href":"https:\/\/www.europesays.com\/fr\/wp-json\/wp\/v2\/comments?post=354250"}],"version-history":[{"count":0,"href":"https:\/\/www.europesays.com\/fr\/wp-json\/wp\/v2\/posts\/354250\/revisions"}],"wp:featuredmedia":[{"embeddable":true,"href":"https:\/\/www.europesays.com\/fr\/wp-json\/wp\/v2\/media\/354251"}],"wp:attachment":[{"href":"https:\/\/www.europesays.com\/fr\/wp-json\/wp\/v2\/media?parent=354250"}],"wp:term":[{"taxonomy":"category","embeddable":true,"href":"https:\/\/www.europesays.com\/fr\/wp-json\/wp\/v2\/categories?post=354250"},{"taxonomy":"post_tag","embeddable":true,"href":"https:\/\/www.europesays.com\/fr\/wp-json\/wp\/v2\/tags?post=354250"}],"curies":[{"name":"wp","href":"https:\/\/api.w.org\/{rel}","templated":true}]}}