{"id":354263,"date":"2025-08-30T09:34:10","date_gmt":"2025-08-30T09:34:10","guid":{"rendered":"https:\/\/www.europesays.com\/fr\/354263\/"},"modified":"2025-08-30T09:34:10","modified_gmt":"2025-08-30T09:34:10","slug":"la-campagne-de-vengeance-de-trump-traverse-t-elle-latlantique","status":"publish","type":"post","link":"https:\/\/www.europesays.com\/fr\/354263\/","title":{"rendered":"La campagne de vengeance de Trump traverse-t-elle l&rsquo;Atlantique\u00a0?"},"content":{"rendered":"<p>          <img decoding=\"async\" class=\"c-ad__placeholder__logo\" src=\"https:\/\/static.euronews.com\/website\/images\/logos\/logo-euronews-stacked-outlined-72x72-grey-9.svg\" width=\"72\" height=\"72\" alt=\"\" loading=\"lazy\"\/><br \/>\n          PUBLICIT\u00c9<\/p>\n<p>Au cours des derni\u00e8res semaines de la campagne pr\u00e9sidentielle am\u00e9ricaine de 2024, Donald Trump, alors candidat, avait un message particulier pour les \u00e9lecteurs : une promesse de revanche et de ch\u00e2timent.<\/p>\n<p>Lors de rassemblements organis\u00e9s dans tout le pays, M. Trump a promis d&rsquo;extirper \u00ab\u00a0l&rsquo;ennemi de l&rsquo;int\u00e9rieur\u00a0\u00bb et a d\u00e9clar\u00e9 qu&rsquo;il utiliserait m\u00eame l&rsquo;arm\u00e9e pour s&rsquo;en prendre \u00e0 ses adversaires politiques, qu&rsquo;ils soient per\u00e7us comme tels ou r\u00e9els.<\/p>\n<p>Selon ses propres termes : \u00ab\u00a0Les personnes impliqu\u00e9es dans des comportements peu scrupuleux seront recherch\u00e9es, attrap\u00e9es et poursuivies \u00e0 des niveaux malheureusement jamais atteints dans notre pays.<\/p>\n<p>Il semble que M. Trump, qui a entam\u00e9 son second mandat en \u00e9tant le seul criminel condamn\u00e9 \u00e0 occuper la Maison-Blanche (\u00e0 la suite d&rsquo;accusations de fraude li\u00e9es \u00e0 des paiements occultes \u00e0 une star du porno), estime que le moment est venu de punir les \u00ab\u00a0comportements sans scrupules\u00a0\u00bb.<\/p>\n<p>Et cela concerne avant tout ceux qui ont crois\u00e9 Trump en public &#8211; aux \u00c9tats-Unis et peut-\u00eatre en Europe.<\/p>\n<p>\u00ab\u00a0Nous voyons certainement une intensit\u00e9 de r\u00e9tribution de la part de Trump qui n&rsquo;existait pas auparavant\u00a0\u00bb, a d\u00e9clar\u00e9 \u00e0 Euronews Sudha David-Wilp, membre senior et vice-pr\u00e9sidente du German Marshall Fund, un groupe de r\u00e9flexion mondial.<\/p>\n<p>Et cela apr\u00e8s avoir purg\u00e9 le gouvernement f\u00e9d\u00e9ral et l&rsquo;arm\u00e9e des ennemis per\u00e7us et apr\u00e8s s&rsquo;\u00eatre attaqu\u00e9 aux universit\u00e9s, aux m\u00e9dias, aux institutions culturelles et m\u00eame aux \u00e9quipes sportives.<\/p>\n<p>\u00ab\u00a0La question est de savoir jusqu&rsquo;\u00e0 quel point le syst\u00e8me am\u00e9ricain peut se plier sous Trump\u00a0\u00bb, a ajout\u00e9 M. David-Wilp.<\/p>\n<p>La semaine derni\u00e8re, le FBI a perquisitionn\u00e9 le domicile et le bureau de l&rsquo;ancien conseiller \u00e0 la s\u00e9curit\u00e9 nationale de Trump, John Bolton, apparemment dans le cadre d&rsquo;une enqu\u00eate criminelle sur la mauvaise manipulation potentielle d&rsquo;informations classifi\u00e9es.<\/p>\n<p>Bolton s&rsquo;\u00e9tait impos\u00e9 comme un critique fr\u00e9quent et franc de Trump apr\u00e8s avoir \u00e9t\u00e9 limog\u00e9 en 2019 et s&rsquo;\u00e9tait battu avec la premi\u00e8re administration Trump au sujet d&rsquo;un m\u00e9moire explosif qu&rsquo;il avait \u00e9crit sur son passage \u00e0 la Maison Blanche. Un livre dont Trump a tent\u00e9 d&#8217;emp\u00eacher la publication.<\/p>\n<p>Bolton, qui a \u00e9t\u00e9 pendant deux ans ambassadeur des \u00c9tats-Unis aux Nations unies dans l&rsquo;administration de George W. Bush, n&rsquo;a pas sembl\u00e9 se laisser intimider. Quelques jours \u00e0 peine apr\u00e8s le raid, il a publi\u00e9 une \u00e9valuation n\u00e9gative de la politique ukrainienne de M. Trump.<\/p>\n<p>\u00ab\u00a0S&rsquo;effondrant dans la confusion, la pr\u00e9cipitation et l&rsquo;absence de toute rencontre perceptible entre l&rsquo;<a href=\"https:\/\/eur03.safelinks.protection.outlook.com\/?url=https%3A%2F%2Fwww.washingtonexaminer.com%2Ftag%2Fukraine&amp;data=05%7C02%7Cstefan.grobe%40euronews.com%7C69475d0cc555448121d808dde70616f1%7Ce59fa28a32ed49aca5a09c46118cfecf%7C0%7C0%7C638920735532736921%7CUnknown%7CTWFpbGZsb3d8eyJFbXB0eU1hcGkiOnRydWUsIlYiOiIwLjAuMDAwMCIsIlAiOiJXaW4zMiIsIkFOIjoiTWFpbCIsIldUIjoyfQ%3D%3D%7C0%7C%7C%7C&amp;sdata=oK2PBo5XtTBUlESTBLvvgsRTkB2EoBR7JCGcdRiYSkc%3D&amp;reserved=0\" target=\"_blank\" rel=\"noreferrer noopener\">Ukraine<\/a>, la <a href=\"https:\/\/eur03.safelinks.protection.outlook.com\/?url=https%3A%2F%2Fwww.washingtonexaminer.com%2Ftag%2FRUSSIA%2F&amp;data=05%7C02%7Cstefan.grobe%40euronews.com%7C69475d0cc555448121d808dde70616f1%7Ce59fa28a32ed49aca5a09c46118cfecf%7C0%7C0%7C638920735532757454%7CUnknown%7CTWFpbGZsb3d8eyJFbXB0eU1hcGkiOnRydWUsIlYiOiIwLjAuMDAwMCIsIlAiOiJXaW4zMiIsIkFOIjoiTWFpbCIsIldUIjoyfQ%3D%3D%7C0%7C%7C%7C&amp;sdata=8XQ5fXiw7d3LJW%2F18PT1Pd0MU%2BaN16poKmLNxbyQgVQ%3D&amp;reserved=0\" target=\"_blank\" rel=\"noreferrer noopener\">Russie<\/a>, plusieurs pays europ\u00e9ens et l&rsquo;Am\u00e9rique, les n\u00e9gociations de M. Trump sont peut-\u00eatre en train de vivre leurs derniers instants, tout comme sa campagne pour le prix Nobel de la paix\u00a0\u00bb, a \u00e9crit M. Bolton dans une tribune publi\u00e9e dans le Washington Examiner, un magazine d&rsquo;information conservateur.<\/p>\n<p>M. Trump a r\u00e9agi en publiant des messages de col\u00e8re sur les r\u00e9seaux sociaux, avant de laisser entendre que le moment choisi pour le raid \u00e9tait une pure co\u00efncidence et qu&rsquo;il n&rsquo;y \u00e9tait pour rien.<\/p>\n<p>Le m\u00eame sch\u00e9ma s&rsquo;est produit dans le cas de Chris Christie.<\/p>\n<p><strong>Trump fait revivre le \u00ab\u00a0Bridgegate<\/strong><\/p>\n<p>L&rsquo;ancien gouverneur du New Jersey a \u00e9t\u00e9 l&rsquo;une des premi\u00e8res figures de l&rsquo;establishment r\u00e9publicain \u00e0 soutenir Trump lors de son improbable candidature \u00e0 l&rsquo;\u00e9lection pr\u00e9sidentielle de 2016 et a m\u00eame \u00e9t\u00e9 nomm\u00e9 pr\u00e9sident de l&rsquo;\u00e9quipe de transition de Trump.<\/p>\n<p>Mais c&rsquo;\u00e9tait \u00e0 l&rsquo;\u00e9poque. Au cours du premier mandat de Trump, Christie et le pr\u00e9sident, qui n&rsquo;avait pas encore fait ses preuves, ont eu un diff\u00e9rend majeur, s&rsquo;accusant mutuellement d&rsquo;\u00eatre totalement incomp\u00e9tents.<\/p>\n<p>Apr\u00e8s le raid sur les Bolton, Christie s&rsquo;est rendu \u00e0 la t\u00e9l\u00e9vision nationale et a critiqu\u00e9 Trump pour avoir transform\u00e9 le d\u00e9partement de la justice en son propre escadron de repr\u00e9sailles.<\/p>\n<p>\u00ab\u00a0Il est assez amusant d&rsquo;entendre le pr\u00e9sident parler comme il le fait de Bolton et des informations classifi\u00e9es, alors que lorsqu&rsquo;il d\u00e9tenait ces informations, les m\u00eames r\u00e8gles ne s&rsquo;appliquaient pas\u00a0\u00bb, a d\u00e9clar\u00e9 M. Christie sur ABC News.<\/p>\n<p>Une fois de plus, M. Trump \u00e9tait furieux. Il menace \u00e0 pr\u00e9sent de lancer une nouvelle enqu\u00eate f\u00e9d\u00e9rale sur le \u00ab\u00a0Bridgegate\u00a0\u00bb, un scandale qui a secou\u00e9 le monde politique en 2013, lorsque Christie \u00e9tait gouverneur.<\/p>\n<p>Il s&rsquo;est d\u00e9velopp\u00e9 \u00e0 partir de la fermeture de deux voies locales sur le pont George Washington qui enjambe l&rsquo;Hudson \u00e0 l&rsquo;ouest de Manhattan pendant cinq jours. Une mesure qui a provoqu\u00e9 des embouteillages paralysants du c\u00f4t\u00e9 du New Jersey, pr\u00e9tendument pour punir un maire local d&rsquo;avoir refus\u00e9 de soutenir la r\u00e9\u00e9lection de Christie.<\/p>\n<p>Deux proches collaborateurs de Christie ont \u00e9t\u00e9 jug\u00e9s, mais leur condamnation a \u00e9t\u00e9 annul\u00e9e par la Cour supr\u00eame. Christie lui-m\u00eame a \u00e9t\u00e9 disculp\u00e9, mais il n&rsquo;a jamais pu se d\u00e9barrasser de l&rsquo;odeur politique du scandale.<\/p>\n<p>Trump ne s&rsquo;est jamais int\u00e9ress\u00e9 au \u00ab\u00a0Bridgegate\u00a0\u00bb. Jusqu&rsquo;\u00e0 pr\u00e9sent.<\/p>\n<p>\u00ab\u00a0Chris a refus\u00e9 d&rsquo;assumer la responsabilit\u00e9 de ces actes criminels\u00a0\u00bb, a post\u00e9 Donald Trump apr\u00e8s la r\u00e9cente interview t\u00e9l\u00e9vis\u00e9e de Christie. \u00ab\u00a0Pour le bien de la JUSTICE, peut-\u00eatre devrions-nous commencer \u00e0 nous pencher \u00e0 nouveau sur cette situation tr\u00e8s grave ? PERSONNE N&rsquo;EST AU-DESSUS DE LA LOI !\u00a0\u00bb<\/p>\n<p>M. Trump a fait savoir \u00e0 d&rsquo;autres critiques acerbes qu&rsquo;il y aurait un prix \u00e0 payer pour l&rsquo;avoir contrari\u00e9 en public. Ce prix peut prendre la forme d&rsquo;une enqu\u00eate r\u00e9elle, comme dans le cas de Bolton, ou d&rsquo;une menace d&rsquo;enqu\u00eate imminente, comme dans le cas de Christie.<\/p>\n<p>Au d\u00e9but du mois d&rsquo;ao\u00fbt, le minist\u00e8re de la justice de M. Trump a lanc\u00e9 des enqu\u00eates sur deux de ses adversaires juridiques les plus virulents : Le s\u00e9nateur d\u00e9mocrate de Californie Adam Schiff, qui a men\u00e9 la premi\u00e8re enqu\u00eate de la Chambre des repr\u00e9sentants sur la destitution de M. Trump en 2019, et le procureur g\u00e9n\u00e9ral de New York Letitia James, dont le bureau a poursuivi M. Trump avec succ\u00e8s dans une affaire de fraude civile.<\/p>\n<p>La semaine derni\u00e8re, Trump a limog\u00e9 Lisa Cook, gouverneur de la R\u00e9serve f\u00e9d\u00e9rale, dont les id\u00e9es en mati\u00e8re de politique mon\u00e9taire ne s&rsquo;alignent pas sur celles du pr\u00e9sident.<\/p>\n<p>Dans les trois cas, l&rsquo;administration a utilis\u00e9 des documents hypoth\u00e9caires comme armes contre ses adversaires, sugg\u00e9rant que James, Schiff et Cook avaient menti aux pr\u00eateurs pour obtenir des pr\u00eats avantageux.<\/p>\n<p>Une longue liste de d\u00e9mocrates sur la liste des personnes recherch\u00e9es par Tramp<\/p>\n<p>La liste des d\u00e9mocrates figurant sur la liste des personnes recherch\u00e9es par Donald Trump est longue : Joe Biden, Kamala Harris, d&rsquo;anciens hauts responsables de l&rsquo;arm\u00e9e et des services de renseignement, ainsi que pratiquement tous ceux qui ont exprim\u00e9 publiquement leur d\u00e9saccord avec lui.<\/p>\n<p>En juillet, dans un post d\u00e9sormais c\u00e9l\u00e8bre de Truth Social, il a partag\u00e9 une vid\u00e9o g\u00e9n\u00e9r\u00e9e par l&rsquo;IA montrant Barack Obama menott\u00e9 par des agents du FBI et tra\u00een\u00e9 hors du bureau ovale.<\/p>\n<p>Trump a de nombreux adversaires politiques aux \u00c9tats-Unis, mais qu&rsquo;en est-il de l&rsquo;Europe ? La s\u00e9paration d&rsquo;un grand oc\u00e9an prot\u00e8ge-t-elle les anciens et actuels fonctionnaires de l&rsquo;UE et des gouvernements nationaux de la col\u00e8re de Trump ?<\/p>\n<p>Interrog\u00e9e sur d&rsquo;\u00e9ventuelles inqui\u00e9tudes concernant une vendetta europ\u00e9enne de Trump, la Commission europ\u00e9enne s&rsquo;est refus\u00e9e \u00e0 tout commentaire.<\/p>\n<p>\u00ab\u00a0Il s&rsquo;agit de pures sp\u00e9culations\u00a0\u00bb, a d\u00e9clar\u00e9 une porte-parole de la Commission \u00e0 Euronews.<\/p>\n<p>Des sp\u00e9culations peut-\u00eatre, mais pas injustifi\u00e9es.<\/p>\n<p>Il y a deux semaines, l&rsquo;administration Trump a annonc\u00e9 des sanctions contre deux juges et deux procureurs de la Cour p\u00e9nale internationale bas\u00e9e \u00e0 La Haye pour avoir poursuivi des Am\u00e9ricains et des Isra\u00e9liens.<\/p>\n<p>Ce n&rsquo;est que la derni\u00e8re d&rsquo;une s\u00e9rie de mesures prises par M. Trump pour affaiblir la Cour.<\/p>\n<p>Pendant ce temps, les attaques de Trump se poursuivent.<\/p>\n<p>La semaine derni\u00e8re, son ambassadeur \u00e0 Paris a stup\u00e9fi\u00e9 la classe politique fran\u00e7aise en accusant publiquement le gouvernement, apparemment sans crier gare, d&rsquo;inaction face \u00e0 la mont\u00e9e de l&rsquo;antis\u00e9mitisme.<\/p>\n<p>L&rsquo;ambassadeur Charles Kushner, p\u00e8re de Jared, le gendre de Trump, et criminel condamn\u00e9 poursuivi par Chris Christie, a ensuite ignor\u00e9 une convocation au minist\u00e8re fran\u00e7ais des affaires \u00e9trang\u00e8res pour s&rsquo;expliquer &#8211; et, probablement, pour se faire passer un savon.<\/p>\n<p>Cette d\u00e9cision est intervenue quelques jours apr\u00e8s que le pr\u00e9sident fran\u00e7ais Emmanuel Macron a annonc\u00e9 qu&rsquo;il \u00e9tait pr\u00eat \u00e0 reconna\u00eetre la Palestine en tant qu&rsquo;\u00c9tat &#8211; une position \u00e0 laquelle Trump est cat\u00e9goriquement oppos\u00e9.<\/p>\n<p>Quelques jours plus tard, M. Trump a menac\u00e9 d&rsquo;imposer des sanctions aux fonctionnaires de l&rsquo;UE ou des \u00c9tats membres responsables de la mise en \u0153uvre de la loi historique sur les services num\u00e9riques (DSA), \u00e0 la suite des plaintes des \u00c9tats-Unis selon lesquelles cette loi censure les Am\u00e9ricains et impose des co\u00fbts aux entreprises technologiques am\u00e9ricaines.<\/p>\n<p>Une telle mesure serait sans pr\u00e9c\u00e9dent et intensifierait la lutte de l&rsquo;administration Trump contre ce qu&rsquo;elle consid\u00e8re comme une tentative de l&rsquo;Europe de supprimer les voix conservatrices.<\/p>\n<p>La Commission europ\u00e9enne a fermement d\u00e9menti ces all\u00e9gations. Un porte-parole a ajout\u00e9 que les trois derni\u00e8res d\u00e9cisions d&rsquo;application de la DSA concernaient AliExpress, Temu et TikTok, tous d\u00e9tenus par des Chinois.<\/p>\n<p>Selon les experts, M. Trump pourrait sanctionner les individus par des restrictions de visa ou d&rsquo;autres p\u00e9nalit\u00e9s.<\/p>\n<p>\u00ab\u00a0Des personnes pourraient voir leurs avoirs aux Etats-Unis gel\u00e9s ou leurs noms inscrits sur des listes internationales de personnes recherch\u00e9es dont il est difficile de se retirer \u00ab\u00a0, a d\u00e9clar\u00e9 \u00e0 Euronews Sven Biscop, professeur \u00e0 l&rsquo;universit\u00e9 de Gand et \u00e0 l&rsquo;Institut royal Egmont pour les relations internationales.<\/p>\n<p><strong>Les Bretons ne m\u00e2chent pas leurs mots \u00e0 l&rsquo;\u00e9gard de la Maison Blanche de Trump<\/strong><\/p>\n<p>\u00a0\u00bb C&rsquo;est effrayant . Trump essaie d&rsquo;imposer sa version de la v\u00e9rit\u00e9. M\u00eame les Chinois ne le font pas\u00a0\u00bb, a-t-il ajout\u00e9.<\/p>\n<p>L&rsquo;une des personnes dans le collimateur de M. Trump pourrait \u00eatre l&rsquo;ancienne commissaire europ\u00e9enne \u00e0 la concurrence, Margrethe Vestager, sous l&rsquo;autorit\u00e9 de laquelle l&rsquo;UE a adopt\u00e9 une position ferme \u00e0 l&rsquo;\u00e9gard des g\u00e9ants am\u00e9ricains de la technologie tels que Google, Facebook ou Apple.<\/p>\n<p>Lors d&rsquo;une interview accord\u00e9e \u00e0 Fox Business Network pendant son premier mandat, M. Trump a d\u00e9clar\u00e9 \u00e0 propos de Mme Vestager qu&rsquo;elle \u00ab\u00a0d\u00e9testait les \u00c9tats-Unis peut-\u00eatre plus que toute autre personne que j&rsquo;ai jamais rencontr\u00e9e\u00a0\u00bb.<\/p>\n<p>L&rsquo;ancien commissaire europ\u00e9en au march\u00e9 int\u00e9rieur et ministre fran\u00e7ais de l&rsquo;\u00e9conomie, Thierry Breton, est un autre critique virulent de M. Trump.<\/p>\n<p>Dans une tribune publi\u00e9e cette semaine dans un journal britannique, il a vivement attaqu\u00e9 l&rsquo;accord commercial entre l&rsquo;UE et les \u00c9tats-Unis et a mis en garde contre d&rsquo;autres humiliations et instabilit\u00e9s si Bruxelles ne s&rsquo;oppose pas aux tentatives de M. Trump de s&rsquo;en prendre aux r\u00e9glementations europ\u00e9ennes en mati\u00e8re de technologie.<\/p>\n<p>Les alli\u00e9s de M. Trump au Congr\u00e8s am\u00e9ricain ont \u00ab\u00a0invit\u00e9\u00a0\u00bb M. Breton \u00e0 t\u00e9moigner devant une commission la semaine prochaine, ce que M. Breton a publiquement refus\u00e9. \u00c0 suivre !<\/p>\n<p>L&rsquo;ancienne chanceli\u00e8re allemande Angela Merkel a \u00e9galement \u00e9t\u00e9 prise dans le collimateur de Trump par le pass\u00e9.<\/p>\n<p>Dans ses m\u00e9moires \u00ab\u00a0Freedom\u00a0\u00bb, publi\u00e9es en 2024, trois ans apr\u00e8s avoir quitt\u00e9 ses fonctions, Mme Merkel note que M. Trump l&rsquo;a prise pour cible, ainsi que l&rsquo;Allemagne, lors de sa campagne victorieuse de 2016, affirmant que son accueil de plus d&rsquo;un million de r\u00e9fugi\u00e9s avait \u00ab\u00a0ruin\u00e9\u00a0\u00bb l&rsquo;Allemagne et accusant Berlin d&rsquo;avoir profit\u00e9 des investissements militaires am\u00e9ricains.<\/p>\n<p>Elle a \u00e9galement d\u00e9clar\u00e9 que sa premi\u00e8re erreur avec Trump avait \u00e9t\u00e9 de le traiter \u00ab\u00a0comme s&rsquo;il \u00e9tait tout \u00e0 fait normal\u00a0\u00bb.<\/p>\n<p>Merkel pourrait-elle \u00eatre sanctionn\u00e9e par Trump ? Ou son successeur Olaf Scholz, qui s&rsquo;est heurt\u00e9 \u00e0 Trump en raison du soutien de ce dernier au parti de droite AfD avant les \u00e9lections allemandes de f\u00e9vrier ?<\/p>\n<p>Nous le saurons au fur et \u00e0 mesure que la tourn\u00e9e de vengeance de Trump se poursuivra.<\/p>\n","protected":false},"excerpt":{"rendered":"PUBLICIT\u00c9 Au cours des derni\u00e8res semaines de la campagne pr\u00e9sidentielle am\u00e9ricaine de 2024, Donald Trump, alors candidat, avait&hellip;\n","protected":false},"author":2,"featured_media":354264,"comment_status":"","ping_status":"","sticky":false,"template":"","format":"standard","meta":{"footnotes":""},"categories":[5],"tags":[11,75,73,1011,27,14,303,12,39049,364,28],"class_list":{"0":"post-354263","1":"post","2":"type-post","3":"status-publish","4":"format-standard","5":"has-post-thumbnail","7":"category-international","8":"tag-actualites","9":"tag-donald-trump","10":"tag-etats-unis","11":"tag-fr","12":"tag-france","13":"tag-international","14":"tag-justice","15":"tag-news","16":"tag-thierry-breton","17":"tag-union-europeenne","18":"tag-world"},"share_on_mastodon":{"url":"https:\/\/pubeurope.com\/@fr\/115117035861958274","error":""},"_links":{"self":[{"href":"https:\/\/www.europesays.com\/fr\/wp-json\/wp\/v2\/posts\/354263","targetHints":{"allow":["GET"]}}],"collection":[{"href":"https:\/\/www.europesays.com\/fr\/wp-json\/wp\/v2\/posts"}],"about":[{"href":"https:\/\/www.europesays.com\/fr\/wp-json\/wp\/v2\/types\/post"}],"author":[{"embeddable":true,"href":"https:\/\/www.europesays.com\/fr\/wp-json\/wp\/v2\/users\/2"}],"replies":[{"embeddable":true,"href":"https:\/\/www.europesays.com\/fr\/wp-json\/wp\/v2\/comments?post=354263"}],"version-history":[{"count":0,"href":"https:\/\/www.europesays.com\/fr\/wp-json\/wp\/v2\/posts\/354263\/revisions"}],"wp:featuredmedia":[{"embeddable":true,"href":"https:\/\/www.europesays.com\/fr\/wp-json\/wp\/v2\/media\/354264"}],"wp:attachment":[{"href":"https:\/\/www.europesays.com\/fr\/wp-json\/wp\/v2\/media?parent=354263"}],"wp:term":[{"taxonomy":"category","embeddable":true,"href":"https:\/\/www.europesays.com\/fr\/wp-json\/wp\/v2\/categories?post=354263"},{"taxonomy":"post_tag","embeddable":true,"href":"https:\/\/www.europesays.com\/fr\/wp-json\/wp\/v2\/tags?post=354263"}],"curies":[{"name":"wp","href":"https:\/\/api.w.org\/{rel}","templated":true}]}}