{"id":354265,"date":"2025-08-30T09:35:10","date_gmt":"2025-08-30T09:35:10","guid":{"rendered":"https:\/\/www.europesays.com\/fr\/354265\/"},"modified":"2025-08-30T09:35:10","modified_gmt":"2025-08-30T09:35:10","slug":"une-voiture-percute-deliberement-un-groupe-de-pietons-a-evreux-un-mort-5-blesses-3-personnes-en-garde-a-vue","status":"publish","type":"post","link":"https:\/\/www.europesays.com\/fr\/354265\/","title":{"rendered":"Une voiture percute \u00ab d\u00e9lib\u00e9r\u00e9ment \u00bb un groupe de pi\u00e9tons \u00e0 \u00c9vreux\u00a0: un mort, 5 bless\u00e9s, 3 personnes en garde \u00e0 vue"},"content":{"rendered":"<p class=\"paragraph text_align_left lp-f-body-02\">Le conducteur d\u2019une voiture aurait percut\u00e9 \u00ab d\u00e9lib\u00e9r\u00e9ment \u00bb un groupe de personnes dans la nuit de vendredi \u00e0 samedi dans le centre-ville d\u2019Evreux, faisant un mort et cinq bless\u00e9s, dont deux en urgence absolue, a-t-on appris aupr\u00e8s du parquet de la ville normande.<\/p>\n<p class=\"paragraph text_align_left lp-f-body-02\">Selon deux m\u00e9dias locaux, <a href=\"https:\/\/actu.fr\/normandie\/evreux_27229\/une-voiture-percute-la-foule-a-la-sortie-dun-bar-devreux-une-personne-decedee-cinq-blessees_63096786.html\" target=\"_blank\" rel=\"noreferrer noopener\">Actu<\/a> et <a href=\"https:\/\/www.paris-normandie.fr\/id655232\/article\/2025-08-30\/evreux-un-mort-et-cinq-blesses-dans-un-grave-accident-de-la-route\" target=\"_blank\" rel=\"noreferrer noopener\">Paris-Normandie<\/a>, la victime serait un homme d\u2019une trentaine d\u2019ann\u00e9es. Les bless\u00e9s en urgence absolue seraient deux hommes \u00e2g\u00e9s de 31 et 52 ans. <\/p>\n<p class=\"paragraph text_align_left lp-f-body-02\">\u00ab Une bagarre a \u00e9clat\u00e9, provoquant un mouvement de foule et un v\u00e9hicule a alors percut\u00e9 plusieurs personnes \u00bb, a expliqu\u00e9 le maire de la ville, Guy Lefrand, dans un communiqu\u00e9 <a href=\"https:\/\/www.facebook.com\/GLefrand\/posts\/pfbid0vvJpCqMpV85xdG8i77W8Fk361yTmQvnNjujaAiuLqJweeESpA9wsrwQwkVHgXsUCl?ref=embed_post\" target=\"_blank\" rel=\"noreferrer noopener\">publi\u00e9 sur Facebook<\/a>. <\/p>\n<p class=\"paragraph text_align_left lp-f-body-02\">Apr\u00e8s une altercation dans un bar, vers 4 heures du matin, \u00ab une personne serait all\u00e9e chercher un v\u00e9hicule (&#8230;) et aurait recul\u00e9 d\u00e9lib\u00e9r\u00e9ment \u00e0 grande vitesse en marche arri\u00e8re dans la foule qui \u00e9tait \u00e0 l\u2019ext\u00e9rieur de l\u2019\u00e9tablissement \u00bb, a d\u00e9clar\u00e9 R\u00e9mi Coutin procureur de la R\u00e9publique d\u2019Evreux \u00e0 l\u2019AFP. <\/p>\n<p class=\"lp-card-podcast-highlighting__title  lp-f-subtitle-05\">[4\/4] C\u00e9cile Vallin, les secrets d\u2019une disparition<\/p>\n<p class=\"lp-card-podcast-highlighting__description lp-f-ui-05\">Crime story raconte chaque semaine les grandes affaires criminelles.<\/p>\n<p><a class=\"lp-card-podcast-highlighting__call-to-action\" data-page-type=\"HP\" data-block-name=\"podcast-highlight\">\u00c9couter<\/a><\/p>\n<p class=\"paragraph text_align_left lp-f-body-02\">Trois personnes ont \u00e9t\u00e9 plac\u00e9es en garde \u00e0 vue. Une enqu\u00eate de flagrance a \u00e9t\u00e9 ouverte pour homicides et tentatives d\u2019homicides, selon le magistrat.<\/p>\n<p class=\"paragraph text_align_left lp-f-body-02\">\u00ab La situation est d\u00e9sormais revenue au calme. Une enqu\u00eate est en cours pour \u00e9tablir les circonstances exactes de ce drame \u00bb, a ajout\u00e9 le maire d\u2019Evreux.<\/p>\n","protected":false},"excerpt":{"rendered":"Le conducteur d\u2019une voiture aurait percut\u00e9 \u00ab d\u00e9lib\u00e9r\u00e9ment \u00bb un groupe de personnes dans la nuit de vendredi&hellip;\n","protected":false},"author":2,"featured_media":354266,"comment_status":"","ping_status":"","sticky":false,"template":"","format":"standard","meta":{"footnotes":""},"categories":[4],"tags":[11,898,8936,459,118,1011,27,12,25],"class_list":{"0":"post-354265","1":"post","2":"type-post","3":"status-publish","4":"format-standard","5":"has-post-thumbnail","7":"category-france","8":"tag-actualites","9":"tag-alerte","10":"tag-breaking-news","11":"tag-departements-horsidfo","12":"tag-faits-divers","13":"tag-fr","14":"tag-france","15":"tag-news","16":"tag-republique-francaise"},"share_on_mastodon":{"url":"https:\/\/pubeurope.com\/@fr\/115117039546182859","error":""},"_links":{"self":[{"href":"https:\/\/www.europesays.com\/fr\/wp-json\/wp\/v2\/posts\/354265","targetHints":{"allow":["GET"]}}],"collection":[{"href":"https:\/\/www.europesays.com\/fr\/wp-json\/wp\/v2\/posts"}],"about":[{"href":"https:\/\/www.europesays.com\/fr\/wp-json\/wp\/v2\/types\/post"}],"author":[{"embeddable":true,"href":"https:\/\/www.europesays.com\/fr\/wp-json\/wp\/v2\/users\/2"}],"replies":[{"embeddable":true,"href":"https:\/\/www.europesays.com\/fr\/wp-json\/wp\/v2\/comments?post=354265"}],"version-history":[{"count":0,"href":"https:\/\/www.europesays.com\/fr\/wp-json\/wp\/v2\/posts\/354265\/revisions"}],"wp:featuredmedia":[{"embeddable":true,"href":"https:\/\/www.europesays.com\/fr\/wp-json\/wp\/v2\/media\/354266"}],"wp:attachment":[{"href":"https:\/\/www.europesays.com\/fr\/wp-json\/wp\/v2\/media?parent=354265"}],"wp:term":[{"taxonomy":"category","embeddable":true,"href":"https:\/\/www.europesays.com\/fr\/wp-json\/wp\/v2\/categories?post=354265"},{"taxonomy":"post_tag","embeddable":true,"href":"https:\/\/www.europesays.com\/fr\/wp-json\/wp\/v2\/tags?post=354265"}],"curies":[{"name":"wp","href":"https:\/\/api.w.org\/{rel}","templated":true}]}}