{"id":354269,"date":"2025-08-30T09:37:28","date_gmt":"2025-08-30T09:37:28","guid":{"rendered":"https:\/\/www.europesays.com\/fr\/354269\/"},"modified":"2025-08-30T09:37:28","modified_gmt":"2025-08-30T09:37:28","slug":"ivre-il-se-fait-voler-son-telephone","status":"publish","type":"post","link":"https:\/\/www.europesays.com\/fr\/354269\/","title":{"rendered":"Ivre, il se fait voler son t\u00e9l\u00e9phone"},"content":{"rendered":"\n<p>Mercredi 27 ao\u00fbt, vers 5h du matin, un homme s&rsquo;endort sur les marches de la mairie de Saint-Etienne : il a trop bu. Deux hommes de 31 et 35 ans en profitent pour lui voler son portable. Un t\u00e9moin de la sc\u00e8ne alerte imm\u00e9diatement la police. C&rsquo;est gr\u00e2ce \u00e0 ce signalement et \u00e0 l&rsquo;intervention rapide des forces de l&rsquo;ordre que le t\u00e9l\u00e9phone a pu \u00eatre retrouv\u00e9. Les deux auteurs des faits seront prochainement entendus par un juge.<\/p>\n","protected":false},"excerpt":{"rendered":"Mercredi 27 ao\u00fbt, vers 5h du matin, un homme s&rsquo;endort sur les marches de la mairie de Saint-Etienne&hellip;\n","protected":false},"author":2,"featured_media":202675,"comment_status":"","ping_status":"","sticky":false,"template":"","format":"standard","meta":{"footnotes":""},"categories":[9653],"tags":[1111,11,2430,1777,674,1011,27,12,1072,25,4001,319,40507,1175],"class_list":{"0":"post-354269","1":"post","2":"type-post","3":"status-publish","4":"format-standard","5":"has-post-thumbnail","7":"category-saint-etienne","8":"tag-actu","9":"tag-actualites","10":"tag-auvergne-rhone-alpes","11":"tag-eu","12":"tag-europe","13":"tag-fr","14":"tag-france","15":"tag-news","16":"tag-police","17":"tag-republique-francaise","18":"tag-saint-etienne","19":"tag-telephone","20":"tag-temoin","21":"tag-vol"},"share_on_mastodon":{"url":"https:\/\/pubeurope.com\/@fr\/115117047413591495","error":""},"_links":{"self":[{"href":"https:\/\/www.europesays.com\/fr\/wp-json\/wp\/v2\/posts\/354269","targetHints":{"allow":["GET"]}}],"collection":[{"href":"https:\/\/www.europesays.com\/fr\/wp-json\/wp\/v2\/posts"}],"about":[{"href":"https:\/\/www.europesays.com\/fr\/wp-json\/wp\/v2\/types\/post"}],"author":[{"embeddable":true,"href":"https:\/\/www.europesays.com\/fr\/wp-json\/wp\/v2\/users\/2"}],"replies":[{"embeddable":true,"href":"https:\/\/www.europesays.com\/fr\/wp-json\/wp\/v2\/comments?post=354269"}],"version-history":[{"count":0,"href":"https:\/\/www.europesays.com\/fr\/wp-json\/wp\/v2\/posts\/354269\/revisions"}],"wp:featuredmedia":[{"embeddable":true,"href":"https:\/\/www.europesays.com\/fr\/wp-json\/wp\/v2\/media\/202675"}],"wp:attachment":[{"href":"https:\/\/www.europesays.com\/fr\/wp-json\/wp\/v2\/media?parent=354269"}],"wp:term":[{"taxonomy":"category","embeddable":true,"href":"https:\/\/www.europesays.com\/fr\/wp-json\/wp\/v2\/categories?post=354269"},{"taxonomy":"post_tag","embeddable":true,"href":"https:\/\/www.europesays.com\/fr\/wp-json\/wp\/v2\/tags?post=354269"}],"curies":[{"name":"wp","href":"https:\/\/api.w.org\/{rel}","templated":true}]}}