{"id":354277,"date":"2025-08-30T09:43:17","date_gmt":"2025-08-30T09:43:17","guid":{"rendered":"https:\/\/www.europesays.com\/fr\/354277\/"},"modified":"2025-08-30T09:43:17","modified_gmt":"2025-08-30T09:43:17","slug":"sa-video-est-magique-il-remplit-une-mare-et-filme-les-animaux-du-pic-saint-loup-a-cote-de-montpellier","status":"publish","type":"post","link":"https:\/\/www.europesays.com\/fr\/354277\/","title":{"rendered":"Sa vid\u00e9o est magique\u00a0: il remplit une mare et filme les animaux du pic Saint-Loup, \u00e0 c\u00f4t\u00e9 de Montpellier"},"content":{"rendered":"<p>\n                                                                Cet \u00e9t\u00e9, une cam\u00e9ra fixe du photographe R\u00e9gis Domergue a immortalis\u00e9 la faune locale. Plus de 1,2\u00a0million de personnes ont d\u00e9j\u00e0 vu la vid\u00e9o. Un buzz qu\u2019il ne s\u2019explique pas. Nous, si\u00a0!\n                            <\/p>\n<p>\u00ab\u00a0Aux derni\u00e8res nouvelles, 1,2\u00a0million de personnes ont vu cette vid\u00e9o. Je ne comprends pas pourquoi. \u00c7a me d\u00e9passe. D\u2019une part, je ne suis pas habitu\u00e9 \u00e0 \u00e7a, d\u2019autre part, je ne le cherche pas. Je ne suis pas un influenceur ou quoi que ce soit.\u00a0\u00bb<\/p>\n<p>        <img decoding=\"async\" class=\"std-img__img responsive-img\" src=\"https:\/\/www.europesays.com\/fr\/wp-content\/uploads\/2025\/08\/1756546996_211_image.jpg\" alt=\"Une sc\u00e8ne insolite\u00a0: le chevreuil boit, le renard attend son tour.\"\/><\/p>\n<p>                Une sc\u00e8ne insolite\u00a0: le chevreuil boit, le renard attend son tour.<br \/>\n                                    Midi Libre &#8211; R\u00e9gis Domergue<\/p>\n<p>Le petit film de trois minutes du photographe R\u00e9gis Domergue cartonne sur les r\u00e9seaux sociaux. S\u2019il ne comprend pas comment il a r\u00e9ussi \u00e0 amener avec lui autant d\u2019amateurs de faune sauvage, et bien au-del\u00e0 des amoureux du pic Saint-Loup, il y a une raison. Et tr\u00e8s certainement beaucoup plus. La principale est peut-\u00eatre justement cet int\u00e9r\u00eat qu\u2019il porte \u00e0 la montagne tot\u00e9mique de Montpellier. Ses mots sont forts\u00a0: \u00ab\u00a0J\u2019ai une fascination irrationnelle pour le pic Saint-Loup, je ne me l\u2019explique pas non plus, \u00e7a me d\u00e9vore. Toute la journ\u00e9e, j\u2019ai les yeux fix\u00e9s sur lui. Je le photographie jour et nuit.\u00a0\u00bb<\/p>\n<p>\u00ab\u00a0J\u2019ai une fascination irrationnelle pour le pic Saint-Loup\u00a0\u00bb<\/p>\n<p>Au point que sur ses r\u00e9seaux, l\u2019homme poste tous les jours, matin et soir, une image de son objet de fascination. Soit qu\u2019il aura fait en crapahutant comme il en a l\u2019habitude. Soit en la tirant de l\u2019un de ses soixante objectifs qui sont install\u00e9s de Notre-Dame-de-Londres \u00e0 Saint-Bauzille-de-Montmel. Toutes ont une particularit\u00e9 pour le moins singuli\u00e8re\u00a0: elles sont tourn\u00e9es vers le pic Saint-Loup. Et cet \u00e9t\u00e9, il a en plus fait l\u2019un de ses gestes qui le d\u00e9finit si bien. \u00c0 six reprises, il a rempli d\u2019eau trois bidons de dix litres et il est all\u00e9 les vider dans une \u00ab\u00a0marmite naturelle\u00a0\u00bb\u00a0sur le territoire de la commune de Notre-Dame-de-Londres.<\/p>\n<p>        <img decoding=\"async\" class=\"std-img__img responsive-img\" src=\"https:\/\/www.europesays.com\/fr\/wp-content\/uploads\/2025\/08\/1756546997_665_image.jpg\" alt=\"R\u00e9gis Domergue sur son \u00e9cran de travail\u00a0: devant le Pic bien s\u00fbr.\"\/><\/p>\n<p>                R\u00e9gis Domergue sur son \u00e9cran de travail\u00a0: devant le Pic bien s\u00fbr.<br \/>\n                                    Midi Libre &#8211; T. J.<\/p>\n<p>\u00ab\u00a0Normalement, elle se remplit avec la pluie. Apr\u00e8s les orages, elle a une autonomie d\u2019une semaine. Ensuite, elle est \u00e0 sec, explique-t-il. Mais cet \u00e9t\u00e9, avec la canicule, elle ne se remplissait plus. J\u2019ai d\u00e9cid\u00e9 d\u2019aller l\u2019alimenter. Dans un premier temps, d\u2019une mani\u00e8re tout \u00e0 fait \u00e9go\u00efste, pour continuer \u00e0 avoir des images\u00a0: s\u2019il n\u2019y avait plus d\u2019eau, il n\u2019y aurait plus d\u2019animaux, donc je n\u2019aurai plus d\u2019images. Et puis j\u2019ai r\u00e9alis\u00e9 que je faisais de la sauvegarde. Je voyais bien que chaque fois que j\u2019amenais de l\u2019eau et que je regardais les images, les animaux n\u2019attendaient pas tr\u00e8s longtemps apr\u00e8s mon d\u00e9part pour venir boire.\u00a0\u00bb<\/p>\n<p>Et l\u00e0, la magie op\u00e8re. En gros plan, chevreuil, renard, sangliers, blaireau, circa\u00e8te, milan noir, geai\u2026 Toute la famille de la faune locale a\u00a0pass\u00e9 son\u00a0nez, ou plut\u00f4t sa\u00a0truffe et son\u00a0bec dans cette mare improvis\u00e9e et vitale.<\/p>\n<p>\u00ab\u00a0Je me suis senti utile\u00a0\u00bb<\/p>\n<p>\u00ab\u00a0Je me suis senti utile\u00a0\u00bb, appr\u00e9cie R\u00e9gis avec cette humilit\u00e9 qui le caract\u00e9rise. \u00ab\u00a0Pourquoi je fais \u00e7a\u00a0?\u00a0\u00bb Il r\u00e9fl\u00e9chit\u2026 \u00ab\u00a0Pour faire un inventaire et un suivi de la faune sauvage \u00e0 des fins, comment dire, p\u00e9dagogiques. Voil\u00e0, pour les enfants. Et puis aussi pour sensibiliser au r\u00e9chauffement climatique.\u00a0\u00bb<\/p>\n<p>Cet ancien botaniste du Cirad est un vrai passionn\u00e9. Sa maison, \u00e0 Sainte-Croix-de-Quintillargues, est \u00e0 mi-chemin entre l\u2019atelier et la galerie photos. Deux\u00a0fois par an, il l\u2019ouvre aux visiteurs. Prochains rendez-vous les 7 et 8\u00a0d\u00e9cembre. N\u2019h\u00e9sitez pas, allez-y\u00a0!<\/p>\n<p>Son travail est visible sur <a href=\"https:\/\/picsaintloup.photos\/work\" target=\"_self\" rel=\"noopener\">picsaintloup.photos<\/a>.<\/p>\n","protected":false},"excerpt":{"rendered":"Cet \u00e9t\u00e9, une cam\u00e9ra fixe du photographe R\u00e9gis Domergue a immortalis\u00e9 la faune locale. Plus de 1,2\u00a0million de&hellip;\n","protected":false},"author":2,"featured_media":354278,"comment_status":"","ping_status":"","sticky":false,"template":"","format":"standard","meta":{"footnotes":""},"categories":[9599],"tags":[1111,11,1777,674,1011,27,2208,12,2680,25],"class_list":{"0":"post-354277","1":"post","2":"type-post","3":"status-publish","4":"format-standard","5":"has-post-thumbnail","7":"category-montpellier","8":"tag-actu","9":"tag-actualites","10":"tag-eu","11":"tag-europe","12":"tag-fr","13":"tag-france","14":"tag-montpellier","15":"tag-news","16":"tag-occitanie","17":"tag-republique-francaise"},"share_on_mastodon":{"url":"https:\/\/pubeurope.com\/@fr\/115117071116994962","error":""},"_links":{"self":[{"href":"https:\/\/www.europesays.com\/fr\/wp-json\/wp\/v2\/posts\/354277","targetHints":{"allow":["GET"]}}],"collection":[{"href":"https:\/\/www.europesays.com\/fr\/wp-json\/wp\/v2\/posts"}],"about":[{"href":"https:\/\/www.europesays.com\/fr\/wp-json\/wp\/v2\/types\/post"}],"author":[{"embeddable":true,"href":"https:\/\/www.europesays.com\/fr\/wp-json\/wp\/v2\/users\/2"}],"replies":[{"embeddable":true,"href":"https:\/\/www.europesays.com\/fr\/wp-json\/wp\/v2\/comments?post=354277"}],"version-history":[{"count":0,"href":"https:\/\/www.europesays.com\/fr\/wp-json\/wp\/v2\/posts\/354277\/revisions"}],"wp:featuredmedia":[{"embeddable":true,"href":"https:\/\/www.europesays.com\/fr\/wp-json\/wp\/v2\/media\/354278"}],"wp:attachment":[{"href":"https:\/\/www.europesays.com\/fr\/wp-json\/wp\/v2\/media?parent=354277"}],"wp:term":[{"taxonomy":"category","embeddable":true,"href":"https:\/\/www.europesays.com\/fr\/wp-json\/wp\/v2\/categories?post=354277"},{"taxonomy":"post_tag","embeddable":true,"href":"https:\/\/www.europesays.com\/fr\/wp-json\/wp\/v2\/tags?post=354277"}],"curies":[{"name":"wp","href":"https:\/\/api.w.org\/{rel}","templated":true}]}}