{"id":354279,"date":"2025-08-30T09:44:11","date_gmt":"2025-08-30T09:44:11","guid":{"rendered":"https:\/\/www.europesays.com\/fr\/354279\/"},"modified":"2025-08-30T09:44:11","modified_gmt":"2025-08-30T09:44:11","slug":"on-croule-sous-la-demande-face-au-succes-le-redline-pousse-ses-murs-et-annonce-la-venue-dune-grande-star-du-stand-up-a-montpellier","status":"publish","type":"post","link":"https:\/\/www.europesays.com\/fr\/354279\/","title":{"rendered":"\u00ab\u00a0On croule sous la demande\u00a0\u00bb\u00a0: face au succ\u00e8s, le Redline pousse ses murs et annonce la venue d\u2019une grande star du stand-up \u00e0 Montpellier"},"content":{"rendered":"<p>\n                                                                \u00c0 Montpellier, le Redline fait peau neuve pour accueillir toujours plus d\u2019artistes et de spectateurs. Et pour tenir les d\u00e9lais, la salle de\u00a0stand-up\u00a0a pu compter sur des ouvriers\u2026 pour le moins inattendus.\n                            <\/p>\n<p data-end=\"562\" data-start=\"262\">En passant rue des Teissiers, difficile de ne pas remarquer que quelque chose a chang\u00e9. Le Redline, lieu incontournable de l\u2019humour montpelli\u00e9rain, a mis ses blagues en chantier le temps de l\u2019\u00e9t\u00e9. Et derri\u00e8re la porte grande ouverte, les rires ont momentan\u00e9ment c\u00e9d\u00e9 la place au vacarme des perceuses.<\/p>\n<p data-end=\"937\" data-start=\"564\">Ouvert en 2019,<a href=\"https:\/\/www.midilibre.fr\/2022\/05\/19\/montpellier-au-redline-le-stand-up-saffirme-et-prend-une-ampleur-inedite-10305059.php\" target=\"_blank\" rel=\"nofollow noopener\"> le Redline a rapidement gagn\u00e9 en notori\u00e9t\u00e9.<\/a> Mais le succ\u00e8s a fini par rendre les murs trop \u00e9troits, pour les artistes comme pour le public. \u00ab\u00a0On croule sous la demande, au point qu\u2019on a d\u00fb s\u2019agrandir\u00a0\u00bb, explique Hamza, g\u00e9rant de l\u2019\u00e9tablissement. Le 3\u00a0ao\u00fbt, les travaux ont donc d\u00e9but\u00e9, avec pour projet de\u00a0pousser les murs\u2026 jusqu\u2019en face de la rue.<\/p>\n<p>Une nouvelle salle<\/p>\n<p>\u00c0 la rentr\u00e9e, c\u2019est un v\u00e9ritable courant d\u2019air de blagues qui attend le public. Gr\u00e2ce au rachat du local d\u2019en face, l\u2019ancien bar Chez la Mama, le Redline disposera d\u00e9sormais de <strong>deux espaces\u00a0:<\/strong> une salle de spectacle et un bar. \u00ab\u00a0Cela faisait un moment qu\u2019on en parlait. Finalement, tout s\u2019est d\u00e9bloqu\u00e9 juste avant ao\u00fbt, et on a saut\u00e9 sur l\u2019occasion.\u00a0\u00bb<\/p>\n<p>Mais pour l\u2019\u00e9quipe, trouver des ouvriers en plein mois d\u2019ao\u00fbt s\u2019est av\u00e9r\u00e9 mission impossible. Pourtant, ils ne se sont pas d\u00e9courag\u00e9s\u00a0: \u00ab\u00a0Comme on n\u2019a pas trouv\u00e9 d\u2019entreprise disponible rapidement, on a tout fait nous-m\u00eames\u00a0\u00bb, poursuit Hamza. Avec Th\u00e9o G\u00e9raud, cr\u00e9ateur du Redline, ils ont pu compter sur la solidarit\u00e9 de la communaut\u00e9\u00a0: \u00ab\u00a0De nombreux stand-uppeurs ont troqu\u00e9 leur tenue de sc\u00e8ne pour une tenue de chantier. Pour l\u2019instant, une vingtaine de personnes sont pass\u00e9es nous aider. C\u2019est aussi \u00e7a, l\u2019esprit du Redline.\u00a0\u00bb<\/p>\n<p data-end=\"1979\" data-start=\"1617\">C\u00f4t\u00e9 bar, des nouveaut\u00e9s attendent \u00e9galement le public. \u00ab\u00a0On conserve le comptoir dans la salle, mais en version r\u00e9duite, pour gagner de la place tout en continuant de servir pendant les spectacles.\u00a0\u00bb En face, un second bar tenu par les baristas proposera<strong> une carte enrichie<\/strong><strong>.<\/strong> \u00ab\u00a0Nous voulons offrir plus de choix. Les barmans sont revenus\u00a0de vacances avec plein de nouvelles id\u00e9es\u00a0\u00bb, se r\u00e9jouit le g\u00e9rant.<\/p>\n<p>Une sc\u00e8ne \u00e0 180\u00b0<\/p>\n<p data-end=\"2828\" data-start=\"2463\">Pour rem\u00e9dier au nombre de place, la salle de spectacle passera<strong> de 60 \u00e0 90 places,<\/strong> toutes\u00a0assises, pour plus de confort. \u00ab\u00a0Le Redline est un lieu unique, qui appartient autant au public qu\u2019aux artistes. C\u2019est important qu\u2019ils s\u2019y sentent bien.\u00a0On va aussi d\u00e9placer la sc\u00e8ne pour la mettre au milieu\u00a0avec le public install\u00e9 de part et d\u2019autre\u00a0pour offrir une exp\u00e9rience \u00e0 180\u00b0. Cela permettra une immersion totale et plus d\u2019interactions avec les spectateurs, pour un maximum de blagues\u00a0!\u00a0\u00bb, sourit Hamza.<\/p>\n<p data-end=\"3042\" data-start=\"2830\">Avec ces am\u00e9nagements, l\u2019\u00e9quipe esp\u00e8re<a href=\"https:\/\/www.midilibre.fr\/2024\/06\/24\/montpellier-nouvelle-capitale-de-lhumour-on-a-fait-le-tour-des-comedy-clubs-de-la-ville-12022471.php\" target=\"_blank\" rel=\"nofollow noopener\"> continuer \u00e0 servir de tremplin \u00e0\u00a0la sc\u00e8ne montpelli\u00e9raine.<\/a> \u00ab\u00a0On veut vraiment mettre en avant l\u2019humour local et donner aux artistes un bel outil pour s\u2019\u00e9panouir. Le but est de faire d\u00e9couvrir nos artistes \u00e0 un maximum de monde\u00a0\u00bb, souligne-t-il.<\/p>\n<p>Une rentr\u00e9e explosive<\/p>\n<p data-end=\"3336\" data-start=\"3079\">La r\u00e9ouverture est pr\u00e9vue le<strong> 10\u00a0septembre, <\/strong>avec une programmation que l\u2019\u00e9quipe promet \u00ab\u00a0explosive\u00a0\u00bb. \u00ab\u00a0Je ne peux pas encore tout d\u00e9voiler, mais de grands noms du stand-up seront l\u00e0. Par exemple, Gad Elmaleh viendra sur notre sc\u00e8ne avant d\u00e9cembre\u00a0\u00bb, glisse Hamza. Pour le reste, la ligne artistique restera la m\u00eame, mais avec plus de diversit\u00e9 et de choix. <a href=\"https:\/\/www.montpellierredline.com\/\" target=\"_blank\" rel=\"nofollow noopener\">Les r\u00e9servations se feront toujours via le site internet.<\/a><\/p>\n<p data-end=\"3564\" data-start=\"3430\">En attendant, le Redline profite de l\u2019\u00e9t\u00e9 pour se refaire une beaut\u00e9, afin de garantir des vannes en b\u00e9ton pour le reste de l\u2019ann\u00e9e.<\/p>\n","protected":false},"excerpt":{"rendered":"\u00c0 Montpellier, le Redline fait peau neuve pour accueillir toujours plus d\u2019artistes et de spectateurs. Et pour tenir&hellip;\n","protected":false},"author":2,"featured_media":354280,"comment_status":"","ping_status":"","sticky":false,"template":"","format":"standard","meta":{"footnotes":""},"categories":[9599],"tags":[1111,11,1777,674,1011,27,2208,12,2680,25],"class_list":{"0":"post-354279","1":"post","2":"type-post","3":"status-publish","4":"format-standard","5":"has-post-thumbnail","7":"category-montpellier","8":"tag-actu","9":"tag-actualites","10":"tag-eu","11":"tag-europe","12":"tag-fr","13":"tag-france","14":"tag-montpellier","15":"tag-news","16":"tag-occitanie","17":"tag-republique-francaise"},"share_on_mastodon":{"url":"https:\/\/pubeurope.com\/@fr\/115117074831799625","error":""},"_links":{"self":[{"href":"https:\/\/www.europesays.com\/fr\/wp-json\/wp\/v2\/posts\/354279","targetHints":{"allow":["GET"]}}],"collection":[{"href":"https:\/\/www.europesays.com\/fr\/wp-json\/wp\/v2\/posts"}],"about":[{"href":"https:\/\/www.europesays.com\/fr\/wp-json\/wp\/v2\/types\/post"}],"author":[{"embeddable":true,"href":"https:\/\/www.europesays.com\/fr\/wp-json\/wp\/v2\/users\/2"}],"replies":[{"embeddable":true,"href":"https:\/\/www.europesays.com\/fr\/wp-json\/wp\/v2\/comments?post=354279"}],"version-history":[{"count":0,"href":"https:\/\/www.europesays.com\/fr\/wp-json\/wp\/v2\/posts\/354279\/revisions"}],"wp:featuredmedia":[{"embeddable":true,"href":"https:\/\/www.europesays.com\/fr\/wp-json\/wp\/v2\/media\/354280"}],"wp:attachment":[{"href":"https:\/\/www.europesays.com\/fr\/wp-json\/wp\/v2\/media?parent=354279"}],"wp:term":[{"taxonomy":"category","embeddable":true,"href":"https:\/\/www.europesays.com\/fr\/wp-json\/wp\/v2\/categories?post=354279"},{"taxonomy":"post_tag","embeddable":true,"href":"https:\/\/www.europesays.com\/fr\/wp-json\/wp\/v2\/tags?post=354279"}],"curies":[{"name":"wp","href":"https:\/\/api.w.org\/{rel}","templated":true}]}}