{"id":354281,"date":"2025-08-30T09:49:12","date_gmt":"2025-08-30T09:49:12","guid":{"rendered":"https:\/\/www.europesays.com\/fr\/354281\/"},"modified":"2025-08-30T09:49:12","modified_gmt":"2025-08-30T09:49:12","slug":"pro-d2-on-se-le-perd-tout-seuls-ce-match-la-frustration-de-fabien-cibray-oyonnax-apres-la-defaite-contre-grenoble","status":"publish","type":"post","link":"https:\/\/www.europesays.com\/fr\/354281\/","title":{"rendered":"Pro D2 \u2013 \u00ab\u00a0On se le perd tout seuls, ce match\u00a0!\u00a0\u00bb\u00a0: la frustration de Fabien Cibray (Oyonnax) apr\u00e8s la d\u00e9faite contre Grenoble"},"content":{"rendered":"<p>\n                Apr\u00e8s une d\u00e9faite cruelle de deux petits points face \u00e0 Grenoble (28-30) lors du premier match de la saison de Pro D2, Fabien Cibray est revenu sur la rencontre en conf\u00e9rence de presse.\n            <\/p>\n<p data-end=\"958\" data-start=\"334\">Au moment de quitter la salle, alors qu\u2019aucune question ne lui \u00e9tait plus pos\u00e9e et qu\u2019il se dirigeait vers la sortie, Fabien Cibray a r\u00e9p\u00e9t\u00e9 deux fois, doucement mais avec une profonde frustration\u00a0: \u201cOn se le perd tout seuls, ce match\u00a0! On se le perd tout seuls\u2026\u201d.\u00a0La saison de Pro D2 vient de d\u00e9marrer, mais \u00e0 Oyonnax, la frustration a d\u00e9j\u00e0 pris le dessus apr\u00e8s la d\u00e9faite \u00e0 domicile face aux\u00a0voisins grenoblois (28-30).<\/p>\n<blockquote><p>\nOn a manqu\u00e9 de ma\u00eetrise\n<\/p><\/blockquote>\n<p data-end=\"1342\" data-start=\"990\">Interrog\u00e9 sur le sc\u00e9nario de cette d\u00e9faite cruelle, l\u2019entra\u00eeneur oyonnaxien a livr\u00e9 une analyse lucide, sans d\u00e9tours\u00a0: \u00ab\u00a0Qu\u2019est-ce qu\u2019on peut dire sur cette fin de match\u00a0? Elle est frustrante, mais non ma\u00eetris\u00e9e. On savait que ce match allait \u00eatre long et serr\u00e9 pour les deux \u00e9quipes. Sur la fin, on avait moins de coh\u00e9sion.\u00a0\u00bb<\/p>\n<p data-end=\"1906\" data-start=\"1344\">Pour Cibray, la bascule ne se joue pas uniquement dans les derni\u00e8res secondes et la p\u00e9nalit\u00e9 de Romain Trouilloud pass\u00e9e depuis pr\u00e8s de soixante m\u00e8tres. C\u2019est tout au long de la rencontre qu\u2019Oyonnax a laiss\u00e9 des opportunit\u00e9s en route\u00a0: \u00ab\u00a0On manque beaucoup d\u2019occasions en premi\u00e8re mi-temps pour faire le score. On est deux fois dans l\u2019en-but. Deux fois o\u00f9 on n\u2019arrive pas \u00e0 applatir le ballon. R\u00e9sultat\u00a0: On a un renvoi d\u2019en but et un autre o\u00f9 \u00e7a revient \u00e0 la p\u00e9nalit\u00e9\u2026 et on ne met que trois points. On aurait pu mieux faire. On a manqu\u00e9 de r\u00e9alisme en premi\u00e8re p\u00e9riode et de ma\u00eetrise en seconde.\u00a0\u00bb<\/p>\n<blockquote><p>\nDes\u00a0sc\u00e9narios un peu improbables\n<\/p><\/blockquote>\n<p data-end=\"2423\" data-start=\"1965\">L\u2019entra\u00eeneur oyonnaxien pointe aussi du doigt un encha\u00eenement de faits de jeu inhabituels qui ont bouscul\u00e9 l\u2019organisation de son \u00e9quipe\u00a0: \u00ab\u00a0On s\u2019est retrouv\u00e9 avec des sc\u00e9narios un peu improbables o\u00f9 on a d\u00fb faire rentrer-sortir des joueurs. On s\u2019est retrouv\u00e9\u00a0avec Jonathan Ruru au centre, des choses un peu bizarres et \u00e7a nous a d\u00e9stabilis\u00e9s. Dans le money time, la coh\u00e9sion collective \u00e9tait plus chez eux que chez nous, tout simplement.\u00a0\u00bb<\/p>\n<p data-end=\"2786\" data-start=\"2425\">Un constat qui p\u00e8se lourd, d\u2019autant qu\u2019Oyonnax avait pourtant domin\u00e9 son adversaire dans un secteur cl\u00e9, la m\u00eal\u00e9e. \u00ab\u00a0C\u2019est un secteur sur lequel on voulait appuyer ce soir. Il nous a beaucoup rapport\u00e9. Paradoxalement, c\u2019est sur ce secteur de la m\u00eam\u00e9e qu\u2019on perd. Mais je fais confiance \u00e0 M. Marbot pour prendre les meilleures d\u00e9cisions. C\u2019est un arbitre de tr\u00e8s bon niveau.\u00a0\u00bb<\/p>\n<blockquote><p>\nQuand on porte le maillot d\u2019Oyonnax, il faut le respecter\n<\/p><\/blockquote>\n<p data-end=\"3221\" data-start=\"2821\">Malgr\u00e9 la d\u00e9ception, Cibray veut retenir le positif et se projeter rapidement\u00a0: \u00ab\u00a0L\u2019\u00e9tat d\u2019esprit est bon, le contenu est bon. En Pro D2, tous les matchs vont \u00eatre comme \u00e7a. Il faut qu\u2019on arrive \u00e0 r\u00e9gler ces d\u00e9tails, \u00eatre beaucoup plus en ma\u00eetrise. Si on apprend de nos erreurs, surtout celles de ce soir dans les trente derni\u00e8res minutes, on gagnera plus de matchs qu\u2019on en perdra.\u00a0\u00bb<\/p>\n<p data-end=\"3460\" data-start=\"3223\">Un message temp\u00e9r\u00e9 par le trois\u00e8me ligne-aile Pierre-Samuel\u00a0Pacheco, qui insiste sur l\u2019importance de l\u2019humilit\u00e9\u00a0: \u00ab\u00a0Il n\u2019y a pas du tout d\u2019affolement. On est forc\u00e9ment d\u00e9\u00e7us mais il y a eu trop de suffisance ce soir. Quand on porte le maillot d\u2019Oyonnax, il faut le respecter\u00a0\u00bb.\u00a0Le jeune oyoman de 25 ans fait s\u00fbrement partie des grandes satisfactions de la soir\u00e9e du c\u00f4t\u00e9 du staff d\u2019Oyonnax Rugby, apr\u00e8s son tr\u00e8s bon match.<\/p>\n","protected":false},"excerpt":{"rendered":"Apr\u00e8s une d\u00e9faite cruelle de deux petits points face \u00e0 Grenoble (28-30) lors du premier match de la&hellip;\n","protected":false},"author":2,"featured_media":354282,"comment_status":"","ping_status":"","sticky":false,"template":"","format":"standard","meta":{"footnotes":""},"categories":[9566],"tags":[1111,11,2430,1777,674,1011,27,2731,12,25],"class_list":{"0":"post-354281","1":"post","2":"type-post","3":"status-publish","4":"format-standard","5":"has-post-thumbnail","7":"category-grenoble","8":"tag-actu","9":"tag-actualites","10":"tag-auvergne-rhone-alpes","11":"tag-eu","12":"tag-europe","13":"tag-fr","14":"tag-france","15":"tag-grenoble","16":"tag-news","17":"tag-republique-francaise"},"share_on_mastodon":{"url":"https:\/\/pubeurope.com\/@fr\/115117094508297777","error":""},"_links":{"self":[{"href":"https:\/\/www.europesays.com\/fr\/wp-json\/wp\/v2\/posts\/354281","targetHints":{"allow":["GET"]}}],"collection":[{"href":"https:\/\/www.europesays.com\/fr\/wp-json\/wp\/v2\/posts"}],"about":[{"href":"https:\/\/www.europesays.com\/fr\/wp-json\/wp\/v2\/types\/post"}],"author":[{"embeddable":true,"href":"https:\/\/www.europesays.com\/fr\/wp-json\/wp\/v2\/users\/2"}],"replies":[{"embeddable":true,"href":"https:\/\/www.europesays.com\/fr\/wp-json\/wp\/v2\/comments?post=354281"}],"version-history":[{"count":0,"href":"https:\/\/www.europesays.com\/fr\/wp-json\/wp\/v2\/posts\/354281\/revisions"}],"wp:featuredmedia":[{"embeddable":true,"href":"https:\/\/www.europesays.com\/fr\/wp-json\/wp\/v2\/media\/354282"}],"wp:attachment":[{"href":"https:\/\/www.europesays.com\/fr\/wp-json\/wp\/v2\/media?parent=354281"}],"wp:term":[{"taxonomy":"category","embeddable":true,"href":"https:\/\/www.europesays.com\/fr\/wp-json\/wp\/v2\/categories?post=354281"},{"taxonomy":"post_tag","embeddable":true,"href":"https:\/\/www.europesays.com\/fr\/wp-json\/wp\/v2\/tags?post=354281"}],"curies":[{"name":"wp","href":"https:\/\/api.w.org\/{rel}","templated":true}]}}