{"id":354287,"date":"2025-08-30T09:54:09","date_gmt":"2025-08-30T09:54:09","guid":{"rendered":"https:\/\/www.europesays.com\/fr\/354287\/"},"modified":"2025-08-30T09:54:09","modified_gmt":"2025-08-30T09:54:09","slug":"des-recherches-toujours-en-cours","status":"publish","type":"post","link":"https:\/\/www.europesays.com\/fr\/354287\/","title":{"rendered":"des recherches toujours en cours"},"content":{"rendered":"<p>Aux alentours de 21h vendredi 29\u00a0ao\u00fbt, un jeune homme d\u2019une trentaine d\u2019ann\u00e9es, originaire du Haut-Rhin, s\u2019est jet\u00e9 dans l\u2019Ill, au niveau du canal du Faux-Rempart, dans le secteur des Ponts-Couverts et du quai Turckheim \u00e0 la Petite-France, \u00e0 Strasbourg.<\/p>\n<p>Un important dispositif \u00e0 \u00e9t\u00e9 d\u00e9ploy\u00e9 pour tenter de retrouver la victime, engageant les pompiers et la police nationale. Les recherches n\u2019ont pas abouti et ont \u00e9t\u00e9 interrompues vers 22\u00a0h\u00a030.<\/p>\n<p>Une enqu\u00eate a \u00e9t\u00e9 ouverte pour disparition inqui\u00e9tante. Des patrouilles nautiques \u00e9taient toujours en cours ce samedi matin.<\/p>\n<p>Le drame se serait d\u00e9roul\u00e9 dans le contexte d\u2019un jeu au sein d\u2019une bande d\u2019amis. Les autorit\u00e9s rappellent <a href=\"https:\/\/www.dna.fr\/culture-loisirs\/2025\/08\/05\/pourquoi-sauter-dans-l-ill-depuis-les-ponts-est-plus-dangereux-qu-il-n-y-parait\" target=\"_blank\" rel=\"nofollow noopener\">le danger extr\u00eame de tout plongeon dans l\u2019Ill<\/a> en raison du fort courant, notamment dans ce secteur du canal du Faux-Rempart.<\/p>\n","protected":false},"excerpt":{"rendered":"Aux alentours de 21h vendredi 29\u00a0ao\u00fbt, un jeune homme d\u2019une trentaine d\u2019ann\u00e9es, originaire du Haut-Rhin, s\u2019est jet\u00e9 dans&hellip;\n","protected":false},"author":2,"featured_media":354288,"comment_status":"","ping_status":"","sticky":false,"template":"","format":"standard","meta":{"footnotes":""},"categories":[2820],"tags":[119,1111,11,2389,2649,2880,1777,674,274,107,1011,27,775,12,25,640,2879],"class_list":{"0":"post-354287","1":"post","2":"type-post","3":"status-publish","4":"format-standard","5":"has-post-thumbnail","7":"category-strasbourg","8":"tag-accident","9":"tag-actu","10":"tag-actualites","11":"tag-alsace","12":"tag-bas-rhin","13":"tag-edition-strasbourg","14":"tag-eu","15":"tag-europe","16":"tag-faits-divers-justice","17":"tag-fil-info","18":"tag-fr","19":"tag-france","20":"tag-grand-est","21":"tag-news","22":"tag-republique-francaise","23":"tag-strasbourg","24":"tag-strasbourg-ville"},"share_on_mastodon":{"url":"","error":""},"_links":{"self":[{"href":"https:\/\/www.europesays.com\/fr\/wp-json\/wp\/v2\/posts\/354287","targetHints":{"allow":["GET"]}}],"collection":[{"href":"https:\/\/www.europesays.com\/fr\/wp-json\/wp\/v2\/posts"}],"about":[{"href":"https:\/\/www.europesays.com\/fr\/wp-json\/wp\/v2\/types\/post"}],"author":[{"embeddable":true,"href":"https:\/\/www.europesays.com\/fr\/wp-json\/wp\/v2\/users\/2"}],"replies":[{"embeddable":true,"href":"https:\/\/www.europesays.com\/fr\/wp-json\/wp\/v2\/comments?post=354287"}],"version-history":[{"count":0,"href":"https:\/\/www.europesays.com\/fr\/wp-json\/wp\/v2\/posts\/354287\/revisions"}],"wp:featuredmedia":[{"embeddable":true,"href":"https:\/\/www.europesays.com\/fr\/wp-json\/wp\/v2\/media\/354288"}],"wp:attachment":[{"href":"https:\/\/www.europesays.com\/fr\/wp-json\/wp\/v2\/media?parent=354287"}],"wp:term":[{"taxonomy":"category","embeddable":true,"href":"https:\/\/www.europesays.com\/fr\/wp-json\/wp\/v2\/categories?post=354287"},{"taxonomy":"post_tag","embeddable":true,"href":"https:\/\/www.europesays.com\/fr\/wp-json\/wp\/v2\/tags?post=354287"}],"curies":[{"name":"wp","href":"https:\/\/api.w.org\/{rel}","templated":true}]}}