{"id":354289,"date":"2025-08-30T09:55:10","date_gmt":"2025-08-30T09:55:10","guid":{"rendered":"https:\/\/www.europesays.com\/fr\/354289\/"},"modified":"2025-08-30T09:55:10","modified_gmt":"2025-08-30T09:55:10","slug":"hausse-des-effectifs-nouvelles-structures-specialisees-uniforme-et-telephone-la-rectrice-de-lacademie-de-nice-presente-les-enjeux-de-la-rentree-2025","status":"publish","type":"post","link":"https:\/\/www.europesays.com\/fr\/354289\/","title":{"rendered":"Hausse des effectifs, nouvelles structures sp\u00e9cialis\u00e9es, uniforme et t\u00e9l\u00e9phone&#8230; La rectrice de l\u2019acad\u00e9mie de Nice pr\u00e9sente les enjeux de la rentr\u00e9e 2025"},"content":{"rendered":"<p>Ce lundi 1er septembre 2025, 366.434 \u00e9l\u00e8ves feront leur rentr\u00e9e dans les \u00e9coles, coll\u00e8ges et lyc\u00e9es de l\u2019acad\u00e9mie de Nice. \u00ab\u00a0Elle se pr\u00e9sente sous la meilleure des mani\u00e8res: les moyens dont dispose l\u2019acad\u00e9mie sont \u00e0 nouveau en hausse cette ann\u00e9e\u00a0\u00bb, vante Natacha Chicot, la rectrice de l\u2019acad\u00e9mie. Voici les enjeux et points cl\u00e9s de cette rentr\u00e9e.<\/p>\n<p>Des effectifs enseignants renforc\u00e9s<\/p>\n<p>75 professeurs ont \u00e9t\u00e9 recrut\u00e9s pour le second degr\u00e9 (coll\u00e8ges et lyc\u00e9es). Quant au premier degr\u00e9 (\u00e9coles maternelles et primaires), 60 enseignants viendront renforcer l\u2019effectif actuel. \u00ab\u00a0C\u2019est la plus grosse augmentation de France\u00a0\u00bb, se targue la rectrice.<\/p>\n<p>\u00ab\u00a0Cette ann\u00e9e, nous n\u2019avons pas de difficult\u00e9s en termes de moyens, tous les postes sont pourvus dans le premier degr\u00e9, et plus de 99% des besoins sont couverts dans le second degr\u00e9\u00a0\u00bb, poursuit Natacha Chicot, qui insiste: elle a demand\u00e9 que ces moyens suppl\u00e9mentaires conduisent \u00e0 r\u00e9duire les effectifs d\u2019\u00e9l\u00e8ves par classe.<\/p>\n<p>Selon les chiffres de l\u2019Acad\u00e9mie, cela permettra de porter ainsi le taux d\u2019encadrement \u00e0 22 \u00e9l\u00e8ves par enseignants dans le second degr\u00e9 et 23 pour le premier degr\u00e9.<\/p>\n<p>Fin des t\u00e9l\u00e9phones portables au coll\u00e8ge d\u2019ici la fin de l\u2019ann\u00e9e<\/p>\n<p>\u00c0 la rentr\u00e9e 2024, <a href=\"https:\/\/www.nicematin.com\/education\/le-college-sans-portable-experimente-dans-cet-etablissement-des-alpes-maritimes-bientot-generalise-a-toute-la-france--942173\" rel=\"nofollow noopener\" target=\"_blank\">le dispositif \u00ab\u00a0Portable en pause\u00a0\u00bb avait \u00e9t\u00e9 exp\u00e9riment\u00e9 dans trois coll\u00e8ges pilotes de l\u2019acad\u00e9mie de Nice (Saint-Cyr, Saint-Sauveur et Fr\u00e9jus)<\/a>. D\u00e8s lundi, d\u2019autres coll\u00e8ges maralpins vont int\u00e9grer cette mesure, notamment le coll\u00e8ge Auguste Blanqui \u00e0 Puget-Th\u00e9niers et le coll\u00e8ge Daudet \u00e0 Nice, quartier Magnan.<\/p>\n<p>Des pochettes magn\u00e9tiques, financ\u00e9es par le D\u00e9partement, seront distribu\u00e9es aux \u00e9l\u00e8ves.<\/p>\n<p>\u00ab\u00a0Ils devront y mettre leur t\u00e9l\u00e9phone et sceller la pochette sur une machine sp\u00e9ciale \u00e0 l\u2019entr\u00e9e de l\u2019\u00e9tablissement. Ils garderont leur t\u00e9l\u00e9phone avec eux mais ne pourront pas s\u2019en servir\u00a0\u00bb, explique Natacha Chicot, qui pr\u00e9cise toutefois que les modalit\u00e9s de conservation des t\u00e9l\u00e9phones sont fix\u00e9es par chaque \u00e9tablissement.<\/p>\n<p>\u00ab\u00a0L\u2019achat de pochettes ou de casiers n\u2019est pas forc\u00e9ment l\u2019unique solution. \u00c0 Saint-Cyr, par exemple, les \u00e9l\u00e8ves signent un contrat de sinc\u00e9rit\u00e9 et rangent leur t\u00e9l\u00e9phone. C\u2019est symbolique, mais \u00e7a marche, c\u2019est assez bluffant\u00a0\u00bb, poursuit la rectrice. La g\u00e9n\u00e9ralisation de \u00ab\u00a0Portable en pause\u00a0\u00bb est pr\u00e9vue dans tous les coll\u00e8ges publics d\u2019ici la fin de l\u2019ann\u00e9e 2025.<\/p>\n<p>L\u2019exp\u00e9rimentation de l\u2019uniforme se poursuit<\/p>\n<p>\u00ab\u00a0La deuxi\u00e8me ann\u00e9e de cette phase de test commence d\u00e8s ce lundi, dans les m\u00eames \u00e9tablissements. \u00ab\u00a0D\u2019apr\u00e8s les premiers retours, la satisfaction diminue en fonction de l\u2019\u00e2ge des \u00e9l\u00e8ves. Et c\u2019est \u00e9vident: les petits sont ravis, les coll\u00e9giens sont un peu plus mitig\u00e9s. Mais quand on arrive au lyc\u00e9e en revanche, c\u2019est compliqu\u00e9\u00a0\u00bb, reconna\u00eet Natacha Chicot.<\/p>\n<p>Nouvelle unit\u00e9 pour l\u2019autisme, nouveau microcoll\u00e8ge<\/p>\n<p>Pour rem\u00e9dier aux difficult\u00e9s de prise en charge des enfants en situation de handicap dans l\u2019acad\u00e9mie, cette rentr\u00e9e voit la cr\u00e9ation d\u2019un microcoll\u00e8ge au coll\u00e8ge Roland Garros de Nice pour proposer une p\u00e9dagogie adapt\u00e9e, en effectif r\u00e9duit \u00e0 15 \u00e9l\u00e8ves au maximum, afin de lutter contre le d\u00e9crochage scolaire. Des \u00e9l\u00e8ves de 4e et 3e pourront ainsi int\u00e9grer cette fili\u00e8re adapt\u00e9e en cas de rupture avec le cursus traditionnel.<\/p>\n<p>\u00c0 quelques kilom\u00e8tres, une nouvelle unit\u00e9 d\u2019enseignement maternelle autisme (UEMA) ouvre \u00e0 l\u2019\u00e9cole Th\u00e9r\u00e8se Rom\u00e9o \u00e0 Nice. Parall\u00e8lement, 37 AESH (accompagnants d\u2019\u00e9l\u00e8ves en situation de handicap) ont \u00e9t\u00e9 recrut\u00e9s.<\/p>\n<p>\u00ab\u00a0D\u00e9sormais, nous nous donnons les moyens pour que l\u2019Acad\u00e9mie soit en mesure d\u2019accueillir tous les enfants qui ont besoin de ce type d\u2019enseignement\u00a0\u00bb, garantit la rectrice.<\/p>\n<p>La s\u00e9curisation des \u00e9tablissements<\/p>\n<p>Enfin, \u00e0 la suite des nombreux incidents impliquant des armes au sein des \u00e9coles ces derniers mois, des mesures de protection ont \u00e9t\u00e9 adopt\u00e9es et renforc\u00e9es.<\/p>\n<p>D\u00e8s janvier 2025, neuf conseillers principaux d\u2019\u00e9ducation (CPE) et 26 assistants d\u2019\u00e9ducation (AED) avaient \u00e9t\u00e9 recrut\u00e9s sur l\u2019acad\u00e9mie, affect\u00e9s dans les \u00e9tablissements dits \u00ab\u00a0sensibles\u00a0\u00bb.<\/p>\n<p>L\u2019ensemble des personnels de direction en secteur prioritaire ont eux \u00e9t\u00e9 form\u00e9s \u00e0 la gestion des cas de crise et de conflits.<\/p>\n","protected":false},"excerpt":{"rendered":"Ce lundi 1er septembre 2025, 366.434 \u00e9l\u00e8ves feront leur rentr\u00e9e dans les \u00e9coles, coll\u00e8ges et lyc\u00e9es de l\u2019acad\u00e9mie&hellip;\n","protected":false},"author":2,"featured_media":354290,"comment_status":"","ping_status":"","sticky":false,"template":"","format":"standard","meta":{"footnotes":""},"categories":[2819],"tags":[1111,11,1777,674,1011,27,12,2401,882,25,3366],"class_list":{"0":"post-354289","1":"post","2":"type-post","3":"status-publish","4":"format-standard","5":"has-post-thumbnail","7":"category-nice","8":"tag-actu","9":"tag-actualites","10":"tag-eu","11":"tag-europe","12":"tag-fr","13":"tag-france","14":"tag-news","15":"tag-nice","16":"tag-provence-alpes-cote-dazur","17":"tag-republique-francaise","18":"tag-vie-locale"},"share_on_mastodon":{"url":"https:\/\/pubeurope.com\/@fr\/115117118236681239","error":""},"_links":{"self":[{"href":"https:\/\/www.europesays.com\/fr\/wp-json\/wp\/v2\/posts\/354289","targetHints":{"allow":["GET"]}}],"collection":[{"href":"https:\/\/www.europesays.com\/fr\/wp-json\/wp\/v2\/posts"}],"about":[{"href":"https:\/\/www.europesays.com\/fr\/wp-json\/wp\/v2\/types\/post"}],"author":[{"embeddable":true,"href":"https:\/\/www.europesays.com\/fr\/wp-json\/wp\/v2\/users\/2"}],"replies":[{"embeddable":true,"href":"https:\/\/www.europesays.com\/fr\/wp-json\/wp\/v2\/comments?post=354289"}],"version-history":[{"count":0,"href":"https:\/\/www.europesays.com\/fr\/wp-json\/wp\/v2\/posts\/354289\/revisions"}],"wp:featuredmedia":[{"embeddable":true,"href":"https:\/\/www.europesays.com\/fr\/wp-json\/wp\/v2\/media\/354290"}],"wp:attachment":[{"href":"https:\/\/www.europesays.com\/fr\/wp-json\/wp\/v2\/media?parent=354289"}],"wp:term":[{"taxonomy":"category","embeddable":true,"href":"https:\/\/www.europesays.com\/fr\/wp-json\/wp\/v2\/categories?post=354289"},{"taxonomy":"post_tag","embeddable":true,"href":"https:\/\/www.europesays.com\/fr\/wp-json\/wp\/v2\/tags?post=354289"}],"curies":[{"name":"wp","href":"https:\/\/api.w.org\/{rel}","templated":true}]}}