{"id":354291,"date":"2025-08-30T09:56:12","date_gmt":"2025-08-30T09:56:12","guid":{"rendered":"https:\/\/www.europesays.com\/fr\/354291\/"},"modified":"2025-08-30T09:56:12","modified_gmt":"2025-08-30T09:56:12","slug":"ligue-europa-du-serieux-pour-lyon-et-nice-plus-facile-pour-lille-decouvrez-les-adversaires-des-francais","status":"publish","type":"post","link":"https:\/\/www.europesays.com\/fr\/354291\/","title":{"rendered":"Ligue Europa\u00a0: du s\u00e9rieux pour Lyon et Nice, plus facile pour Lille, d\u00e9couvrez les adversaires des Fran\u00e7ais"},"content":{"rendered":"<p class=\"paragraph text_align_left lp-f-body-02\">Lyon, Lille ou Nice parviendront-ils \u00e0 remporter la Ligue Europa ? C\u2019est le r\u00eave des clubs fran\u00e7ais en Ligue Europa dont le tirage au sort a eu lieu \u00e0 Monaco. Mais ils n\u2019en seront pas favoris\u2026<\/p>\n<p class=\"paragraph text_align_left lp-f-body-02\"><a href=\"https:\/\/www.leparisien.fr\/sports\/football\/ligue-1\/ce-nest-pas-le-moindre-de-mes-defis-leternel-olivier-giroud-veut-rallumer-la-flamme-avec-lille-12-08-2025-G765FNV7ONBVBBX2BYWPCBGOMQ.php\" target=\"_self\" rel=\"nofollow noopener\">Olivier Giroud<\/a> et ses co\u00e9quipiers lillois ont plut\u00f4t \u00e9t\u00e9 g\u00e2t\u00e9s, avec, au programme : les d\u00e9placements \u00e0 l\u2019AS Rome, \u00e0 Belgrade (\u00c9toile Rouge), \u00e0 Berne (Suisse) et au Celta Vigo et les r\u00e9ceptions du GNK Dinamo (Zagreb), de PAOK Salonique (Gr\u00e8ce), de Brann (Roumanie) et de Fribourg (Allemagne).<\/p>\n<p>Un tirage plus relev\u00e9 pour Lyon et Nice<\/p>\n<p class=\"paragraph text_align_left lp-f-body-02\">Les Lyonnais, eux, ont h\u00e9rit\u00e9 d\u2019un tirage plus relev\u00e9. \u00c0 domicile, les hommes de Paulo Fonseca affronteront alors Salzbourg (Autriche), PAOK Salonique, B\u00e2le (Suisse) et Malm\u00f6 (Su\u00e8de) \u00e0 domicile. Tandis qu\u2019\u00e0 l\u2019ext\u00e9rieur, ce sont le Betis Seville, Maccabi Tel-Aviv, Young Boys Berne et le Panathinaikos qui les attendent.<\/p>\n<p class=\"paragraph text_align_left lp-f-body-02\">Les Ni\u00e7ois n\u2019ont d\u00e9cid\u00e9ment pas beaucoup de chance, h\u00e9ritant d\u2019un tirage compliqu\u00e9 avec l\u2019AS Roma, Braga, Fribourg et Go Ahead Eagles \u00e0 domicile. Le FC Porto, le Fenerbah\u00e7e, Ludogorets et le Celta Vigo seront leurs adversaires \u00e0 l\u2019ext\u00e9rieur.<\/p>\n","protected":false},"excerpt":{"rendered":"Lyon, Lille ou Nice parviendront-ils \u00e0 remporter la Ligue Europa ? C\u2019est le r\u00eave des clubs fran\u00e7ais en&hellip;\n","protected":false},"author":2,"featured_media":354292,"comment_status":"","ping_status":"","sticky":false,"template":"","format":"standard","meta":{"footnotes":""},"categories":[2819],"tags":[1111,11,1777,674,63,1011,27,12,2401,882,25,60],"class_list":{"0":"post-354291","1":"post","2":"type-post","3":"status-publish","4":"format-standard","5":"has-post-thumbnail","7":"category-nice","8":"tag-actu","9":"tag-actualites","10":"tag-eu","11":"tag-europe","12":"tag-football","13":"tag-fr","14":"tag-france","15":"tag-news","16":"tag-nice","17":"tag-provence-alpes-cote-dazur","18":"tag-republique-francaise","19":"tag-sports"},"share_on_mastodon":{"url":"https:\/\/pubeurope.com\/@fr\/115117122080819120","error":""},"_links":{"self":[{"href":"https:\/\/www.europesays.com\/fr\/wp-json\/wp\/v2\/posts\/354291","targetHints":{"allow":["GET"]}}],"collection":[{"href":"https:\/\/www.europesays.com\/fr\/wp-json\/wp\/v2\/posts"}],"about":[{"href":"https:\/\/www.europesays.com\/fr\/wp-json\/wp\/v2\/types\/post"}],"author":[{"embeddable":true,"href":"https:\/\/www.europesays.com\/fr\/wp-json\/wp\/v2\/users\/2"}],"replies":[{"embeddable":true,"href":"https:\/\/www.europesays.com\/fr\/wp-json\/wp\/v2\/comments?post=354291"}],"version-history":[{"count":0,"href":"https:\/\/www.europesays.com\/fr\/wp-json\/wp\/v2\/posts\/354291\/revisions"}],"wp:featuredmedia":[{"embeddable":true,"href":"https:\/\/www.europesays.com\/fr\/wp-json\/wp\/v2\/media\/354292"}],"wp:attachment":[{"href":"https:\/\/www.europesays.com\/fr\/wp-json\/wp\/v2\/media?parent=354291"}],"wp:term":[{"taxonomy":"category","embeddable":true,"href":"https:\/\/www.europesays.com\/fr\/wp-json\/wp\/v2\/categories?post=354291"},{"taxonomy":"post_tag","embeddable":true,"href":"https:\/\/www.europesays.com\/fr\/wp-json\/wp\/v2\/tags?post=354291"}],"curies":[{"name":"wp","href":"https:\/\/api.w.org\/{rel}","templated":true}]}}