{"id":354293,"date":"2025-08-30T09:57:51","date_gmt":"2025-08-30T09:57:51","guid":{"rendered":"https:\/\/www.europesays.com\/fr\/354293\/"},"modified":"2025-08-30T09:57:51","modified_gmt":"2025-08-30T09:57:51","slug":"pas-de-retour-a-angers-pour-un-ange-gardien-qui-avait-tente-dassassiner-un-junkie-a-nantes-angers-info","status":"publish","type":"post","link":"https:\/\/www.europesays.com\/fr\/354293\/","title":{"rendered":"Pas de retour \u00e0 Angers pour un \u00ab\u00a0ange gardien\u00a0\u00bb qui avait tent\u00e9 d\u2019assassiner un \u00ab\u00a0junkie\u00a0\u00bb \u00e0 Nantes \u2013 Angers Info"},"content":{"rendered":"<p><img fetchpriority=\"high\" decoding=\"async\" width=\"1024\" height=\"665\" src=\"https:\/\/www.europesays.com\/fr\/wp-content\/uploads\/2025\/08\/palais-de-justice-tribunal-photo-thibaut-seguin-1556285170-1024x665.jpg\" alt=\"\" class=\"wp-image-94180\"  \/><\/p>\n<p><strong>La chambre de l\u2019instruction de la cour d\u2019appel de Rennes a refus\u00e9 ce vendredi 29 ao\u00fbt 2025 de remettre en libert\u00e9 \u00e0 Angers (Maine-et-Loire) d\u2019un jeune soup\u00e7onn\u00e9 d\u2019avoir tent\u00e9 d\u2019assassiner un \u00ab\u00a0junkie\u00a0\u00bb qui s\u2019en \u00e9tait pris \u00e0 sa m\u00e8re \u00e0 Nantes (Loire-Atlantique).<\/strong><\/p>\n<p>Pour rappel, un homme d\u2019une vingtaine d\u2019ann\u00e9es avait subi une violente agression au couteau rue Romain-Rolland, \u00e0 Nantes (Loire-Atlantique), le 12 janvier 2024, au sein du quartier Bellevue. Il pr\u00e9sentait \u00ab\u00a0six plaies\u00a0\u00bb dont une \u00ab\u00a0au niveau du c\u0153ur\u00a0\u00bb apr\u00e8s avoir \u00e9t\u00e9 poignard\u00e9 \u00ab\u00a0dans un hall d\u2019immeuble\u00a0\u00bb par \u00ab\u00a0un homme cagoul\u00e9\u00a0\u00bb.<\/p>\n<p><strong>\u00ab\u00a0Arr\u00eate, tu vas le tuer\u00a0\u00bb,<\/strong> aurait d\u2019ailleurs lanc\u00e9 un complice de l\u2019auteur des coups de couteau. La victime \u00e9tait parvenue \u00e0 sortir de l\u2019immeuble, mais s\u2019\u00e9tait effectivement<strong> \u00ab\u00a0effondr\u00e9e sur la route\u00a0\u00bb alors qu\u2019il avait le thorax et le colon perfor\u00e9s.<\/strong><\/p>\n<p>La vid\u00e9osurveillance avait permis d\u2019accr\u00e9diter le r\u00e9cit de la victime : <strong>l\u2019homme avait \u00e9t\u00e9 \u00ab\u00a0conduit dans un hall\u00a0\u00bb et \u00ab\u00a0deux individus en scooter\u00a0\u00bb \u00e9taient arriv\u00e9s \u00ab\u00a0simultan\u00e9ment\u00a0\u00bb. Une \u00ab\u00a0agitation certaine\u00a0\u00bb \u00e9tait ainsi perceptible sur les images de la Ville de Nantes. Plusieurs profils g\u00e9n\u00e9tiques seront par ailleurs d\u00e9couverts \u00ab\u00a0sur des bouteilles et des chewing-gums\u00a0\u00bb laiss\u00e9s sur place.<\/strong><\/p>\n<p><strong>LA VICTIME S\u2019ETAIT \u00ab\u00a0EXHIBEE\u00a0\u00bb DEVANT LA MERE DU SUSPECT<\/strong><\/p>\n<p>Le t\u00e9l\u00e9phone de Lotfi XXX, un jeune de 22 ans, bornait par ailleurs sur le lieu des faits : plac\u00e9 en garde \u00e0 vue, ce jeune homme originaire d\u2019Angers avait d\u2019abord \u00ab\u00a0contest\u00e9\u00a0\u00bb sa participation, expliquant avoir seulement eu \u00ab\u00a0vent\u00a0\u00bb d\u2019une rixe survenue \u00ab\u00a0entre deux bl\u00e9dards\u00a0\u00bb. Mais finalement, sa m\u00e8re avait expliqu\u00e9 aux enqu\u00eateurs avoir \u00e9t\u00e9 victime \u00e0 plusieurs reprises de la victime, un \u00ab\u00a0junkie\u00a0\u00bb qui s\u2019\u00e9tait notamment \u00ab\u00a0exhib\u00e9 sexuellement\u00a0\u00bb devant elle dans le quartier Bellevue.<\/p>\n<p>Plac\u00e9 sur \u00e9coutes dans sa cellule, son fils s\u2019\u00e9tait \u00ab\u00a0auto-incrimin\u00e9\u00a0\u00bb au t\u00e9l\u00e9phone, expliquant avoir agi \u00ab\u00a0pour sa m\u00e8re\u00a0\u00bb : il a finalement reconnu \u00eatre l\u2019auteur des coups de couteau, mais conteste en revanche la \u00ab\u00a0pr\u00e9m\u00e9ditation\u00a0\u00bb ou le \u00ab\u00a0guet-apens\u00a0\u00bb. <strong>D\u00e9crit comme un homme \u00e0 la \u00ab\u00a0personnalit\u00e9 influen\u00e7able\u00a0\u00bb par un expert psychologue, ce jeune a un parcours de vie \u00ab\u00a0\u00e9troitement li\u00e9 \u00e0 une m\u00e8re possessive, exclusive et bipolaire\u00a0\u00bb : il se consid\u00e8re comme \u00ab\u00a0l\u2019ange gardien de sa m\u00e8re\u00a0\u00bb, avait analys\u00e9 le praticien.<\/strong><\/p>\n<p><strong>\u00ab\u00a0Il a le sentiment d\u2019\u00eatre investi d\u2019une mission de protection de sa m\u00e8re\u00a0\u00bb<\/strong>, a convenu son avocat, Me Lo\u00efc Cabioch. De son point de vue, <strong>cet \u00ab\u00a0\u00e9l\u00e9ment\u00a0\u00bb ne pouvait toutefois justifier son maintien en d\u00e9tention \u00ab\u00a0dix-huit mois plus tard\u00a0\u00bb <\/strong>: le jeune homme <strong>pouvait \u00eatre h\u00e9berg\u00e9 chez le beau-p\u00e8re de sa compagne, \u00e0 Angers,<\/strong> o\u00f9 cette derni\u00e8re et leur enfant commun pourraient par la suite le rejoindre.<\/p>\n<p><strong>\u00ab\u00a0Tous les jours je pense \u00e0 ce qui s\u2019est pass\u00e9, je ne dors plus et je perds du poids\u00a0\u00bb,<\/strong> a souffl\u00e9 pour sa part Lotfi XXX, d\u00e9j\u00e0 condamn\u00e9 \u00e0 quatre reprises. <strong>Mais \u00ab\u00a0on n\u2019est pas \u00e0 l\u2019abri d\u2019un passage \u00e0 l\u2019acte de cette intensit\u00e9\u00a0\u00bb<\/strong>, a r\u00e9pliqu\u00e9 l\u2019avocat g\u00e9n\u00e9rale, d\u00e9plorant <strong>les \u00ab\u00a0d\u00e9g\u00e2ts gravissimes\u00a0\u00bb d\u00e9j\u00e0 caus\u00e9s par le jeune homme de 22 ans.<\/strong> L\u2019information judiciaire devrait par ailleurs s\u2019achever <strong>\u00ab\u00a0d\u2019ici quatre mois\u00a0\u00bb<\/strong>, a-t-elle dit pour justifier son maintien en d\u00e9tention. Ce vendredi 29 ao\u00fbt 2025, <strong>la chambre de l\u2019instruction de la cour d\u2019appel de Rennes s\u2019est rang\u00e9e \u00e0 son avis.<\/strong>\/CB<\/p>\n","protected":false},"excerpt":{"rendered":"La chambre de l\u2019instruction de la cour d\u2019appel de Rennes a refus\u00e9 ce vendredi 29 ao\u00fbt 2025 de&hellip;\n","protected":false},"author":2,"featured_media":354294,"comment_status":"","ping_status":"","sticky":false,"template":"","format":"standard","meta":{"footnotes":""},"categories":[2818],"tags":[1111,11,49043,1777,674,1011,27,303,766,12,2636,25],"class_list":{"0":"post-354293","1":"post","2":"type-post","3":"status-publish","4":"format-standard","5":"has-post-thumbnail","7":"category-nantes","8":"tag-actu","9":"tag-actualites","10":"tag-cour-d-appel","11":"tag-eu","12":"tag-europe","13":"tag-fr","14":"tag-france","15":"tag-justice","16":"tag-nantes","17":"tag-news","18":"tag-pays-de-la-loire","19":"tag-republique-francaise"},"share_on_mastodon":{"url":"https:\/\/pubeurope.com\/@fr\/115117130741941039","error":""},"_links":{"self":[{"href":"https:\/\/www.europesays.com\/fr\/wp-json\/wp\/v2\/posts\/354293","targetHints":{"allow":["GET"]}}],"collection":[{"href":"https:\/\/www.europesays.com\/fr\/wp-json\/wp\/v2\/posts"}],"about":[{"href":"https:\/\/www.europesays.com\/fr\/wp-json\/wp\/v2\/types\/post"}],"author":[{"embeddable":true,"href":"https:\/\/www.europesays.com\/fr\/wp-json\/wp\/v2\/users\/2"}],"replies":[{"embeddable":true,"href":"https:\/\/www.europesays.com\/fr\/wp-json\/wp\/v2\/comments?post=354293"}],"version-history":[{"count":0,"href":"https:\/\/www.europesays.com\/fr\/wp-json\/wp\/v2\/posts\/354293\/revisions"}],"wp:featuredmedia":[{"embeddable":true,"href":"https:\/\/www.europesays.com\/fr\/wp-json\/wp\/v2\/media\/354294"}],"wp:attachment":[{"href":"https:\/\/www.europesays.com\/fr\/wp-json\/wp\/v2\/media?parent=354293"}],"wp:term":[{"taxonomy":"category","embeddable":true,"href":"https:\/\/www.europesays.com\/fr\/wp-json\/wp\/v2\/categories?post=354293"},{"taxonomy":"post_tag","embeddable":true,"href":"https:\/\/www.europesays.com\/fr\/wp-json\/wp\/v2\/tags?post=354293"}],"curies":[{"name":"wp","href":"https:\/\/api.w.org\/{rel}","templated":true}]}}