{"id":354299,"date":"2025-08-30T10:00:16","date_gmt":"2025-08-30T10:00:16","guid":{"rendered":"https:\/\/www.europesays.com\/fr\/354299\/"},"modified":"2025-08-30T10:00:16","modified_gmt":"2025-08-30T10:00:16","slug":"500-drones-illumineront-le-ciel-les-5-et-6-septembre","status":"publish","type":"post","link":"https:\/\/www.europesays.com\/fr\/354299\/","title":{"rendered":"500 drones illumineront le ciel les 5 et 6 septembre"},"content":{"rendered":"<p>\ud83d\udd52 Article publi\u00e9 le 30 ao\u00fbt 2025<br \/>&#13;<br \/>\n\u2705 Mis \u00e0 jour le 30 ao\u00fbt 2025<\/p>\n<p>Les <strong>5 et 6 septembre 2025<\/strong>, le ciel de Bordeaux va se transformer en sc\u00e8ne de spectacle. L\u2019<strong>Hippodrome du Bouscat<\/strong> accueillera pour la premi\u00e8re fois en Nouvelle-Aquitaine le <strong>DroneArt Show<\/strong>, l\u2019\u00e9v\u00e9nement international ! Au programme : un ballet de 500 drones synchronis\u00e9s s\u2019\u00e9levant dans la nuit pour cr\u00e9er constellations, spirales et figures g\u00e9antes. Voici tout ce que devait savoir pour vivre cette exp\u00e9rience in\u00e9dite \u00e0 Bordeaux.<\/p>\n<p>Le spectacle illuminera le ciel bordelais avec pr\u00e8s de 500 drones \u00a9 DroneArt Show<\/p>\n<p>DroneArt Show : 500 drones et 20 000 bougies<\/p>\n<p>Avec DroneArt Show, le principe est simple, mais impressionnant (et magique). Tandis que sur sc\u00e8ne, un quatuor interpr\u00e8te Debussy, Vivaldi ou Tcha\u00efkovski, autour, des <strong>milliers de bougies<\/strong> cr\u00e9ent une atmosph\u00e8re unique. Puis, les drones prennent leur envol pour former des figures g\u00e9om\u00e9triques et autres formes dans le ciel. Vous l\u2019aurez compris, pendant <strong>65 minutes<\/strong>, Bordeaux assistera \u00e0 un v\u00e9ritable show technologique !<\/p>\n<p>Comment voir le spectacle de drones<\/p>\n<p>Voici toutes les <strong>informations pratiques<\/strong> dont vous aurez besoin pour assister \u00e0 cet \u00e9v\u00e9nement in\u00e9dit \u00e0 Bordeaux :<\/p>\n<ul>\n<li><strong>Dates :<\/strong> Vendredi 5 et samedi 6 septembre 2025<\/li>\n<li><strong>Horaire :<\/strong> Le spectacle commence \u00e0 21h, mais les portes ouvrent deux heures avant le d\u00e9but du show<\/li>\n<li><strong>Dur\u00e9e :<\/strong> Environ 65 minutes<\/li>\n<li><strong>Lieu :<\/strong> Hippodrome de Bordeaux Le Bouscat (8 Av. de l\u2019Hippodrome, 33110 Le Bouscat)<\/li>\n<li><strong>\u00c0 noter :<\/strong> Lieu accessible aux PMR, pas de limite d\u2019\u00e2ge.<\/li>\n<li><strong>R\u00e9servation obligatoire<\/strong><\/li>\n<\/ul>\n<p>Une soir\u00e9e con\u00e7ue comme un festival<\/p>\n<p><strong>D\u00e8s 19h<\/strong>, le public pourra profiter d\u2019un espace festif avec food trucks et DJ sets. L\u2019id\u00e9e est de cr\u00e9er une <strong>soir\u00e9e compl\u00e8te<\/strong>, entre ambiance conviviale au sol et spectacle hors norme dans le ciel. D\u2019ailleurs, le choix de l\u2019Hippodrome du Bouscat n\u2019est pas anodin : loin des lumi\u00e8res urbaines, c\u2019est le cadre id\u00e9al pour observer le show.<\/p>\n<p><img loading=\"lazy\" decoding=\"async\" aria-describedby=\"caption-attachment-29330\" class=\"size-full wp-image-29330 lazyload ewww_webp_lazy_load\" src=\"https:\/\/www.europesays.com\/fr\/wp-content\/uploads\/2025\/08\/droneart-show.jpg\" alt=\"Plusieurs animaux prendront vie le temps du spectacle - DroneArt Show\" width=\"1200\" height=\"675\" style=\"--smush-placeholder-width: 1200px; --smush-placeholder-aspect-ratio: 1200\/675;\" src-webp=\"https:\/\/www.europesays.com\/fr\/wp-content\/uploads\/2025\/08\/droneart-show.jpg.webp\"\/><\/p>\n<p id=\"caption-attachment-29330\" class=\"wp-caption-text\">Plusieurs animaux prendront vie le temps du spectacle \u00a9 DroneArt Show<\/p>\n<p>Bordeaux rejoint la liste des grandes villes du spectacle<\/p>\n<p>Apr\u00e8s Madrid, Milan, Miami et m\u00eame Lyon, le <a href=\"https:\/\/thedroneartshow.com\/bordeaux\/\" target=\"_blank\" rel=\"nofollow noopener\">DroneArt Show<\/a> pose ses valises \u00e0 Bordeaux. Eh oui, <a href=\"https:\/\/passion-aquitaine.ouest-france.fr\/festivals-septembre-bordeaux\/\" rel=\"nofollow noopener\" target=\"_blank\">apr\u00e8s les festivals<\/a>, la <strong>capitale de Gironde<\/strong> n\u2019en fini pas d\u2019attirer les shows internationaux. Longtemps associ\u00e9e \u00e0 son patrimoine viticole, la m\u00e9tropole s\u2019impose aujourd\u2019hui comme une sc\u00e8ne moderne et une plaque tournante de l\u2019\u00e9v\u00e9nementiel. \u00c7a donne envie d\u2019y passer ses prochaines vacances, non ?<\/p>\n","protected":false},"excerpt":{"rendered":"\ud83d\udd52 Article publi\u00e9 le 30 ao\u00fbt 2025&#13; \u2705 Mis \u00e0 jour le 30 ao\u00fbt 2025 Les 5 et&hellip;\n","protected":false},"author":2,"featured_media":354300,"comment_status":"","ping_status":"","sticky":false,"template":"","format":"standard","meta":{"footnotes":""},"categories":[2817],"tags":[1111,11,1997,49046,1777,674,1011,27,12,2219,25,49048,49044,49045,49047],"class_list":{"0":"post-354299","1":"post","2":"type-post","3":"status-publish","4":"format-standard","5":"has-post-thumbnail","7":"category-bordeaux","8":"tag-actu","9":"tag-actualites","10":"tag-bordeaux","11":"tag-bordeaux-drones","12":"tag-eu","13":"tag-europe","14":"tag-fr","15":"tag-france","16":"tag-news","17":"tag-nouvelle-aquitaine","18":"tag-republique-francaise","19":"tag-spectacle-bordeaux","20":"tag-spectacle-de-drones","21":"tag-spectacle-de-drones-bordeaux","22":"tag-u00e9vu00e9nement-bordeaux"},"share_on_mastodon":{"url":"https:\/\/pubeurope.com\/@fr\/115117137969108982","error":""},"_links":{"self":[{"href":"https:\/\/www.europesays.com\/fr\/wp-json\/wp\/v2\/posts\/354299","targetHints":{"allow":["GET"]}}],"collection":[{"href":"https:\/\/www.europesays.com\/fr\/wp-json\/wp\/v2\/posts"}],"about":[{"href":"https:\/\/www.europesays.com\/fr\/wp-json\/wp\/v2\/types\/post"}],"author":[{"embeddable":true,"href":"https:\/\/www.europesays.com\/fr\/wp-json\/wp\/v2\/users\/2"}],"replies":[{"embeddable":true,"href":"https:\/\/www.europesays.com\/fr\/wp-json\/wp\/v2\/comments?post=354299"}],"version-history":[{"count":0,"href":"https:\/\/www.europesays.com\/fr\/wp-json\/wp\/v2\/posts\/354299\/revisions"}],"wp:featuredmedia":[{"embeddable":true,"href":"https:\/\/www.europesays.com\/fr\/wp-json\/wp\/v2\/media\/354300"}],"wp:attachment":[{"href":"https:\/\/www.europesays.com\/fr\/wp-json\/wp\/v2\/media?parent=354299"}],"wp:term":[{"taxonomy":"category","embeddable":true,"href":"https:\/\/www.europesays.com\/fr\/wp-json\/wp\/v2\/categories?post=354299"},{"taxonomy":"post_tag","embeddable":true,"href":"https:\/\/www.europesays.com\/fr\/wp-json\/wp\/v2\/tags?post=354299"}],"curies":[{"name":"wp","href":"https:\/\/api.w.org\/{rel}","templated":true}]}}