{"id":354301,"date":"2025-08-30T10:01:11","date_gmt":"2025-08-30T10:01:11","guid":{"rendered":"https:\/\/www.europesays.com\/fr\/354301\/"},"modified":"2025-08-30T10:01:11","modified_gmt":"2025-08-30T10:01:11","slug":"emy-aux-3t-de-toulouse-une-soiree-hilarante-avec-la-bonne-pote-du-23-au-24-septembre","status":"publish","type":"post","link":"https:\/\/www.europesays.com\/fr\/354301\/","title":{"rendered":"Emy aux 3T de Toulouse : Une Soir\u00e9e Hilarante avec la \u00ab\u00a0Bonne Pote\u00a0\u00bb du 23 au 24 Septembre !"},"content":{"rendered":"<p><b>Toulouse, pr\u00e9parez-vous \u00e0 rire aux \u00e9clats ! Emy, une humoriste au parcours atypique et \u00e0 l\u2019\u00e9nergie communicative, a choisi le Caf\u00e9 Th\u00e9\u00e2tre Les 3 T pour raconter son histoire aux Toulousains. Rendez-vous les mardi 23 et mercredi 24 septembre 2025 \u00e0 20h00 pour son premier spectacle, o\u00f9 tout devient possible !<\/b><\/p>\n<p><img loading=\"lazy\" decoding=\"async\" class=\"size-medium wp-image-902081 aligncenter\" src=\"https:\/\/www.europesays.com\/fr\/wp-content\/uploads\/2025\/08\/EMY-CAFE-THEATRE-LES-3T-300x225.jpg.webp.webp\" alt=\"\" width=\"300\" height=\"225\"  \/><\/p>\n<p>D\u2019aussi loin qu\u2019elle s\u2019en souvienne, Emy a toujours su faire marrer son monde \u2013 m\u00eame ses profs devaient interrompre leurs cours pour rigoler de ses blagues ! Aujourd\u2019hui, c\u2019est \u00e0 vous de prendre place dans son salon. Emy se pr\u00e9sente comme la \u00ab\u00a0bonne pote\u00a0\u00bb dont vous avez besoin pour une soir\u00e9e de d\u00e9tente et de fous rires.<\/p>\n<p>Pendant une heure, elle vous raconte avec humour et sans complexe son parcours de vie, ses anecdotes aussi dr\u00f4les qu\u2019improbables. Emy n\u2019a pas peur de se livrer, cr\u00e9ant un lien unique avec le public. Attendez-vous \u00e0 une s\u00e9rie de situations cocasses et de r\u00e9flexions d\u00e9cal\u00e9es qui vous feront passer du rire \u00e0 l\u2019\u00e9motion.<\/p>\n<p>Soyez pr\u00eats, car avec Emy, tout devient possible !<\/p>\n<p>Infos Pratiques :<\/p>\n<ul>\n<li><b>Artiste :<\/b> Emy<\/li>\n<li><b>Date :<\/b> Mardi 23 et Mercredi 24 septembre 2025<\/li>\n<li><b>Heure :<\/b> 20h00<\/li>\n<li><b>Lieu :<\/b> Caf\u00e9 Th\u00e9\u00e2tre Les 3 T, Toulouse<\/li>\n<li><b>Tarif :<\/b> 27\u20ac<\/li>\n<li><b>Billetterie :<\/b> <a href=\"https:\/\/new.3tcafetheatre.com\/spectacle\/emy\/\" target=\"_blank\" rel=\"noopener nofollow\">Caf\u00e9 Th\u00e9\u00e2tre Les 3 T<\/a><\/li>\n<\/ul>\n<p>Ne manquez pas ce rendez-vous avec une humoriste pleine de talent et d\u2019authenticit\u00e9 !<\/p>\n","protected":false},"excerpt":{"rendered":"Toulouse, pr\u00e9parez-vous \u00e0 rire aux \u00e9clats ! Emy, une humoriste au parcours atypique et \u00e0 l\u2019\u00e9nergie communicative, a&hellip;\n","protected":false},"author":2,"featured_media":354302,"comment_status":"","ping_status":"","sticky":false,"template":"","format":"standard","meta":{"footnotes":""},"categories":[2816],"tags":[1111,11,1777,674,1011,27,12,2680,25,2312],"class_list":{"0":"post-354301","1":"post","2":"type-post","3":"status-publish","4":"format-standard","5":"has-post-thumbnail","7":"category-toulouse","8":"tag-actu","9":"tag-actualites","10":"tag-eu","11":"tag-europe","12":"tag-fr","13":"tag-france","14":"tag-news","15":"tag-occitanie","16":"tag-republique-francaise","17":"tag-toulouse"},"share_on_mastodon":{"url":"https:\/\/pubeurope.com\/@fr\/115117141820982750","error":""},"_links":{"self":[{"href":"https:\/\/www.europesays.com\/fr\/wp-json\/wp\/v2\/posts\/354301","targetHints":{"allow":["GET"]}}],"collection":[{"href":"https:\/\/www.europesays.com\/fr\/wp-json\/wp\/v2\/posts"}],"about":[{"href":"https:\/\/www.europesays.com\/fr\/wp-json\/wp\/v2\/types\/post"}],"author":[{"embeddable":true,"href":"https:\/\/www.europesays.com\/fr\/wp-json\/wp\/v2\/users\/2"}],"replies":[{"embeddable":true,"href":"https:\/\/www.europesays.com\/fr\/wp-json\/wp\/v2\/comments?post=354301"}],"version-history":[{"count":0,"href":"https:\/\/www.europesays.com\/fr\/wp-json\/wp\/v2\/posts\/354301\/revisions"}],"wp:featuredmedia":[{"embeddable":true,"href":"https:\/\/www.europesays.com\/fr\/wp-json\/wp\/v2\/media\/354302"}],"wp:attachment":[{"href":"https:\/\/www.europesays.com\/fr\/wp-json\/wp\/v2\/media?parent=354301"}],"wp:term":[{"taxonomy":"category","embeddable":true,"href":"https:\/\/www.europesays.com\/fr\/wp-json\/wp\/v2\/categories?post=354301"},{"taxonomy":"post_tag","embeddable":true,"href":"https:\/\/www.europesays.com\/fr\/wp-json\/wp\/v2\/tags?post=354301"}],"curies":[{"name":"wp","href":"https:\/\/api.w.org\/{rel}","templated":true}]}}