{"id":354303,"date":"2025-08-30T10:02:15","date_gmt":"2025-08-30T10:02:15","guid":{"rendered":"https:\/\/www.europesays.com\/fr\/354303\/"},"modified":"2025-08-30T10:02:15","modified_gmt":"2025-08-30T10:02:15","slug":"sur-quelle-chaine-et-a-quelle-heure-voir-le-match","status":"publish","type":"post","link":"https:\/\/www.europesays.com\/fr\/354303\/","title":{"rendered":"Sur quelle cha\u00eene et \u00e0 quelle heure voir le match ?"},"content":{"rendered":"<p><strong>Ce samedi soir, le TFC accueille<br \/>\nle PSG \u00e0 l&rsquo;occasion de la troisi\u00e8me journ\u00e9e de Ligue 1. Une<br \/>\nrencontre \u00e0 suivre en direct sur notre site.<\/strong><\/p>\n<p>Toulouse-PSG, le match en direct<\/p>\n<p>Le Stadium affichera complet ce soir \u00e0 21h05, heure du coup dans<br \/>\nla Ville rose de la r\u00e9ception du <a href=\"https:\/\/www.sports.fr\/football\/psg\" rel=\"nofollow noopener\" target=\"_blank\"><strong>Paris<br \/>\nSaint-Germain<\/strong><\/a> par le TFC. Un match \u00e0 suivre dans le<br \/>\nlive comment\u00e9 ci-dessous.<\/p>\n<p>Match en direct<\/p>\n<ul class=\"list-inline text-center live-match-info\">\n<li class=\"live-match-info-item\">DATE :<br \/>\n30\/08\/2025<\/li>\n<li class=\"live-match-info-item\">Horaires : 21h05<\/li>\n<\/ul>\n<p><img decoding=\"async\" class=\"equipe-logo lazy-load align-middle m-b-10\" src=\"https:\/\/www.europesays.com\/fr\/wp-content\/uploads\/2025\/08\/899.png\" alt=\"Toulouse\"\/><\/p>\n<p>Toulouse<\/p>\n<p><img decoding=\"async\" class=\"equipe-logo lazy-load align-middle m-b-10\" src=\"https:\/\/www.europesays.com\/fr\/wp-content\/uploads\/2025\/08\/886.png\" alt=\"Paris Saint-Germain\"\/><\/p>\n<p>Paris Saint-Germain<\/p>\n<p>Effectifs<\/p>\n<p><img decoding=\"async\" class=\"equipe-logo lazy-load align-middle m-b-10\" src=\"https:\/\/www.europesays.com\/fr\/wp-content\/uploads\/2025\/08\/899.png\" alt=\"Toulouse\"\/><br \/>\n<img decoding=\"async\" class=\"equipe-logo lazy-load align-middle m-b-10\" src=\"https:\/\/www.europesays.com\/fr\/wp-content\/uploads\/2025\/08\/886.png\" alt=\"Paris Saint-Germain\"\/><\/p>\n<ul class=\"list-unstyled live-match-effectifs-info\">\n<li>\n<p>FORMATION<\/p>\n<\/li>\n<li>\n<p>ENTRAINEUR<\/p>\n<\/li>\n<li>\n<p>EFFECTIFS<\/p>\n<\/li>\n<li>\n<p>Rempla\u00e7ants<\/p>\n<\/li>\n<\/ul>\n<ul class=\"list-unstyled live-match-effectifs-info\">\n<li>\n<p>FORMATION<\/p>\n<\/li>\n<li>\n<p>ENTRAINEUR<\/p>\n<\/li>\n<li>\n<p>EFFECTIFS<\/p>\n<\/li>\n<li>\n<p>Rempla\u00e7ants<\/p>\n<\/li>\n<\/ul>\n<p>Apr\u00e8s avoir battu Nantes et Angers lors des deux premi\u00e8res<br \/>\njourn\u00e9es, le PSG tentera d\u2019encha\u00eener avec un troisi\u00e8me succ\u00e8s<br \/>\ncons\u00e9cutif face \u00e0 une \u00e9quipe qui a \u00e9galement d\u00e9marr\u00e9 la saison avec<br \/>\ndeux victoires en championnat.<\/p>\n<p>\u00ab\u00a0Je m\u2019attends \u00e0 un match compliqu\u00e9, c\u2019est toujours le<br \/>\ncas \u00e0 l\u2019ext\u00e9rieur, a pr\u00e9venu Luis Enrique, vendredi en<br \/>\nconf\u00e9rence de presse. On s\u2019attend \u00e0 un bloc bas, avec peu<br \/>\nd\u2019espace. Ils sont sur une bonne dynamique, avec deux matches<br \/>\ngagn\u00e9s aussi depuis le d\u00e9but de saison. On a besoin de gagner cette<br \/>\nrencontre parce que nous voulons poursuivre sur notre chemin qui<br \/>\nest bien entam\u00e9.\u00a0\u00bb<\/p>\n<p>Pour ce d\u00e9placement, Luis Enrique pourrait tester une charni\u00e8re<br \/>\ncentrale in\u00e9dite, avec Zabarnyi\u00a0et\u00a0Pacho. La composition<br \/>\nde d\u00e9part des Rouge et Bleu est bien compliqu\u00e9e \u00e0 deviner, dans<br \/>\ntous les secteurs de jeu. Dans le camp adverse, Carles Martinez<br \/>\nNovell devra se passer d\u2019Azizi, Francis et Schmidt, \u00e0<br \/>\nl\u2019infirmerie.<\/p>\n<p>Toulouse-PSG, les compos probables<\/p>\n<p class=\"par1\"><b>Toulouse<\/b>\u00a0: Restes \u2013 Cresswell,<br \/>\nNicolaisen (c), McKenzie \u2013 Sidib\u00e9, Sauer, Casseres Jr, Methalie \u2013<br \/>\nD\u00f8nnum, Magri, Gboho.<\/p>\n<p class=\"par1\"><b>Paris SG<\/b> : Chevalier \u2013 Hakimi (c), Zabarnyi,<br \/>\nPacho, Nuno Mendes \u2013 Jo\u00e3o Neves, Vitinha, Fabian Ruiz \u2013 Dou\u00e9,<br \/>\nDemb\u00e9l\u00e9, Kvaratskhelia.<\/p>\n<p>Toulouse-PSG, sur quelle cha\u00eene voir le match ?<\/p>\n<p>La rencontre opposant Toulouse au PSG se disputera ce samedi 30<br \/>\nao\u00fbt, \u00e0 21h05 au Stadium. Elle sera retransmise<br \/>\n<strong>exclusivement sur Ligue 1+<\/strong>, le nouveau diffuseur<br \/>\nde la Ligue 1 McDonald\u2019s.<\/p>\n","protected":false},"excerpt":{"rendered":"Ce samedi soir, le TFC accueille le PSG \u00e0 l&rsquo;occasion de la troisi\u00e8me journ\u00e9e de Ligue 1. Une&hellip;\n","protected":false},"author":2,"featured_media":354304,"comment_status":"","ping_status":"","sticky":false,"template":"","format":"standard","meta":{"footnotes":""},"categories":[2816],"tags":[1111,11,1777,674,1011,27,12,2680,25,2312],"class_list":{"0":"post-354303","1":"post","2":"type-post","3":"status-publish","4":"format-standard","5":"has-post-thumbnail","7":"category-toulouse","8":"tag-actu","9":"tag-actualites","10":"tag-eu","11":"tag-europe","12":"tag-fr","13":"tag-france","14":"tag-news","15":"tag-occitanie","16":"tag-republique-francaise","17":"tag-toulouse"},"share_on_mastodon":{"url":"https:\/\/pubeurope.com\/@fr\/115117145738187029","error":""},"_links":{"self":[{"href":"https:\/\/www.europesays.com\/fr\/wp-json\/wp\/v2\/posts\/354303","targetHints":{"allow":["GET"]}}],"collection":[{"href":"https:\/\/www.europesays.com\/fr\/wp-json\/wp\/v2\/posts"}],"about":[{"href":"https:\/\/www.europesays.com\/fr\/wp-json\/wp\/v2\/types\/post"}],"author":[{"embeddable":true,"href":"https:\/\/www.europesays.com\/fr\/wp-json\/wp\/v2\/users\/2"}],"replies":[{"embeddable":true,"href":"https:\/\/www.europesays.com\/fr\/wp-json\/wp\/v2\/comments?post=354303"}],"version-history":[{"count":0,"href":"https:\/\/www.europesays.com\/fr\/wp-json\/wp\/v2\/posts\/354303\/revisions"}],"wp:featuredmedia":[{"embeddable":true,"href":"https:\/\/www.europesays.com\/fr\/wp-json\/wp\/v2\/media\/354304"}],"wp:attachment":[{"href":"https:\/\/www.europesays.com\/fr\/wp-json\/wp\/v2\/media?parent=354303"}],"wp:term":[{"taxonomy":"category","embeddable":true,"href":"https:\/\/www.europesays.com\/fr\/wp-json\/wp\/v2\/categories?post=354303"},{"taxonomy":"post_tag","embeddable":true,"href":"https:\/\/www.europesays.com\/fr\/wp-json\/wp\/v2\/tags?post=354303"}],"curies":[{"name":"wp","href":"https:\/\/api.w.org\/{rel}","templated":true}]}}