{"id":354305,"date":"2025-08-30T10:04:21","date_gmt":"2025-08-30T10:04:21","guid":{"rendered":"https:\/\/www.europesays.com\/fr\/354305\/"},"modified":"2025-08-30T10:04:21","modified_gmt":"2025-08-30T10:04:21","slug":"lille-enchaine-nantes-en-danger-le-psg-en-patron","status":"publish","type":"post","link":"https:\/\/www.europesays.com\/fr\/354305\/","title":{"rendered":"Lille enchaine, Nantes en danger, le PSG en patron"},"content":{"rendered":"<p><strong>Comme tous les samedi matins, retrouvez les derni\u00e8res informations, les enjeux et les pronostics de la r\u00e9daction pour la journ\u00e9e de Ligue 1.\u00a0<\/strong><\/p>\n<p>Apr\u00e8s le succ\u00e8s renversant de Lens contre Brest (r\u00e9duit \u00e0 10 avant l\u2019heure de jeu), 3-1, suite de la 3\u00e8me journ\u00e9e ce samedi, avec, \u00e0 17h, le d\u00e9placement de Lille \u00e0 Lorient. L\u2019occasion pour Olivier Giroud et ses co\u00e9quipiers de s\u2019installer en t\u00eate de la Ligue 1 provisoirement. Pour cette rencontre, les Dogues seront priv\u00e9s de Mukau, victime d\u2019une entorse de la cheville contre Monaco, en plus de Mbapp\u00e9 et Gomes, \u00e0 l\u2019infirmerie, alors que Santos attendra la tr\u00eave internationale pour faire son retour. Les Bretons, qui ont battu Rennes (4-0) \u00e0 11 contre 9, sont priv\u00e9s de Pagis, touch\u00e9 au mollet.<\/p>\n<p><img fetchpriority=\"high\" decoding=\"async\" width=\"1000\" height=\"984\" src=\"data:image\/svg+xml,%3Csvg%20xmlns=\" http:=\"\" alt=\"\" class=\"wp-image-3070824\" data-lazy- data-lazy- data-lazy-src=\"https:\/\/www.europesays.com\/fr\/wp-content\/uploads\/2025\/08\/LOTO-SPORTIF-2.png\"\/><\/p>\n<p>Grosse pression \u00e0 la Beaujoire<\/p>\n<p>A 19h, la r\u00e9ception d\u2019Auxerre par Nantes est d\u00e9j\u00e0 tr\u00e8s tendue. Deux fois battus, les Canaris doivent enfin lancer leur saison \u00e0 la Beaujoire. Mais les Bourguignons, qui ont montr\u00e9 de belles choses \u00e0 Nice le week-end dernier, avant d\u2019\u00eatre r\u00e9duits \u00e0 10, ont du r\u00e9pondant. La recrue nantaise, Lahdo est toujours absente. A Auxerre, L\u00e9on est suspendu et remplac\u00e9 par De Percin. Mais Sinayoko, qui devrait rester \u00e0 l\u2019AJA, est bien l\u00e0.<\/p>\n<p>On ne l\u2019aurait pas forc\u00e9ment pens\u00e9, mais le match Toulouse \u2013 Paris SG (21h05), est un v\u00e9ritable choc. Il oppose deux des quatre \u00e9quipes qui ont gagn\u00e9 leurs deux premiers matchs (avec Lyon et Strasbourg). C\u00f4t\u00e9 TFC, Canvot est incertain. A Paris, tout le monde est sur le pont, notamment Kvaratskh\u00e9lia, absent face \u00e0 Angers. Pas s\u00fbr que les Violets aient les armes pour r\u00e9sister aux Parisiens.\u00a0<\/p>\n<p>Suite de la 3\u00e8me journ\u00e9e dimanche, avec le d\u00e9placement de Rennes \u00e0 Angers, d\u00e8s 15h. Le destin fait que Lepaul, tout juste transf\u00e9r\u00e9 en Bretagne, sera dans le groupe rennais, alors que Brassier et Frankowski font leur retour, dans un groupe que quittent Whoo et Camara, expuls\u00e9s \u00e0 Lorient.\u00a0 A Angers, Mouton est de retour de suspension, apr\u00e8s son expulsion lors de la premi\u00e8re journ\u00e9e. Oblig\u00e9s de s\u2019imposer pour faire oublier leur match \u00e0 Lorient, les Rennais sont favoris.<\/p>\n<p>Le Havre n\u2019a pas le choix<\/p>\n<p>A 17h15, c\u2019est aussi avec une certaine pression que Le Havre accueille Nice. Apr\u00e8s deux d\u00e9faites et 6 buts encaiss\u00e9s, les Normands se doivent de r\u00e9agir. Delaine devrait faire son retour dans le groupe. A Nice, Dante, Clauss et Sanson devraient faire leur retour.\u00a0<\/p>\n<p>Apr\u00e8s son bon match \u00e0 Brondby jeudi (victoire 3-2 et qualification pour la Ligue Europa Conf\u00e9rence), Strasbourg va devoir sortir un gros match \u00e0 Monaco. Sans Omobamidele (Mollet), mais avec Penders et Hogsberg. Peu de changements \u00e0 Monaco, si ce n\u2019est que Ben Seghir est parti \u00e0 Leverkusen, et que Vanderson est tr\u00e8s tr\u00e8s incertain. <\/p>\n<p>Un Olympico spectaculaire<\/p>\n<p>Choc entre promus mais aussi deux \u00e9quipes sans point, toujours \u00e0 17h15. Le Paris FC accueille Metz pour sa grande premi\u00e8re \u00e0 Jean Bouin, avec l\u2019obligation de l\u2019emporter. Lees-Melou devrait d\u00e9buter c\u00f4t\u00e9 PFC, alors que Deminguet fait son retour \u00e0 Metz, mais Mboula sort du groupe.<\/p>\n<p>La 3\u00e8me journ\u00e9e se termine par l\u2019Olympico. Un match tr\u00e8s excitant, mais pour lequel il est difficile de pr\u00e9voir les compositions. Quid de Mikautadze (annonc\u00e9 \u00e0 Villarreal) et Fofana c\u00f4t\u00e9 OL ? Et quelle place pour Rabiot dans le groupe marseillais ? Un groupe toujours priv\u00e9 de Medina. Quoi qu\u2019il en soit, on devrait voir des buts au Groupama Stadium.\u00a0<\/p>\n","protected":false},"excerpt":{"rendered":"Comme tous les samedi matins, retrouvez les derni\u00e8res informations, les enjeux et les pronostics de la r\u00e9daction pour&hellip;\n","protected":false},"author":2,"featured_media":354306,"comment_status":"","ping_status":"","sticky":false,"template":"","format":"standard","meta":{"footnotes":""},"categories":[2815],"tags":[1111,11,1777,674,1011,27,811,1307,12,25],"class_list":{"0":"post-354305","1":"post","2":"type-post","3":"status-publish","4":"format-standard","5":"has-post-thumbnail","7":"category-lille","8":"tag-actu","9":"tag-actualites","10":"tag-eu","11":"tag-europe","12":"tag-fr","13":"tag-france","14":"tag-hauts-de-france","15":"tag-lille","16":"tag-news","17":"tag-republique-francaise"},"share_on_mastodon":{"url":"https:\/\/pubeurope.com\/@fr\/115117153620088314","error":""},"_links":{"self":[{"href":"https:\/\/www.europesays.com\/fr\/wp-json\/wp\/v2\/posts\/354305","targetHints":{"allow":["GET"]}}],"collection":[{"href":"https:\/\/www.europesays.com\/fr\/wp-json\/wp\/v2\/posts"}],"about":[{"href":"https:\/\/www.europesays.com\/fr\/wp-json\/wp\/v2\/types\/post"}],"author":[{"embeddable":true,"href":"https:\/\/www.europesays.com\/fr\/wp-json\/wp\/v2\/users\/2"}],"replies":[{"embeddable":true,"href":"https:\/\/www.europesays.com\/fr\/wp-json\/wp\/v2\/comments?post=354305"}],"version-history":[{"count":0,"href":"https:\/\/www.europesays.com\/fr\/wp-json\/wp\/v2\/posts\/354305\/revisions"}],"wp:featuredmedia":[{"embeddable":true,"href":"https:\/\/www.europesays.com\/fr\/wp-json\/wp\/v2\/media\/354306"}],"wp:attachment":[{"href":"https:\/\/www.europesays.com\/fr\/wp-json\/wp\/v2\/media?parent=354305"}],"wp:term":[{"taxonomy":"category","embeddable":true,"href":"https:\/\/www.europesays.com\/fr\/wp-json\/wp\/v2\/categories?post=354305"},{"taxonomy":"post_tag","embeddable":true,"href":"https:\/\/www.europesays.com\/fr\/wp-json\/wp\/v2\/tags?post=354305"}],"curies":[{"name":"wp","href":"https:\/\/api.w.org\/{rel}","templated":true}]}}