{"id":354307,"date":"2025-08-30T10:05:10","date_gmt":"2025-08-30T10:05:10","guid":{"rendered":"https:\/\/www.europesays.com\/fr\/354307\/"},"modified":"2025-08-30T10:05:10","modified_gmt":"2025-08-30T10:05:10","slug":"les-professeurs-marseillais-critiquent-le-lachage-de-30-laureats-au-concours-de-leducation-nationale","status":"publish","type":"post","link":"https:\/\/www.europesays.com\/fr\/354307\/","title":{"rendered":"Les professeurs marseillais critiquent le \u00ab\u00a0l\u00e2chage\u00a0\u00bb de 30 laur\u00e9ats au concours de l&rsquo;\u00c9ducation nationale"},"content":{"rendered":"<p>30 personnes laur\u00e9ates de l\u2019examen pour devenir professeur des \u00e9coles d\u00e9noncent \u00ab\u00a0le l\u00e2chage\u00a0\u00bb de l\u2019\u00c9ducation nationale. Ces postulants regrettent que le rectorat qui avait proc\u00e9d\u00e9, avec l\u2019aval du minist\u00e8re, au recrutement de la quasi-totalit\u00e9 des personnes sur liste compl\u00e9mentaire du concours de recrutement en\u00a02023 et en\u00a02024, ne leur ait propos\u00e9 aucun poste malgr\u00e9 <a href=\"https:\/\/www.laprovence.com\/article\/societe\/35067496735871\/plan-bayrou-le-principal-syndicat-du-primaire-craint-un-budget-de-rigueur-dans-l-education\" target=\"_blank\" rel=\"nofollow noopener\">le \u00ab\u00a0manque d\u2019effectifs\u00a0\u00bb pour la rentr\u00e9e scolaire d\u00e9nonc\u00e9 par les syndicats<\/a>.<\/p>\n<p>\u00ab\u00a0On reste chez nous alors qu\u2019il faudrait pr\u00e9parer la rentr\u00e9e\u00a0\u00bb<\/p>\n<p>Le Snapen (Syndicat national des agents publics de l\u2019\u00c9ducation nationale) s\u2019est fendu d\u2019un communiqu\u00e9 pour d\u00e9noncer \u00ab\u00a0ce choix inacceptable\u00a0\u00bb. \u00ab\u00a0Le recours \u00e0 cette liste compl\u00e9mentaire de profs, pr\u00e9vu par les textes, est un outil indispensable pour faire face aux besoins r\u00e9els du terrain. Privil\u00e9gier le recours \u00e0 des contractuels, <a href=\"https:\/\/www.laprovence.com\/article\/societe\/2652932607509314\/calendrier-scolaire-2025-2026-jours-feries-vacances-ponts-les-dates-a-connaitre-en-fonction-de-votre-departement\" target=\"_blank\" rel=\"nofollow noopener\">comme l\u2019a choisi le rectorat d\u2019Aix-Marseille<\/a>, alourdit les charges des \u00e9quipes p\u00e9dagogiques qui doivent compenser le manque de formations des coll\u00e8gues contractuels\u00a0\u00bb, ajoute le syndicat par la voix de Romaric Giacomino, professeur de physique chimie et r\u00e9f\u00e9rent au Snapen.<\/p>\n<p>Du c\u00f4t\u00e9 des 30 postulants inscrits sur la liste compl\u00e9mentaire, la frustration est \u00ab\u00a0immense\u00a0\u00bb, selon M\u00e9lissa Ben Achour, qui \u00ab\u00a0r\u00eave d\u2019\u00eatre prof\u00a0\u00bb. \u00ab\u00a0Des classes vont manquer d\u2019un ou plusieurs enseignants d\u00e8s le premier jour de la rentr\u00e9e, pourtant des laur\u00e9ats restent chez eux. Nous avons valid\u00e9 le concours, et pourtant l\u2019\u00c9ducation nationale favorise des contractuels qui sont objectivement moins bien form\u00e9s. La situation para\u00eet presque irr\u00e9elle\u00a0\u00bb, se d\u00e9sole la jeune femme.<\/p>\n<p>Lors des deux rentr\u00e9es pr\u00e9c\u00e9dentes, en\u00a02023 et\u00a02024, la liste compl\u00e9mentaire a \u00e9t\u00e9 en totalit\u00e9 recrut\u00e9e d\u00e8s le mois de juillet \u00e0 Marseille, une strat\u00e9gie suivie cette ann\u00e9e par les acad\u00e9mies autour des villes de Toulouse, Nice et Montpellier, indique un \u00e9lu syndical.<\/p>\n<p>Dans les groupes de discussion entre profs, on s\u2019inqui\u00e8te de cette \u00ab\u00a0rupture\u00a0\u00bb. \u00ab\u00a0Je suis dans de nombreux groupes et c\u2019est la premi\u00e8re fois qu\u2019on assiste au l\u00e2chage de 30 candidats m\u00e9ritants. Pour l\u2019\u00c9ducation nationale, c\u2019est une balle dans le pied, car elle se retrouve oblig\u00e9e de renouveler les contractuels pour combler les absences de profs\u00a0\u00bb, partage une enseignante qui a pris son poste en\u00a02024. Avant d\u2019ajouter\u00a0: \u00ab\u00a0Si on met un pansement sur une plaie, \u00e7a ne va pas emp\u00eacher l\u2019infection.\u00a0\u00bb<\/p>\n","protected":false},"excerpt":{"rendered":"30 personnes laur\u00e9ates de l\u2019examen pour devenir professeur des \u00e9coles d\u00e9noncent \u00ab\u00a0le l\u00e2chage\u00a0\u00bb de l\u2019\u00c9ducation nationale. Ces postulants&hellip;\n","protected":false},"author":2,"featured_media":354308,"comment_status":"","ping_status":"","sticky":false,"template":"","format":"standard","meta":{"footnotes":""},"categories":[2814],"tags":[17,1111,11,903,49049,1777,674,1011,27,49050,24924,151,761,884,12,5854,882,16,25],"class_list":{"0":"post-354307","1":"post","2":"type-post","3":"status-publish","4":"format-standard","5":"has-post-thumbnail","7":"category-marseille","8":"tag-17","9":"tag-actu","10":"tag-actualites","11":"tag-concours","12":"tag-critiquent","13":"tag-eu","14":"tag-europe","15":"tag-fr","16":"tag-france","17":"tag-lachage","18":"tag-laureats","19":"tag-les","20":"tag-marseillais","21":"tag-marseille","22":"tag-news","23":"tag-professeurs","24":"tag-provence-alpes-cote-dazur","25":"tag-region","26":"tag-republique-francaise"},"share_on_mastodon":{"url":"https:\/\/pubeurope.com\/@fr\/115117157718763871","error":""},"_links":{"self":[{"href":"https:\/\/www.europesays.com\/fr\/wp-json\/wp\/v2\/posts\/354307","targetHints":{"allow":["GET"]}}],"collection":[{"href":"https:\/\/www.europesays.com\/fr\/wp-json\/wp\/v2\/posts"}],"about":[{"href":"https:\/\/www.europesays.com\/fr\/wp-json\/wp\/v2\/types\/post"}],"author":[{"embeddable":true,"href":"https:\/\/www.europesays.com\/fr\/wp-json\/wp\/v2\/users\/2"}],"replies":[{"embeddable":true,"href":"https:\/\/www.europesays.com\/fr\/wp-json\/wp\/v2\/comments?post=354307"}],"version-history":[{"count":0,"href":"https:\/\/www.europesays.com\/fr\/wp-json\/wp\/v2\/posts\/354307\/revisions"}],"wp:featuredmedia":[{"embeddable":true,"href":"https:\/\/www.europesays.com\/fr\/wp-json\/wp\/v2\/media\/354308"}],"wp:attachment":[{"href":"https:\/\/www.europesays.com\/fr\/wp-json\/wp\/v2\/media?parent=354307"}],"wp:term":[{"taxonomy":"category","embeddable":true,"href":"https:\/\/www.europesays.com\/fr\/wp-json\/wp\/v2\/categories?post=354307"},{"taxonomy":"post_tag","embeddable":true,"href":"https:\/\/www.europesays.com\/fr\/wp-json\/wp\/v2\/tags?post=354307"}],"curies":[{"name":"wp","href":"https:\/\/api.w.org\/{rel}","templated":true}]}}