{"id":354311,"date":"2025-08-30T10:07:10","date_gmt":"2025-08-30T10:07:10","guid":{"rendered":"https:\/\/www.europesays.com\/fr\/354311\/"},"modified":"2025-08-30T10:07:10","modified_gmt":"2025-08-30T10:07:10","slug":"lyon-1er-ferme-depuis-quatre-mois-ce-parking-du-centre-ville-rouvre-pour-la-rentree-avec-une-nouveaute-a-la-cle","status":"publish","type":"post","link":"https:\/\/www.europesays.com\/fr\/354311\/","title":{"rendered":"Lyon 1er. Ferm\u00e9 depuis quatre mois, ce parking du centre-ville rouvre pour la rentr\u00e9e avec une nouveaut\u00e9 \u00e0 la cl\u00e9"},"content":{"rendered":"<p>LPA vient d\u2019annoncer une bonne nouvelle. Le parking des Terreaux, ferm\u00e9 depuis quatre mois, va rouvrir le 2\u00a0septembre.<\/p>\n<p>Un chantier de grande envergure avait conduit \u00e0 sa fermeture totale. Commenc\u00e9s fin avril, <a href=\"https:\/\/www.leprogres.fr\/societe\/2024\/03\/13\/deux-parkings-de-l-hyper-centre-ville-seront-en-travaux-en-2025\" target=\"_blank\" rel=\"noopener\">les travaux<\/a> ont port\u00e9 sur l\u2019ensemble des six niveaux du parc. Ils ont consist\u00e9 \u00e0 mettre en conformit\u00e9 les installations de s\u00e9curit\u00e9 incendie avec un syst\u00e8me de sprinklage, \u00e0 am\u00e9liorer les flux de ventilation et les \u00e9clairages avec des luminaires LED en gestion de pr\u00e9sence plus \u00e9conomes et plus performants, ainsi qu\u2019une remise en peinture de la totalit\u00e9 des niveaux. L\u2019occasion aussi de remettre en \u00e9tat la vitrine qui accueille une partie de l\u2019\u0153uvre Sans titre de Matt Mullican.<\/p>\n<p>Co\u00fbt de l\u2019op\u00e9ration\u00a0: 4,5\u00a0M\u20ac, financ\u00e9s par la M\u00e9tropole de Lyon.<\/p>\n<p>Ce contenu est bloqu\u00e9 car vous n&rsquo;avez pas accept\u00e9 les cookies et autres traceurs.<\/p>\n<p>En cliquant sur \u00ab J\u2019accepte \u00bb, les cookies et autres traceurs seront d\u00e9pos\u00e9s et vous pourrez visualiser les contenus  (<a href=\"\" class=\"consentModule_policy\" target=\"_blank\" title=\"Consulter la politique de protection des donn\u00e9es du fournisseur\">plus d&rsquo;informations<\/a>).<\/p>\n<p>En cliquant sur \u00ab J\u2019accepte tous les cookies \u00bb, vous autorisez des d\u00e9p\u00f4ts de cookies et autres traceurs pour le stockage de vos donn\u00e9es sur nos sites et applications \u00e0 des fins de personnalisation et de ciblage publicitaire.<\/p>\n<p class=\"consentModule_secondaryText\">Vous gardez la possibilit\u00e9 de retirer votre consentement \u00e0 tout moment en consultant notre <a href=\"https:\/\/www.leprogres.fr\/protection-des-donnees\" target=\"_blank\" title=\"Consulter notre politique de protection des donn\u00e9es\" rel=\"noopener\">politique de protection des donn\u00e9es<\/a>. <br \/>&#13;<br \/>\n            <a href=\"https:\/\/www.leprogres.fr\/transport\/2025\/08\/30\/javascript:Didomi.notice.show()\" class=\"consentModule_cmp\" target=\"_blank\" rel=\"noopener\">G\u00e9rer mes choix<\/a>&#13;\n        <\/p>\n<p>&#13;<br \/>\n                        J&rsquo;accepte&#13;<br \/>\n            J&rsquo;accepte tous les cookies&#13;\n        <\/p>\n<p>  Les nouveaut\u00e9s<\/p>\n<p>Il ne sera plus n\u00e9cessaire de prendre un ticket papier \u00e0 l\u2019entr\u00e9e dans le parking. Une premi\u00e8re \u00e0 Lyon dans un parc de stationnement public. Le syst\u00e8me qui sera progressivement activ\u00e9 repose sur la lecture automatique de la plaque d\u2019immatriculation en entr\u00e9e et en sortie. Le paiement s\u2019effectue en caisse automatique ou en borne de sortie en saisissant son num\u00e9ro de plaque d\u2019immatriculation.<\/p>\n<p>Le parc propose aussi 40 points de recharge pour v\u00e9hicules \u00e9lectriques et un espace v\u00e9lo s\u00e9curis\u00e9 pouvant accueillir jusqu\u2019\u00e0 537 v\u00e9los de diff\u00e9rents gabarits (standards et cargos) dans un espace \u00e9quip\u00e9 d\u2019un syst\u00e8me de vid\u00e9osurveillance. De plus, les cyclistes occasionnels pourront stationner leur v\u00e9lo dans cet espace au tarif de 2\u00a0euros la journ\u00e9e (r\u00e8glement par carte bancaire).<\/p>\n","protected":false},"excerpt":{"rendered":"LPA vient d\u2019annoncer une bonne nouvelle. Le parking des Terreaux, ferm\u00e9 depuis quatre mois, va rouvrir le 2\u00a0septembre.&hellip;\n","protected":false},"author":2,"featured_media":354312,"comment_status":"","ping_status":"","sticky":false,"template":"","format":"standard","meta":{"footnotes":""},"categories":[1889],"tags":[1111,11,2430,3542,2757,1777,674,1011,27,2428,7789,2801,12,25,2429,2803],"class_list":{"0":"post-354311","1":"post","2":"type-post","3":"status-publish","4":"format-standard","5":"has-post-thumbnail","7":"category-lyon","8":"tag-actu","9":"tag-actualites","10":"tag-auvergne-rhone-alpes","11":"tag-circulation","12":"tag-edition-lyon-villeurbanne","13":"tag-eu","14":"tag-europe","15":"tag-fr","16":"tag-france","17":"tag-lyon","18":"tag-lyon-1er","19":"tag-lyon-1er-arrondissement","20":"tag-news","21":"tag-republique-francaise","22":"tag-rhone","23":"tag-transport"},"share_on_mastodon":{"url":"https:\/\/pubeurope.com\/@fr\/115117165386990908","error":""},"_links":{"self":[{"href":"https:\/\/www.europesays.com\/fr\/wp-json\/wp\/v2\/posts\/354311","targetHints":{"allow":["GET"]}}],"collection":[{"href":"https:\/\/www.europesays.com\/fr\/wp-json\/wp\/v2\/posts"}],"about":[{"href":"https:\/\/www.europesays.com\/fr\/wp-json\/wp\/v2\/types\/post"}],"author":[{"embeddable":true,"href":"https:\/\/www.europesays.com\/fr\/wp-json\/wp\/v2\/users\/2"}],"replies":[{"embeddable":true,"href":"https:\/\/www.europesays.com\/fr\/wp-json\/wp\/v2\/comments?post=354311"}],"version-history":[{"count":0,"href":"https:\/\/www.europesays.com\/fr\/wp-json\/wp\/v2\/posts\/354311\/revisions"}],"wp:featuredmedia":[{"embeddable":true,"href":"https:\/\/www.europesays.com\/fr\/wp-json\/wp\/v2\/media\/354312"}],"wp:attachment":[{"href":"https:\/\/www.europesays.com\/fr\/wp-json\/wp\/v2\/media?parent=354311"}],"wp:term":[{"taxonomy":"category","embeddable":true,"href":"https:\/\/www.europesays.com\/fr\/wp-json\/wp\/v2\/categories?post=354311"},{"taxonomy":"post_tag","embeddable":true,"href":"https:\/\/www.europesays.com\/fr\/wp-json\/wp\/v2\/tags?post=354311"}],"curies":[{"name":"wp","href":"https:\/\/api.w.org\/{rel}","templated":true}]}}