{"id":354319,"date":"2025-08-30T10:12:11","date_gmt":"2025-08-30T10:12:11","guid":{"rendered":"https:\/\/www.europesays.com\/fr\/354319\/"},"modified":"2025-08-30T10:12:11","modified_gmt":"2025-08-30T10:12:11","slug":"la-france-critique-le-refus-americain-de-delivrer-des-visas-a-des-responsables-palestiniens","status":"publish","type":"post","link":"https:\/\/www.europesays.com\/fr\/354319\/","title":{"rendered":"la France critique le refus am\u00e9ricain de d\u00e9livrer des visas \u00e0 des responsables palestiniens"},"content":{"rendered":"<p class=\"mb-4 text-lg md:leading-8 break-words\">Au lendemain de l&rsquo;annonce par les \u00c9tats-Unis de leur refus d&rsquo;octroyer des visas \u00e0 des responsables palestiniens pour qu&rsquo;ils puissent se rendre \u00e0 l&rsquo;assembl\u00e9e g\u00e9n\u00e9rale des Nations unies \u00e0 New York en septembre, le ministre fran\u00e7ais des Affaires \u00e9trang\u00e8res a affirm\u00e9, samedi, que le si\u00e8ge de l&rsquo;ONU \u00ab\u00a0ne saurait souffrir d&rsquo;aucune restriction d&rsquo;acc\u00e8s\u00a0\u00bb.<\/p>\n<p class=\"mb-4 text-lg md:leading-8 break-words\">Le chef de la diplomatie fran\u00e7aise,\u00a0<a class=\"link \" href=\"https:\/\/www.france24.com\/fr\/tag\/jean-no\u00ebl-barrot\/\" rel=\"nofollow noopener\" target=\"_blank\" data-ylk=\"slk:Jean-No\u00ebl Barrot;elm:context_link;itc:0;sec:content-canvas\">Jean-No\u00ebl Barrot<\/a>, a d\u00e9nonc\u00e9, samedi 30\u00a0ao\u00fbt, le refus par les \u00c9tats-Unis de l&rsquo;octroi de visas \u00e0 des membres de l&rsquo;<a class=\"link \" href=\"https:\/\/www.france24.com\/fr\/tag\/autorit\u00e9-palestinienne\/\" rel=\"nofollow noopener\" target=\"_blank\" data-ylk=\"slk:Autorit\u00e9 palestinienne;elm:context_link;itc:0;sec:content-canvas\">Autorit\u00e9 palestinienne<\/a>, affirmant que le si\u00e8ge de l&rsquo;ONU \u00e0 New York \u00ab\u00a0ne saurait souffrir d&rsquo;aucune restriction d&rsquo;acc\u00e8s\u00a0\u00bb.<\/p>\n<p class=\"mb-4 text-lg md:leading-8 break-words\">\u00ab\u00a0Le si\u00e8ge des Nations unies est un lieu de neutralit\u00e9. C&rsquo;est un sanctuaire, au service de la paix. Une Assembl\u00e9e g\u00e9n\u00e9rale des Nations unies ne saurait souffrir d&rsquo;aucune restriction d&rsquo;acc\u00e8s\u00a0\u00bb, a d\u00e9clar\u00e9 Jean-No\u00ebl Barrot \u00e0 Copenhague, peu avant une r\u00e9union des ministres des Affaires \u00e9trang\u00e8res de l&rsquo;Union europ\u00e9enne.<\/p>\n<p class=\"mb-4 text-lg md:leading-8 break-words\">\u00c0 voir aussi<a class=\"link \" href=\"https:\/\/www.france24.com\/fr\/\u00e9missions\/au-c\u0153ur-de-l-info-l-invit\u00e9\/20250829-ziad-majed-l-impunit\u00e9-isra\u00e9lienne-autorise-d-aller-toujours-plus-loin\" rel=\"nofollow noopener\" target=\"_blank\" data-ylk=\"slk:Ziad Majed : &quot;L&#039;impunit\u00e9 isra\u00e9lienne autorise d&#039;aller toujours plus loin&quot;;elm:context_link;itc:0;sec:content-canvas\">Ziad Majed : \u00ab\u00a0L&rsquo;impunit\u00e9 isra\u00e9lienne autorise d&rsquo;aller toujours plus loin\u00a0\u00bb<\/a><\/p>\n<p class=\"mb-4 text-lg md:leading-8 break-words\">Washington a annonc\u00e9 cette d\u00e9cision vendredi soir, \u00e0 quelques semaines de la prochaine assembl\u00e9e g\u00e9n\u00e9rale des Nations unies pr\u00e9vue en septembre, o\u00f9 la France plaidera pour la reconnaissance d&rsquo;un \u00c9tat palestinien.<\/p>\n<p class=\"mb-4 text-lg md:leading-8 break-words\">\u00ab\u00a0Le secr\u00e9taire d&rsquo;\u00c9tat Marco Rubio r\u00e9voque et refuse l&rsquo;octroi de visas pour les membres de l&rsquo;Organisation de lib\u00e9ration de la Palestine et de l&rsquo;Autorit\u00e9 palestinienne avant la prochaine Assembl\u00e9e g\u00e9n\u00e9rale des Nations unies\u00a0\u00bb, a d\u00e9clar\u00e9 le d\u00e9partement d&rsquo;\u00c9tat dans un communiqu\u00e9.<\/p>\n<p class=\"mb-4 text-lg md:leading-8 break-words\">Cette mesure extraordinaire rapproche encore plus l&rsquo;administration Trump du gouvernement isra\u00e9lien, qui rejette cat\u00e9goriquement l&rsquo;id\u00e9e d&rsquo;un \u00c9tat palestinien et cherche \u00e0 mettre sur le m\u00eame pied l&rsquo;Autorit\u00e9 palestinienne, bas\u00e9e en <a class=\"link \" href=\"https:\/\/www.france24.com\/fr\/tag\/cisjordanie\/\" rel=\"nofollow noopener\" target=\"_blank\" data-ylk=\"slk:Cisjordanie;elm:context_link;itc:0;sec:content-canvas\">Cisjordanie<\/a>, et le <a class=\"link \" href=\"https:\/\/www.france24.com\/fr\/tag\/hamas\/\" rel=\"nofollow noopener\" target=\"_blank\" data-ylk=\"slk:Hamas;elm:context_link;itc:0;sec:content-canvas\">Hamas<\/a> \u00e0 <a class=\"link \" href=\"https:\/\/www.france24.com\/fr\/tag\/gaza\/\" rel=\"nofollow noopener\" target=\"_blank\" data-ylk=\"slk:Gaza;elm:context_link;itc:0;sec:content-canvas\">Gaza<\/a>.<\/p>\n<p>L&rsquo;Autorit\u00e9 palestinienne exprime \u00ab\u00a0son \u00e9tonnement\u00a0\u00bb<\/p>\n<p class=\"mb-4 text-lg md:leading-8 break-words\">\u00ab\u00a0L&rsquo;administration Trump a \u00e9t\u00e9 claire\u00a0: il est dans l&rsquo;int\u00e9r\u00eat de notre s\u00e9curit\u00e9 nationale de tenir l&rsquo;Organisation de lib\u00e9ration de la Palestine et l&rsquo;Autorit\u00e9 palestinienne pour responsables de ne pas respecter leurs engagements et de compromettre les perspectives de paix\u00a0\u00bb, peut-on lire dans le communiqu\u00e9.<\/p>\n<p class=\"mb-4 text-lg md:leading-8 break-words\">L&rsquo;Autorit\u00e9 palestinienne a en retour exprim\u00e9 \u00ab\u00a0son profond regret et son \u00e9tonnement\u00a0\u00bb face \u00e0 cette d\u00e9cision qui est \u00ab\u00a0en contradiction avec le droit international\u00a0\u00bb, et a appel\u00e9 Washington \u00e0 \u00ab\u00a0revenir\u00a0\u00bb dessus.<\/p>\n<p class=\"mb-4 text-lg md:leading-8 break-words\">\u00c0 lire aussi<a class=\"link  yahoo-link\" href=\"https:\/\/fr.news.yahoo.com\/abattus-mouches-unit%C3%A9-secr%C3%A8te-isra%C3%A9lienne-141722379.html\" data-ylk=\"slk:Abattus &quot;comme des mouches&quot;\u00a0: comment une unit\u00e9 secr\u00e8te isra\u00e9lienne traque les journalistes de Gaza;elm:context_link;itc:0;sec:content-canvas;outcm:mb_qualified_link;_E:mb_qualified_link;ct:story;\" rel=\"nofollow noopener\" target=\"_blank\">Abattus \u00ab\u00a0comme des mouches\u00a0\u00bb\u00a0: comment une unit\u00e9 secr\u00e8te isra\u00e9lienne traque les journalistes de Gaza<\/a><\/p>\n<p class=\"mb-4 text-lg md:leading-8 break-words\">Le d\u00e9partement d&rsquo;\u00c9tat a accus\u00e9 les Palestiniens de se servir de la justice \u00e0 des fins ill\u00e9gitimes en se tournant vers la Cour p\u00e9nale internationale (CPI) et la Cour internationale de justice (CIJ) pour r\u00e9soudre leurs contentieux avec <a class=\"link \" href=\"https:\/\/www.france24.com\/fr\/tag\/isra\u00ebl\/\" rel=\"nofollow noopener\" target=\"_blank\" data-ylk=\"slk:Isra\u00ebl;elm:context_link;itc:0;sec:content-canvas\">Isra\u00ebl<\/a>.<\/p>\n<p class=\"mb-4 text-lg md:leading-8 break-words\">L&rsquo;Autorit\u00e9 palestinienne doit mettre fin aux \u00ab\u00a0tentatives pour contourner les n\u00e9gociations \u00e0 travers des guerres judiciaires internationales\u00a0\u00bb et aux \u00ab\u00a0efforts pour obtenir la reconnaissance unilat\u00e9rale d&rsquo;un \u00c9tat palestinien\u00a0\u00bb, dit le texte.<\/p>\n<p class=\"mb-4 text-lg md:leading-8 break-words\">Gideon Saar, le ministre isra\u00e9lien des Affaires \u00e9trang\u00e8res, a remerci\u00e9 l&rsquo;administration Trump sur X pour \u00ab\u00a0cette \u00e9tape courageuse\u00a0\u00bb et pour \u00ab\u00a0soutenir Isra\u00ebl une nouvelle fois\u00a0\u00bb.<\/p>\n<p>\u00ab\u00a0Important\u00a0\u00bb que tous les \u00c9tats soient repr\u00e9sent\u00e9s<\/p>\n<p class=\"mb-4 text-lg md:leading-8 break-words\">Le porte-parole de l&rsquo;ONU, St\u00e9phane Dujarric, a d\u00e9clar\u00e9 de son c\u00f4t\u00e9 qu&rsquo;il \u00e9tait \u00ab\u00a0important\u00a0\u00bb que tous les \u00c9tats et les observateurs permanents, y compris les Palestiniens, soient repr\u00e9sent\u00e9s lors d&rsquo;un sommet pr\u00e9vu la veille du d\u00e9but de l&rsquo;Assembl\u00e9e g\u00e9n\u00e9rale. \u00ab\u00a0Nous esp\u00e9rons \u00e9videmment que cela sera r\u00e9solu\u00a0\u00bb.<\/p>\n<p class=\"mb-4 text-lg md:leading-8 break-words\">Les \u00c9tats-Unis ne sont pas cens\u00e9s refuser des visas aux fonctionnaires se rendant \u00e0 l&rsquo;ONU, dont le si\u00e8ge est \u00e0 New York, en vertu d&rsquo;un accord que le d\u00e9partement d&rsquo;\u00c9tat assure respecter en autorisant la mission palestinienne aupr\u00e8s des Nations unies.<\/p>\n<p class=\"mb-4 text-lg md:leading-8 break-words\">\u00c0 lire aussi<a class=\"link  yahoo-link\" href=\"https:\/\/fr.news.yahoo.com\/isra%C3%ABl-confront%C3%A9-%C3%A0-%C3%A9migration-in%C3%A9dite-050828956.html\" data-ylk=\"slk:Isra\u00ebl confront\u00e9 \u00e0 une \u00e9migration in\u00e9dite\u00a0: &quot;Nous avons perdu l&#039;espoir de changer notre pays&quot;;elm:context_link;itc:0;sec:content-canvas;outcm:mb_qualified_link;_E:mb_qualified_link;ct:story;\" rel=\"nofollow noopener\" target=\"_blank\">Isra\u00ebl confront\u00e9 \u00e0 une \u00e9migration in\u00e9dite\u00a0: \u00ab\u00a0Nous avons perdu l&rsquo;espoir de changer notre pays\u00a0\u00bb<\/a><\/p>\n<p class=\"mb-4 text-lg md:leading-8 break-words\">Le d\u00e9partement d&rsquo;\u00c9tat n&rsquo;a pas pr\u00e9cis\u00e9 si la mesure annonc\u00e9e vendredi s&rsquo;appliquait \u00e0 tous les responsables palestiniens.<\/p>\n<p class=\"mb-4 text-lg md:leading-8 break-words\">Le pr\u00e9sident de l&rsquo;Autorit\u00e9 palestinienne, <a class=\"link \" href=\"https:\/\/www.france24.com\/fr\/tag\/mahmoud-abbas\/\" rel=\"nofollow noopener\" target=\"_blank\" data-ylk=\"slk:Mahmoud Abbas;elm:context_link;itc:0;sec:content-canvas\">Mahmoud Abbas<\/a>, doit participer \u00e0 la 80e Assembl\u00e9e g\u00e9n\u00e9rale de l&rsquo;ONU, qui se tiendra du 9 au 23\u00a0septembre, selon Riyad Mansour, ambassadeur palestinien aupr\u00e8s des Nations unies.<\/p>\n<p class=\"mb-4 text-lg md:leading-8 break-words\">\u00ab\u00a0Nous verrons ce que cela implique exactement et comment cela s&rsquo;applique \u00e0 nos d\u00e9l\u00e9gations, puis nous r\u00e9pondrons en cons\u00e9quence\u00a0\u00bb, a dit ce dernier \u00e0 la presse.<\/p>\n<p class=\"mb-4 text-lg md:leading-8 break-words\">Avec AFP<\/p>\n","protected":false},"excerpt":{"rendered":"Au lendemain de l&rsquo;annonce par les \u00c9tats-Unis de leur refus d&rsquo;octroyer des visas \u00e0 des responsables palestiniens pour&hellip;\n","protected":false},"author":2,"featured_media":354320,"comment_status":"","ping_status":"","sticky":false,"template":"","format":"standard","meta":{"footnotes":""},"categories":[1888],"tags":[1111,1928,11,1927,49052,49053,8421,73,1777,674,1011,27,2288,11415,12,1926,626,1925,25,49051,2447],"class_list":{"0":"post-354319","1":"post","2":"type-post","3":"status-publish","4":"format-standard","5":"has-post-thumbnail","7":"category-paris","8":"tag-actu","9":"tag-actu-paris","10":"tag-actualites","11":"tag-actualites-paris","12":"tag-assemblee-generale","13":"tag-departement-detat","14":"tag-etat-palestinien","15":"tag-etats-unis","16":"tag-eu","17":"tag-europe","18":"tag-fr","19":"tag-france","20":"tag-ministres-des-affaires-etrangeres","21":"tag-nations-unies","22":"tag-news","23":"tag-news-paris","24":"tag-paris","25":"tag-paris-news","26":"tag-republique-francaise","27":"tag-restriction-dacces","28":"tag-visas"},"share_on_mastodon":{"url":"https:\/\/pubeurope.com\/@fr\/115117185014553865","error":""},"_links":{"self":[{"href":"https:\/\/www.europesays.com\/fr\/wp-json\/wp\/v2\/posts\/354319","targetHints":{"allow":["GET"]}}],"collection":[{"href":"https:\/\/www.europesays.com\/fr\/wp-json\/wp\/v2\/posts"}],"about":[{"href":"https:\/\/www.europesays.com\/fr\/wp-json\/wp\/v2\/types\/post"}],"author":[{"embeddable":true,"href":"https:\/\/www.europesays.com\/fr\/wp-json\/wp\/v2\/users\/2"}],"replies":[{"embeddable":true,"href":"https:\/\/www.europesays.com\/fr\/wp-json\/wp\/v2\/comments?post=354319"}],"version-history":[{"count":0,"href":"https:\/\/www.europesays.com\/fr\/wp-json\/wp\/v2\/posts\/354319\/revisions"}],"wp:featuredmedia":[{"embeddable":true,"href":"https:\/\/www.europesays.com\/fr\/wp-json\/wp\/v2\/media\/354320"}],"wp:attachment":[{"href":"https:\/\/www.europesays.com\/fr\/wp-json\/wp\/v2\/media?parent=354319"}],"wp:term":[{"taxonomy":"category","embeddable":true,"href":"https:\/\/www.europesays.com\/fr\/wp-json\/wp\/v2\/categories?post=354319"},{"taxonomy":"post_tag","embeddable":true,"href":"https:\/\/www.europesays.com\/fr\/wp-json\/wp\/v2\/tags?post=354319"}],"curies":[{"name":"wp","href":"https:\/\/api.w.org\/{rel}","templated":true}]}}