{"id":354325,"date":"2025-08-30T10:15:11","date_gmt":"2025-08-30T10:15:11","guid":{"rendered":"https:\/\/www.europesays.com\/fr\/354325\/"},"modified":"2025-08-30T10:15:11","modified_gmt":"2025-08-30T10:15:11","slug":"russie-un-incendie-cause-par-un-drone-ukrainien-tombe-pres-du-palais-de-poutine","status":"publish","type":"post","link":"https:\/\/www.europesays.com\/fr\/354325\/","title":{"rendered":"Russie : un incendie caus\u00e9 par un drone ukrainien tomb\u00e9 pr\u00e8s du \u00ab\u00a0palais de Poutine\u00a0\u00bb"},"content":{"rendered":"<ul class=\"jsx-862013697 ArticleChapo__List\">\n<li class=\"jsx-862013697 ArticleChapo__List_Item flex\">Un incendie, provoqu\u00e9 par un drone ukrainien, a \u00e9t\u00e9 constat\u00e9 pr\u00e8s d&rsquo;une r\u00e9sidence attribu\u00e9e \u00e0 Vladimir Poutine.<\/li>\n<li class=\"jsx-862013697 ArticleChapo__List_Item flex\">La demeure est situ\u00e9e sur les bords de la mer Noire, en Russie.<\/li>\n<\/ul>\n<p data-module=\"article-paragraph\" class=\"jsx-3046738180 Paragraph Paragraph__End\">Des pompiers russes luttent ce samedi 30 ao\u00fbt contre un incendie, pr\u00e8s d&rsquo;un palais attribu\u00e9 \u00e0 Vladimir Poutine et situ\u00e9 sur les bords de la mer Noire. Le feu a \u00e9t\u00e9 caus\u00e9 dans une \u00ab\u00a0zone foresti\u00e8re\u00a0\u00bb \u00e0 proximit\u00e9 de la ville de Gu\u00e9lendjik, par des d\u00e9bris d&rsquo;un drone ukrainien, selon les autorit\u00e9s de la r\u00e9gion de Krasnodar, dans le sud de la Russie.<\/p>\n<p>Un feu encore actif<\/p>\n<p data-module=\"article-paragraph\" class=\"jsx-3046738180 Paragraph\">Une luxueuse r\u00e9sidence situ\u00e9e non loin est surnomm\u00e9e \u00ab\u00a0le palais de Poutine\u00a0\u00bb, depuis que l&rsquo;opposant Alexe\u00ef Navalny, mort en prison en 2024, l&rsquo;avait attribu\u00e9 au dirigeant russe dans une enqu\u00eate sortie en 2021. Mais rien n&rsquo;indique pour l&rsquo;heure que l&rsquo;incendie menace directement le \u00ab\u00a0palais de Poutine\u00a0\u00bb, que les autorit\u00e9s russes n&rsquo;ont d&rsquo;ailleurs jamais mentionn\u00e9 dans leurs diff\u00e9rents communiqu\u00e9s.<\/p>\n<p data-module=\"article-paragraph\" class=\"jsx-3046738180 Paragraph Paragraph__End\">Selon le minist\u00e8re des Situations d&rsquo;urgence, plus de 400 pompiers continuent de combattre le feu, ce samedi. Des vid\u00e9os, publi\u00e9es par le minist\u00e8re, montrent des flammes d\u00e9vorant des arbres, un sol recouvert de cendres et un h\u00e9licopt\u00e8re transportant de l&rsquo;eau.<\/p>\n<p>C.Q  avec AFP<\/p>\n","protected":false},"excerpt":{"rendered":"Un incendie, provoqu\u00e9 par un drone ukrainien, a \u00e9t\u00e9 constat\u00e9 pr\u00e8s d&rsquo;une r\u00e9sidence attribu\u00e9e \u00e0 Vladimir Poutine. La&hellip;\n","protected":false},"author":2,"featured_media":354326,"comment_status":"","ping_status":"","sticky":false,"template":"","format":"standard","meta":{"footnotes":""},"categories":[1591],"tags":[1111,11,1921,1887,47994,28083,1922,12,1885,1886,132,220,1917,364,133,1920,135,134],"class_list":{"0":"post-354325","1":"post","2":"type-post","3":"status-publish","4":"format-standard","5":"has-post-thumbnail","7":"category-russie","8":"tag-actu","9":"tag-actualites","10":"tag-article-video","11":"tag-federation-de-russie","12":"tag-guerre-en-ukraine-la-rencontre-poutine-zelensky-seloigne","13":"tag-guerre-en-ukraine-une-treve-sera-t-elle-possible","14":"tag-info","15":"tag-news","16":"tag-russia","17":"tag-russian-federation","18":"tag-russie","19":"tag-ukraine","20":"tag-ukraine-4-annee-de-guerre","21":"tag-union-europeenne","22":"tag-video","23":"tag-video-international","24":"tag-vladimir-poutine","25":"tag-volodymyr-zelensky"},"share_on_mastodon":{"url":"https:\/\/pubeurope.com\/@fr\/115117196871947187","error":""},"_links":{"self":[{"href":"https:\/\/www.europesays.com\/fr\/wp-json\/wp\/v2\/posts\/354325","targetHints":{"allow":["GET"]}}],"collection":[{"href":"https:\/\/www.europesays.com\/fr\/wp-json\/wp\/v2\/posts"}],"about":[{"href":"https:\/\/www.europesays.com\/fr\/wp-json\/wp\/v2\/types\/post"}],"author":[{"embeddable":true,"href":"https:\/\/www.europesays.com\/fr\/wp-json\/wp\/v2\/users\/2"}],"replies":[{"embeddable":true,"href":"https:\/\/www.europesays.com\/fr\/wp-json\/wp\/v2\/comments?post=354325"}],"version-history":[{"count":0,"href":"https:\/\/www.europesays.com\/fr\/wp-json\/wp\/v2\/posts\/354325\/revisions"}],"wp:featuredmedia":[{"embeddable":true,"href":"https:\/\/www.europesays.com\/fr\/wp-json\/wp\/v2\/media\/354326"}],"wp:attachment":[{"href":"https:\/\/www.europesays.com\/fr\/wp-json\/wp\/v2\/media?parent=354325"}],"wp:term":[{"taxonomy":"category","embeddable":true,"href":"https:\/\/www.europesays.com\/fr\/wp-json\/wp\/v2\/categories?post=354325"},{"taxonomy":"post_tag","embeddable":true,"href":"https:\/\/www.europesays.com\/fr\/wp-json\/wp\/v2\/tags?post=354325"}],"curies":[{"name":"wp","href":"https:\/\/api.w.org\/{rel}","templated":true}]}}