{"id":354329,"date":"2025-08-30T10:17:26","date_gmt":"2025-08-30T10:17:26","guid":{"rendered":"https:\/\/www.europesays.com\/fr\/354329\/"},"modified":"2025-08-30T10:17:26","modified_gmt":"2025-08-30T10:17:26","slug":"lavion-f35-au-coeur-dune-crise-diplomatique-suisse-etats-unis-laffaire-senlise","status":"publish","type":"post","link":"https:\/\/www.europesays.com\/fr\/354329\/","title":{"rendered":"L&rsquo;avion F35 au c\u0153ur d&rsquo;une crise diplomatique Suisse &#8211; Etats-Unis : l&rsquo;affaire s&rsquo;enlise"},"content":{"rendered":"<p>Une affaire d\u2019Etat qui prend de plus en plus d\u2019ampleur. <a href=\"https:\/\/www.capital.fr\/economie-politique\/la-suisse-pourrait-acheter-moins-de-f-35-americains-le-bras-de-fer-continue-1515805\" rel=\"nofollow noopener\" target=\"_blank\">La Suisse<\/a> avait annonc\u00e9 avoir obtenu un \u00abprix fixe\u00bb pour l\u2019acquisition de <strong>36<\/strong> <a href=\"https:\/\/www.capital.fr\/economie-politique\/rafale-vs-f-35-le-chasseur-francais-surclasse-l-americain-lors-d-un-exercice-a-l-otan-1517460\" rel=\"nofollow noopener\" target=\"_blank\">avions de chasse F-35<\/a>. Sauf que les Etats-Unis lui ont pr\u00e9sent\u00e9 un surco\u00fbt compris<strong> entre 650\u00a0millions et 1,3\u00a0milliard de dollars<\/strong>. Apr\u00e8s des discussions qui auront dur\u00e9 tout l\u2019\u00e9t\u00e9, le minist\u00e8re am\u00e9ricain de la D\u00e9fense ne modifiera pas sa position, a annonc\u00e9 le gouvernement suisse. Initialement, Berne assure que les deux pays avaient convenu contractuellement d\u2019un prix ferme d\u2019un peu plus de 6\u00a0milliards de francs en 2022, soit <strong>6,4 milliards d\u2019euros.<\/strong><\/p>\n<p>\u00abCe prix ferme a \u00e9t\u00e9 confirm\u00e9 par les rapports d\u2019expertise de diverses \u00e9tudes d\u2019avocats et par l\u2019ambassade am\u00e9ricaine \u00e0 Berne\u00bb, pr\u00e9cise le D\u00e9partement f\u00e9d\u00e9ral de la D\u00e9fense, rapport\u00e9 par <a href=\"https:\/\/www.20minutes.fr\/societe\/4169758-20250829-suisse-vers-crise-politique-cause-affaire-f-35-surcout-proche-milliard-dollars\" rel=\"nofollow noopener\" target=\"_blank\">20minutes<\/a>. Mais le minist\u00e8re am\u00e9ricain de la D\u00e9fense \u00aba inform\u00e9 le chef de l\u2019armement que la production de F-35A allait \u00eatre plus co\u00fbteuse que pr\u00e9vu\u00a0: entre 650\u00a0millions et 1,3\u00a0milliard de dollars am\u00e9ricains suppl\u00e9mentaires\u00bb, \u00e0 la mi-juin 2025. Une fourchette qui s\u2019explique \u00abpar l\u2019\u00e9volution incertaine des prix en raison des r\u00e9percussions des droits de douane aux \u00c9tats-Unis, de l\u2019\u00e9volution encore impr\u00e9visible de l\u2019inflation et des incertitudes g\u00e9opolitiques\u00bb, selon le directeur g\u00e9n\u00e9ral suisse de l\u2019armement, Urs Loher.<\/p>\n<p>Vers un achat moins cons\u00e9quent que pr\u00e9vu ?<\/p>\n<p>Si le d\u00e9passement est <strong>monnaie courante<\/strong> dans ce type de contrats, \u00abl\u00e0, il est vraiment cons\u00e9quent, et surtout, il est annonc\u00e9 d\u2019entr\u00e9e de jeu, alors m\u00eame que les Suisses n\u2019ont pas touch\u00e9 un seul avion\u00a0!\u00bb, d\u00e9clare le consultant en risques internationaux, St\u00e9phane Audrand, \u00e0 nos confr\u00e8res. L\u2019analyste g\u00e9opolitique Louis Duclos affirme que \u00ables Suisses sont en train de se faire avoir\u00bb<strong>,<\/strong> mais reconna\u00eet que s(ils avaient privil\u00e9gi\u00e9 une industrie de l\u2019armement europ\u00e9en comme le Rafale, \u00abcela aurait \u00e9t\u00e9 beaucoup plus simple, moins cher, et il n\u2019y aurait pas toutes ces complications\u00bb.<\/p>\n<p>Au mois de septembre 2020, les citoyens suisses avaient r\u00e9pondu \u00aboui\u00bb \u00e0 <strong>50,1 %<\/strong> \u00e0 la question de savoir s\u2019ils approuvaient<strong> une enveloppe de 6\u00a0milliards de francs<\/strong> pour une commande d\u2019avions plus modernes et de syst\u00e8mes d\u2019armement. Le gouvernement avait alors estim\u00e9 que l\u2019avion F-35 am\u00e9ricain \u00e9tait \u00able meilleur et le moins cher\u00bb. Quelle solution d\u00e9sormais ? Le ministre de la D\u00e9fense suisse Martin Pfister a \u00e9voqu\u00e9 l\u2019hypoth\u00e8se <strong>d\u2019acheter moins que les 36 appareils pr\u00e9vus<\/strong>, afin de rester dans les clous financiers.<\/p>\n","protected":false},"excerpt":{"rendered":"Une affaire d\u2019Etat qui prend de plus en plus d\u2019ampleur. La Suisse avait annonc\u00e9 avoir obtenu un \u00abprix&hellip;\n","protected":false},"author":2,"featured_media":354330,"comment_status":"","ping_status":"","sticky":false,"template":"","format":"standard","meta":{"footnotes":""},"categories":[1589],"tags":[11,73,1866,12,1864,1865,1863,308],"class_list":{"0":"post-354329","1":"post","2":"type-post","3":"status-publish","4":"format-standard","5":"has-post-thumbnail","7":"category-etats-unis","8":"tag-actualites","9":"tag-etats-unis","10":"tag-etats-unis-damerique","11":"tag-news","12":"tag-united-states","13":"tag-united-states-of-america","14":"tag-us","15":"tag-usa"},"share_on_mastodon":{"url":"https:\/\/pubeurope.com\/@fr\/115117205148693414","error":""},"_links":{"self":[{"href":"https:\/\/www.europesays.com\/fr\/wp-json\/wp\/v2\/posts\/354329","targetHints":{"allow":["GET"]}}],"collection":[{"href":"https:\/\/www.europesays.com\/fr\/wp-json\/wp\/v2\/posts"}],"about":[{"href":"https:\/\/www.europesays.com\/fr\/wp-json\/wp\/v2\/types\/post"}],"author":[{"embeddable":true,"href":"https:\/\/www.europesays.com\/fr\/wp-json\/wp\/v2\/users\/2"}],"replies":[{"embeddable":true,"href":"https:\/\/www.europesays.com\/fr\/wp-json\/wp\/v2\/comments?post=354329"}],"version-history":[{"count":0,"href":"https:\/\/www.europesays.com\/fr\/wp-json\/wp\/v2\/posts\/354329\/revisions"}],"wp:featuredmedia":[{"embeddable":true,"href":"https:\/\/www.europesays.com\/fr\/wp-json\/wp\/v2\/media\/354330"}],"wp:attachment":[{"href":"https:\/\/www.europesays.com\/fr\/wp-json\/wp\/v2\/media?parent=354329"}],"wp:term":[{"taxonomy":"category","embeddable":true,"href":"https:\/\/www.europesays.com\/fr\/wp-json\/wp\/v2\/categories?post=354329"},{"taxonomy":"post_tag","embeddable":true,"href":"https:\/\/www.europesays.com\/fr\/wp-json\/wp\/v2\/tags?post=354329"}],"curies":[{"name":"wp","href":"https:\/\/api.w.org\/{rel}","templated":true}]}}