{"id":35433,"date":"2025-04-19T02:50:10","date_gmt":"2025-04-19T02:50:10","guid":{"rendered":"https:\/\/www.europesays.com\/fr\/35433\/"},"modified":"2025-04-19T02:50:10","modified_gmt":"2025-04-19T02:50:10","slug":"a-toulon-la-montee-pedestre-du-faron-aura-lieu-ce-dimanche-matin-les-inscriptions-encore-ouverte","status":"publish","type":"post","link":"https:\/\/www.europesays.com\/fr\/35433\/","title":{"rendered":"A Toulon, la mont\u00e9e p\u00e9destre du Faron aura lieu ce dimanche matin, les inscriptions encore ouverte"},"content":{"rendered":"<p>Le top d\u00e9part de la manifestation organis\u00e9e par les trois clubs toulonnais Hospitaliers Toulon Athl\u00e9tisme, Usam et TEC, sera donn\u00e9 \u00e0 9h ce dimanche, avenue du 8 mai 1945 pr\u00e8s des Lices. <strong>Apr\u00e8s un bel effort sur 11,150km de route et 480m de d\u00e9nivel\u00e9<\/strong>, les participants arriveront \u00e0 la tour Beaumont, pr\u00e8s du m\u00e9morial. Avec en prime, au sommet du mont Faron, une vue panoramique sur toute la rade de Toulon.<\/p>\n<p>Une course ouverte \u00e0 tous<\/p>\n<p>Les coureurs devront gravir le mont toulonnais <strong>en un temps limit\u00e9 de 2h30.<\/strong> La course est <strong>ouverte \u00e0 tous \u00e0 partir de la cat\u00e9gorie cadet (16 ans).<\/strong> Tous les coureurs seront r\u00e9compens\u00e9s et <strong>un pot de l&rsquo;amiti\u00e9 sera offert \u00e0 l&rsquo;issue de la remise des prix.<\/strong><\/p>\n<p><strong>L\u2019inscription \u00e0 la course est ouverte sur KMS.FR jusqu&rsquo;au samedi 19 avril 18h<\/strong> ou au magasin Terre de Running \u00e0 La Garde. Et aussi sur place au gymnase des Lices, \u00e0 partir 7h15 et avant 8h45. <strong>Un engagement de 12 euros est demand\u00e9 \u00e0 chaque concurrent<\/strong>, sur pr\u00e9sentation d\u2019un Parcours pr\u00e9vention sant\u00e9 (PPS) ou d\u2019une licence sportive.<\/p>\n<p>Pour le confort des participants, un v\u00e9hicule est mobilis\u00e9 pour acheminer les sacs des coureurs \u00e0 l\u2019arriv\u00e9e. Et un tarif pr\u00e9f\u00e9rentiel sera propos\u00e9 aux coureurs pour la descente en t\u00e9l\u00e9ph\u00e9rique. Le billet est \u00e0 prendre avec le dossard sur place.<\/p>\n","protected":false},"excerpt":{"rendered":"Le top d\u00e9part de la manifestation organis\u00e9e par les trois clubs toulonnais Hospitaliers Toulon Athl\u00e9tisme, Usam et TEC,&hellip;\n","protected":false},"author":2,"featured_media":35434,"comment_status":"","ping_status":"","sticky":false,"template":"","format":"standard","meta":{"footnotes":""},"categories":[9619],"tags":[1111,11,11488,1777,674,1011,27,12,882,25,2310,3366],"class_list":{"0":"post-35433","1":"post","2":"type-post","3":"status-publish","4":"format-standard","5":"has-post-thumbnail","7":"category-toulon","8":"tag-actu","9":"tag-actualites","10":"tag-course-pedestre","11":"tag-eu","12":"tag-europe","13":"tag-fr","14":"tag-france","15":"tag-news","16":"tag-provence-alpes-cote-dazur","17":"tag-republique-francaise","18":"tag-toulon","19":"tag-vie-locale"},"share_on_mastodon":{"url":"https:\/\/pubeurope.com\/@fr\/114362359675915920","error":""},"_links":{"self":[{"href":"https:\/\/www.europesays.com\/fr\/wp-json\/wp\/v2\/posts\/35433","targetHints":{"allow":["GET"]}}],"collection":[{"href":"https:\/\/www.europesays.com\/fr\/wp-json\/wp\/v2\/posts"}],"about":[{"href":"https:\/\/www.europesays.com\/fr\/wp-json\/wp\/v2\/types\/post"}],"author":[{"embeddable":true,"href":"https:\/\/www.europesays.com\/fr\/wp-json\/wp\/v2\/users\/2"}],"replies":[{"embeddable":true,"href":"https:\/\/www.europesays.com\/fr\/wp-json\/wp\/v2\/comments?post=35433"}],"version-history":[{"count":0,"href":"https:\/\/www.europesays.com\/fr\/wp-json\/wp\/v2\/posts\/35433\/revisions"}],"wp:featuredmedia":[{"embeddable":true,"href":"https:\/\/www.europesays.com\/fr\/wp-json\/wp\/v2\/media\/35434"}],"wp:attachment":[{"href":"https:\/\/www.europesays.com\/fr\/wp-json\/wp\/v2\/media?parent=35433"}],"wp:term":[{"taxonomy":"category","embeddable":true,"href":"https:\/\/www.europesays.com\/fr\/wp-json\/wp\/v2\/categories?post=35433"},{"taxonomy":"post_tag","embeddable":true,"href":"https:\/\/www.europesays.com\/fr\/wp-json\/wp\/v2\/tags?post=35433"}],"curies":[{"name":"wp","href":"https:\/\/api.w.org\/{rel}","templated":true}]}}