{"id":354333,"date":"2025-08-30T10:19:09","date_gmt":"2025-08-30T10:19:09","guid":{"rendered":"https:\/\/www.europesays.com\/fr\/354333\/"},"modified":"2025-08-30T10:19:09","modified_gmt":"2025-08-30T10:19:09","slug":"friedrich-merz-se-dit-un-peu-preoccupe-par-le-contexte-politique-en-france","status":"publish","type":"post","link":"https:\/\/www.europesays.com\/fr\/354333\/","title":{"rendered":"Friedrich Merz se dit \u00ab\u00a0un peu pr\u00e9occup\u00e9\u00a0\u00bb par le contexte politique en France"},"content":{"rendered":"<p>Le chancelier allemand Friedrich Merz dit ce vendredi \u00ab\u00a0suivre de tr\u00e8s pr\u00e8s la situation politique en France\u00a0\u00bb \u00e0 quelques jours du vote de confiance des d\u00e9put\u00e9s pr\u00e9vu le 8 septembre.<\/p>\n<p>Le chancelier allemand Friedrich Merz s&rsquo;est d\u00e9clar\u00e9 ce <a href=\"https:\/\/www.bfmtv.com\/politique\/gouvernement\/direct-vote-de-confiance-a-10-jours-du-scrutin-francois-bayrou-se-defend-apres-ses-critiques-sur-les-boomers_LN-202508290294.html\" title=\"Vote de confiance: les consultations entre Matignon et les partis politiques vont d\u00e9buter ce lundi apr\u00e8s-midi\" class=\"internal_link\" rel=\"nofollow noopener\" target=\"_blank\">vendredi 29 ao\u00fbt<\/a> \u00ab\u00a0un peu pr\u00e9occup\u00e9\u00a0\u00bb par la situation politique en France, notamment pour la stabilit\u00e9 de la zone euro, alors que le gouvernement fran\u00e7ais jouera sa survie lors d&rsquo;un vote de confiance le 8 septembre.<\/p>\n<p>\u00ab\u00a0Nous suivons de tr\u00e8s pr\u00e8s la situation politique en France et parfois nous sommes un peu pr\u00e9occup\u00e9s, pour tout vous dire\u00a0\u00bb, a d\u00e9clar\u00e9 Friedrich Merz, dans une interview diffus\u00e9e par <a href=\"https:\/\/www.tf1info.fr\/international\/en-direct-guerre-en-ukraine-russie-donald-trump-pas-content-mais-pas-surpris-des-dernieres-frappes-russes-sur-kiev-les-dernieres-informations-vendredi-29-aout-2025-2391430.html\" target=\"_blank\" class=\"external_link\" rel=\"nofollow noopener\">la cha\u00eene LCI.<\/a><\/p>\n<p>\u00ab\u00a0Mon interlocuteur, en mati\u00e8re de coop\u00e9ration franco-allemande c&rsquo;est le chef de l&rsquo;\u00c9tat (Emmanuel Macron)\u00a0\u00bb, a poursuivi le chancelier allemand, qui s&rsquo;exprimait \u00e0 l&rsquo;issue d&rsquo;un <a href=\"https:\/\/www.bfmtv.com\/economie\/video-le-couple-franco-allemand-peut-il-sauver-l-europe_VN-202508290622.html\" title=\"Le couple franco-allemand peut-il sauver l&#039;Europe ?\" class=\"internal_link\" rel=\"nofollow noopener\" target=\"_blank\">conseil des ministres franco-allemand organis\u00e9 \u00e0 Toulon<\/a>, dans le sud-est de la France.<\/p>\n<p>Friedrich Merz appelle \u00e0 une \u00ab\u00a0monnaie commune stable\u00a0\u00bb<\/p>\n<p>\u00ab\u00a0Je veux que l&rsquo;on continue de renforcer cette coop\u00e9ration (franco-allemande) et que pendant les deux ans qu&rsquo;il (Emmanuel Macron) lui reste de mandat, nous puissions continuer de prendre des d\u00e9cisions importantes, ind\u00e9pendamment des probl\u00e8mes de politique int\u00e9rieure momentan\u00e9s qui peuvent nous inqui\u00e9ter\u00a0\u00bb, a souhait\u00e9 Friedrich Merz.<\/p>\n<blockquote class=\"embed embed_quote\"><p>\u00ab\u00a0Je ne veux pas m&rsquo;immiscer dans la politique int\u00e9rieure fran\u00e7aise. Mais nous avons une monnaie commune qui doit \u00eatre stable. C&rsquo;\u00e9tait notre promesse il y a 25 ans, rappelez-vous\u00a0\u00bb, a-t-il ajout\u00e9.<\/p><\/blockquote>\n<p>M\u00eame si elle a assoupli sa position depuis l&rsquo;arriv\u00e9e au pouvoir de Friedrich Merz, l&rsquo;Allemagne milite traditionnellement pour un strict respect des contraintes budg\u00e9taires fix\u00e9es par les trait\u00e9s europ\u00e9ens instituant une monnaie unique.<\/p>\n<p>Le Premier ministre fran\u00e7ais Fran\u00e7ois Bayrou a pour sa part annonc\u00e9 lundi <a href=\"https:\/\/www.bfmtv.com\/politique\/gouvernement\/francois-bayrou-va-solliciter-un-vote-de-confiance-par-l-assemblee-nationale_AN-202508250473.html\" title=\"&quot;Savoir s&#039;il y a urgence ou pas&quot;: Fran\u00e7ois Bayrou va solliciter un vote de confiance par l&#039;Assembl\u00e9e nationale\" class=\"internal_link\" rel=\"nofollow noopener\" target=\"_blank\">engager la responsabilit\u00e9 de son gouvernement<\/a>, minoritaire \u00e0 l&rsquo;Assembl\u00e9e, pour engager un d\u00e9sendettement de la France et fixer un cap budg\u00e9taire pour 2026.<\/p>\n","protected":false},"excerpt":{"rendered":"Le chancelier allemand Friedrich Merz dit ce vendredi \u00ab\u00a0suivre de tr\u00e8s pr\u00e8s la situation politique en France\u00a0\u00bb \u00e0&hellip;\n","protected":false},"author":2,"featured_media":354334,"comment_status":"","ping_status":"","sticky":false,"template":"","format":"standard","meta":{"footnotes":""},"categories":[1587],"tags":[11,672,1804,1805,1803,1777,674,1801,12,1802],"class_list":{"0":"post-354333","1":"post","2":"type-post","3":"status-publish","4":"format-standard","5":"has-post-thumbnail","7":"category-allemagne","8":"tag-actualites","9":"tag-allemagne","10":"tag-bundesrepublik-deutschland","11":"tag-de","12":"tag-deutschland","13":"tag-eu","14":"tag-europe","15":"tag-germany","16":"tag-news","17":"tag-republique-federale-dallemagne"},"share_on_mastodon":{"url":"https:\/\/pubeurope.com\/@fr\/115117212649723381","error":""},"_links":{"self":[{"href":"https:\/\/www.europesays.com\/fr\/wp-json\/wp\/v2\/posts\/354333","targetHints":{"allow":["GET"]}}],"collection":[{"href":"https:\/\/www.europesays.com\/fr\/wp-json\/wp\/v2\/posts"}],"about":[{"href":"https:\/\/www.europesays.com\/fr\/wp-json\/wp\/v2\/types\/post"}],"author":[{"embeddable":true,"href":"https:\/\/www.europesays.com\/fr\/wp-json\/wp\/v2\/users\/2"}],"replies":[{"embeddable":true,"href":"https:\/\/www.europesays.com\/fr\/wp-json\/wp\/v2\/comments?post=354333"}],"version-history":[{"count":0,"href":"https:\/\/www.europesays.com\/fr\/wp-json\/wp\/v2\/posts\/354333\/revisions"}],"wp:featuredmedia":[{"embeddable":true,"href":"https:\/\/www.europesays.com\/fr\/wp-json\/wp\/v2\/media\/354334"}],"wp:attachment":[{"href":"https:\/\/www.europesays.com\/fr\/wp-json\/wp\/v2\/media?parent=354333"}],"wp:term":[{"taxonomy":"category","embeddable":true,"href":"https:\/\/www.europesays.com\/fr\/wp-json\/wp\/v2\/categories?post=354333"},{"taxonomy":"post_tag","embeddable":true,"href":"https:\/\/www.europesays.com\/fr\/wp-json\/wp\/v2\/tags?post=354333"}],"curies":[{"name":"wp","href":"https:\/\/api.w.org\/{rel}","templated":true}]}}