{"id":354341,"date":"2025-08-30T10:23:11","date_gmt":"2025-08-30T10:23:11","guid":{"rendered":"https:\/\/www.europesays.com\/fr\/354341\/"},"modified":"2025-08-30T10:23:11","modified_gmt":"2025-08-30T10:23:11","slug":"williams-mazie-rejoint-le-stade-malherbe-caen-infos-match-billet-smc","status":"publish","type":"post","link":"https:\/\/www.europesays.com\/fr\/354341\/","title":{"rendered":"Williams Mazie rejoint le Stade Malherbe Caen | infos match &#8211; billet SMC"},"content":{"rendered":"<p>                <img loading=\"lazy\" decoding=\"async\" src=\"https:\/\/www.europesays.com\/fr\/wp-content\/uploads\/2025\/08\/site_7.png\" width=\"870\" height=\"550\" alt=\"\"\/>                            <\/p>\n<p style=\"text-align: justify;\">Le Stade Malherbe Caen est heureux d\u2019annoncer l\u2019arriv\u00e9e de Williams Mazi\u00e9, attaquant de 21 ans form\u00e9 au FC Metz.<\/p>\n<p style=\"text-align: justify;\">Parti l\u2019\u00e9t\u00e9 dernier au Racing FC Union Luxembourg, il s\u2019y est rapidement impos\u00e9 comme le joueur d\u00e9cisif de son \u00e9quipe. Avec 15 buts et 8 passes d\u00e9cisives lors de la saison 2024\/2025, il a confirm\u00e9 ses qualit\u00e9s de finisseur et de cr\u00e9ateur dans la zon\u00e9 de v\u00e9rit\u00e9. Apr\u00e8s avoir d\u00e9but\u00e9 la saison au Luxembourg et disput\u00e9 les qualifications pour la Conference League, il d\u00e9barque en Normandie.\u00a0<\/p>\n<p style=\"text-align: justify;\">Joueur de couloir et pouvant \u00e9voluer en tant que deuxi\u00e8me attaquant, Williams Mazi\u00e9 apporte \u00e0 l\u2019effectif caennais ses grosses qualit\u00e9s de percussion, sa vitesse et sa capacit\u00e9 \u00e0 prendre la profondeur.\u00a0<\/p>\n<p style=\"text-align: justify;\">Le nouveau num\u00e9ro 12 des \u00ab\u00a0rouge et bleu\u00a0\u00bb d\u00e9couvrira le reste du groupe professionnel \u00e0 la reprise de l&rsquo;entra\u00eenement lundi matin.<\/p>\n<p>Afficher le sous titre:\u00a0<\/p>\n","protected":false},"excerpt":{"rendered":"Le Stade Malherbe Caen est heureux d\u2019annoncer l\u2019arriv\u00e9e de Williams Mazi\u00e9, attaquant de 21 ans form\u00e9 au FC&hellip;\n","protected":false},"author":2,"featured_media":354342,"comment_status":"","ping_status":"","sticky":false,"template":"","format":"standard","meta":{"footnotes":""},"categories":[2],"tags":[11,13809,1011,27,13810,13808,12,25],"class_list":{"0":"post-354341","1":"post","2":"type-post","3":"status-publish","4":"format-standard","5":"has-post-thumbnail","7":"category-actualites","8":"tag-actualites","9":"tag-billet-smc","10":"tag-fr","11":"tag-france","12":"tag-informations-stade-malherbe-de-caen","13":"tag-infos-match","14":"tag-news","15":"tag-republique-francaise"},"share_on_mastodon":{"url":"https:\/\/pubeurope.com\/@fr\/115117228402590707","error":""},"_links":{"self":[{"href":"https:\/\/www.europesays.com\/fr\/wp-json\/wp\/v2\/posts\/354341","targetHints":{"allow":["GET"]}}],"collection":[{"href":"https:\/\/www.europesays.com\/fr\/wp-json\/wp\/v2\/posts"}],"about":[{"href":"https:\/\/www.europesays.com\/fr\/wp-json\/wp\/v2\/types\/post"}],"author":[{"embeddable":true,"href":"https:\/\/www.europesays.com\/fr\/wp-json\/wp\/v2\/users\/2"}],"replies":[{"embeddable":true,"href":"https:\/\/www.europesays.com\/fr\/wp-json\/wp\/v2\/comments?post=354341"}],"version-history":[{"count":0,"href":"https:\/\/www.europesays.com\/fr\/wp-json\/wp\/v2\/posts\/354341\/revisions"}],"wp:featuredmedia":[{"embeddable":true,"href":"https:\/\/www.europesays.com\/fr\/wp-json\/wp\/v2\/media\/354342"}],"wp:attachment":[{"href":"https:\/\/www.europesays.com\/fr\/wp-json\/wp\/v2\/media?parent=354341"}],"wp:term":[{"taxonomy":"category","embeddable":true,"href":"https:\/\/www.europesays.com\/fr\/wp-json\/wp\/v2\/categories?post=354341"},{"taxonomy":"post_tag","embeddable":true,"href":"https:\/\/www.europesays.com\/fr\/wp-json\/wp\/v2\/tags?post=354341"}],"curies":[{"name":"wp","href":"https:\/\/api.w.org\/{rel}","templated":true}]}}