{"id":354343,"date":"2025-08-30T10:24:21","date_gmt":"2025-08-30T10:24:21","guid":{"rendered":"https:\/\/www.europesays.com\/fr\/354343\/"},"modified":"2025-08-30T10:24:21","modified_gmt":"2025-08-30T10:24:21","slug":"le-premier-ministre-a-fait-par-sa-decision-basculer-la-france-estime-carole-delga-presidente-ps-de-la-region-occitanie","status":"publish","type":"post","link":"https:\/\/www.europesays.com\/fr\/354343\/","title":{"rendered":"\u00ab\u00a0Le Premier ministre a fait, par sa d\u00e9cision, basculer la France\u00a0\u00bb, estime Carole Delga, pr\u00e9sidente PS de la r\u00e9gion Occitanie"},"content":{"rendered":"<p>\u00ab\u00a0Le Premier ministre a fait, par sa d\u00e9cision, basculer la France\u00a0\u00bb, estime Carole Delga, pr\u00e9sidente PS de la r\u00e9gion OccitanieSur le m\u00eame sujet<a href=\"https:\/\/www.bfmtv.com\/societe\/video-rentree-sociale-les-francais-sont-ils-prets-a-se-mobiliser-le-10-et-18-septembre_VN-202508300192.html\" title=\"Crise sociale: les Fran\u00e7ais sont-ils pr\u00eats \u00e0 se mobiliser le 10 et 18 septembre ?\" rel=\"nofollow noopener\" target=\"_blank\"><img width=\"16\" height=\"9\" class=\"lozad\"  alt=\"Crise sociale: les Fran\u00e7ais sont-ils pr\u00eats \u00e0 se mobiliser le 10 et 18 septembre ?\"\/>13:04Crise sociale: les Fran\u00e7ais sont-ils pr\u00eats \u00e0 se mobiliser le 10 et 18 septembre ?<\/a><a href=\"https:\/\/www.bfmtv.com\/politique\/parti-socialiste\/video-le-premier-ministre-a-fait-par-sa-decision-basculer-la-france-estime-carole-delga-presidente-ps-de-la-region-occitanie_VN-202508300185.html\" title=\"&quot;Le Premier ministre a fait, par sa d\u00e9cision, basculer la France&quot;, estime Carole Delga, pr\u00e9sidente PS de la r\u00e9gion Occitanie\" rel=\"nofollow noopener\" target=\"_blank\"><img width=\"16\" height=\"9\" class=\"lozad\"  alt=\"&quot;Le Premier ministre a fait, par sa d\u00e9cision, basculer la France&quot;, estime Carole Delga, pr\u00e9sidente PS de la r\u00e9gion Occitanie\"\/>en lecture\u00a0\u00bbLe Premier ministre a fait, par sa d\u00e9cision, basculer la France\u00a0\u00bb, estime Carole Delga, pr\u00e9sidente PS de la r\u00e9gion Occitanie<\/a><a href=\"https:\/\/www.bfmtv.com\/politique\/parti-socialiste\/video-pour-jordan-bardella-president-du-rassemblement-national-s-il-n-y-a-pas-de-rupture-on-ne-sortira-pas-de-l-impasse_VN-202508300184.html\" title=\"Pour Jordan Bardella, pr\u00e9sident du Rassemblement National, &quot;s&#039;il n&#039;y a pas de rupture, on ne sortira pas de l&#039;impasse&quot;\" rel=\"nofollow noopener\" target=\"_blank\"><img width=\"16\" height=\"9\" class=\"lozad\"  alt=\"Pour Jordan Bardella, pr\u00e9sident du Rassemblement National, &quot;s'il n'y a pas de rupture, on ne sortira pas de l'impasse&quot;\"\/>1:42Pour Jordan Bardella, pr\u00e9sident du Rassemblement National, \u00ab\u00a0s&rsquo;il n&rsquo;y a pas de rupture, on ne sortira pas de l&rsquo;impasse\u00a0\u00bb<\/a><a href=\"https:\/\/www.bfmtv.com\/societe\/video-crise-sociale-aujourd-hui-la-preoccupation-premiere-de-la-population-ce-sont-les-salaires-observe-thomas-vacheron-cgt_VN-202508300178.html\" title=\"Crise sociale: &quot;Aujourd&#039;hui la pr\u00e9occupation premi\u00e8re de la population, ce sont les salaires&quot;, observe Thomas Vacheron, (CGT)\" rel=\"nofollow noopener\" target=\"_blank\"><img width=\"16\" height=\"9\" class=\"lozad\"  alt=\"Crise sociale: &quot;Aujourd'hui la pr\u00e9occupation premi\u00e8re de la population, ce sont les salaires&quot;, observe Thomas Vacheron, (CGT)\"\/>2:23Crise sociale: \u00ab\u00a0Aujourd&rsquo;hui la pr\u00e9occupation premi\u00e8re de la population, ce sont les salaires\u00a0\u00bb, observe Thomas Vacheron, (CGT)<\/a><a href=\"https:\/\/www.bfmtv.com\/societe\/video-crise-sociale-vers-un-mois-de-septembre-noir_VN-202508300171.html\" title=\"Crise sociale: vers un mois de septembre noir ?\" rel=\"nofollow noopener\" target=\"_blank\"><img width=\"16\" height=\"9\" class=\"lozad\"  alt=\"Crise sociale: vers un mois de septembre noir ?\"\/>2:46Crise sociale: vers un mois de septembre noir ?<\/a><a href=\"https:\/\/www.bfmtv.com\/societe\/video-rentree-sociale-est-ce-que-les-francais-sont-prets-a-se-mobiliser_VN-202508300169.html\" title=\"Rentr\u00e9e sociale: est-ce que les Fran\u00e7ais sont pr\u00eats \u00e0 se mobiliser ?\" rel=\"nofollow noopener\" target=\"_blank\"><img width=\"16\" height=\"9\" class=\"lozad\"  alt=\"Rentr\u00e9e sociale: est-ce que les Fran\u00e7ais sont pr\u00eats \u00e0 se mobiliser ?\"\/>1:57Rentr\u00e9e sociale: est-ce que les Fran\u00e7ais sont pr\u00eats \u00e0 se mobiliser ?<\/a><a href=\"https:\/\/www.bfmtv.com\/politique\/parti-socialiste\/video-possible-depart-de-francois-bayrou-de-matignon-le-parti-socialiste-s-y-voit-deja_VN-202508300152.html\" title=\"Possible d\u00e9part de Fran\u00e7ois Bayrou de Matignon: le Parti socialiste s&#039;y voit d\u00e9j\u00e0\" rel=\"nofollow noopener\" target=\"_blank\"><img width=\"16\" height=\"9\" class=\"lozad\"  alt=\"Possible d\u00e9part de Fran\u00e7ois Bayrou de Matignon: le Parti socialiste s'y voit d\u00e9j\u00e0\"\/>1:45Possible d\u00e9part de Fran\u00e7ois Bayrou de Matignon: le Parti socialiste s&rsquo;y voit d\u00e9j\u00e0<\/a><a href=\"https:\/\/www.bfmtv.com\/politique\/parti-socialiste\/video-vote-de-confiance-on-est-rentre-dans-un-jeu-politique-et-c-est-ce-qui-lasse-les-francais-observe-isabelle-florennes-senatrice-modem_VN-202508300144.html\" title=\"Vote de confiance: &quot;On est rentr\u00e9 dans un jeu politique et c&#039;est ce qui lasse les Fran\u00e7ais&quot;, observe Isabelle Florennes, s\u00e9natrice (Modem)\" rel=\"nofollow noopener\" target=\"_blank\"><img width=\"16\" height=\"9\" class=\"lozad\"  alt=\"Vote de confiance: &quot;On est rentr\u00e9 dans un jeu politique et c'est ce qui lasse les Fran\u00e7ais&quot;, observe Isabelle Florennes, s\u00e9natrice (Modem)\"\/>2:15Vote de confiance: \u00ab\u00a0On est rentr\u00e9 dans un jeu politique et c&rsquo;est ce qui lasse les Fran\u00e7ais\u00a0\u00bb, observe Isabelle Florennes, s\u00e9natrice (Modem)<\/a><a href=\"https:\/\/www.bfmtv.com\/politique\/parti-socialiste\/video-signe-bfm-le-ps-pourrait-il-voir-l-un-des-siens-devenir-premier-ministre-sous-emmanuel-macron_VN-202508300083.html\" title=\"Sign\u00e9 BFM - Le PS pourrait-il voir l&#039;un des siens devenir Premier ministre sous Emmanuel Macron?\" rel=\"nofollow noopener\" target=\"_blank\"><img width=\"16\" height=\"9\" class=\"lozad\"  alt=\"Sign\u00e9 BFM - Le PS pourrait-il voir l'un des siens devenir Premier ministre sous Emmanuel Macron?\"\/>2:13Sign\u00e9 BFM &#8211; Le PS pourrait-il voir l&rsquo;un des siens devenir Premier ministre sous Emmanuel Macron?<\/a><a href=\"https:\/\/www.bfmtv.com\/politique\/parti-socialiste\/video-mobilisations-du-10-et-18-septembre-avec-nous-votre-colere-n-aurait-pas-d-objet-confie-arthur-delaporte-depute-ps-du-calvados_VN-202508290772.html\" title=\"Mobilisations du 10 et 18 septembre: &quot;Avec nous, votre col\u00e8re n&#039;aurait pas d&#039;objet&quot;, confie Arthur Delaporte, d\u00e9put\u00e9 PS du Calvados\" rel=\"nofollow noopener\" target=\"_blank\"><img width=\"16\" height=\"9\" class=\"lozad\"  alt=\"Mobilisations du 10 et 18 septembre: &quot;Avec nous, votre col\u00e8re n'aurait pas d'objet&quot;, confie Arthur Delaporte, d\u00e9put\u00e9 PS du Calvados\"\/>0:57Mobilisations du 10 et 18 septembre: \u00ab\u00a0Avec nous, votre col\u00e8re n&rsquo;aurait pas d&rsquo;objet\u00a0\u00bb, confie Arthur Delaporte, d\u00e9put\u00e9 PS du Calvados<\/a><a href=\"https:\/\/www.bfmtv.com\/politique\/parti-socialiste\/video-crise-politique-nous-avons-le-devoir-de-nous-presenter-devant-les-francais-comme-la-force-en-capacite-de-gouverner-affirme-arthur-delaporte-depute-ps-du-calvados_VN-202508290768.html\" title=\"Crise politique: &quot;Nous avons le devoir de nous pr\u00e9senter devant les Fran\u00e7ais comme la force en capacit\u00e9 de gouverner&quot;, affirme Arthur Delaporte, d\u00e9put\u00e9 PS du Calvados\" rel=\"nofollow noopener\" target=\"_blank\"><img width=\"16\" height=\"9\" class=\"lozad\"  alt=\"Crise politique: &quot;Nous avons le devoir de nous pr\u00e9senter devant les Fran\u00e7ais comme la force en capacit\u00e9 de gouverner&quot;, affirme Arthur Delaporte, d\u00e9put\u00e9 PS du Calvados\"\/>0:36Crise politique: \u00ab\u00a0Nous avons le devoir de nous pr\u00e9senter devant les Fran\u00e7ais comme la force en capacit\u00e9 de gouverner\u00a0\u00bb, affirme Arthur Delaporte, d\u00e9put\u00e9 PS du Calvados<\/a><a href=\"https:\/\/www.bfmtv.com\/politique\/parti-socialiste\/video-universite-d-ete-du-ps-il-n-y-aura-pas-d-union-avec-la-france-insoumise-assure-raphael-glucksmann-depute-europeen-place-publique_VN-202508290705.html\" title=\"Universit\u00e9 d&#039;\u00e9t\u00e9 du PS: &quot;Il n&#039;y aura pas d&#039;union avec La France Insoumise&quot;, assure Rapha\u00ebl Glucksmann, d\u00e9put\u00e9 europ\u00e9en Place publique\" rel=\"nofollow noopener\" target=\"_blank\"><img width=\"16\" height=\"9\" class=\"lozad\"  alt=\"Universit\u00e9 d'\u00e9t\u00e9 du PS: &quot;Il n'y aura pas d'union avec La France Insoumise&quot;, assure Rapha\u00ebl Glucksmann, d\u00e9put\u00e9 europ\u00e9en Place publique\"\/>1:40Universit\u00e9 d&rsquo;\u00e9t\u00e9 du PS: \u00ab\u00a0Il n&rsquo;y aura pas d&rsquo;union avec La France Insoumise\u00a0\u00bb, assure Rapha\u00ebl Glucksmann, d\u00e9put\u00e9 europ\u00e9en Place publique<\/a><a href=\"https:\/\/www.bfmtv.com\/politique\/parti-socialiste\/video-plan-budgetaire-le-debat-de-la-justice-fiscale-va-etre-crucial-estime-jerome-guedj_VN-202508280504.html\" title=\"Plan budg\u00e9taire: &quot;Le d\u00e9bat de la justice fiscale va \u00eatre crucial&quot;, estime J\u00e9r\u00f4me Guedj\" rel=\"nofollow noopener\" target=\"_blank\"><img width=\"16\" height=\"9\" class=\"lozad\"  alt=\"Plan budg\u00e9taire: &quot;Le d\u00e9bat de la justice fiscale va \u00eatre crucial&quot;, estime J\u00e9r\u00f4me Guedj\"\/>3:01Plan budg\u00e9taire: \u00ab\u00a0Le d\u00e9bat de la justice fiscale va \u00eatre crucial\u00a0\u00bb, estime J\u00e9r\u00f4me Guedj<\/a><a href=\"https:\/\/www.bfmtv.com\/societe\/video-baignade-dans-la-seine-prolongation-durant-tout-le-mois-de-septembre-a-paris_VN-202508280198.html\" title=\"Baignade dans la Seine: prolongation durant tout le mois de septembre \u00e0 Paris\" rel=\"nofollow noopener\" target=\"_blank\"><img width=\"16\" height=\"9\" class=\"lozad\"  alt=\"Baignade dans la Seine: prolongation durant tout le mois de septembre \u00e0 Paris\"\/>1:26Baignade dans la Seine: prolongation durant tout le mois de septembre \u00e0 Paris<\/a><a class=\"jumpToVideo\" target=\"_blank\"><img class=\"thumbnailPreview\"\/><\/a><\/p>\n","protected":false},"excerpt":{"rendered":"\u00ab\u00a0Le Premier ministre a fait, par sa d\u00e9cision, basculer la France\u00a0\u00bb, estime Carole Delga, pr\u00e9sidente PS de la&hellip;\n","protected":false},"author":2,"featured_media":354344,"comment_status":"","ping_status":"","sticky":false,"template":"","format":"standard","meta":{"footnotes":""},"categories":[4],"tags":[11,1011,27,12,25],"class_list":{"0":"post-354343","1":"post","2":"type-post","3":"status-publish","4":"format-standard","5":"has-post-thumbnail","7":"category-france","8":"tag-actualites","9":"tag-fr","10":"tag-france","11":"tag-news","12":"tag-republique-francaise"},"share_on_mastodon":{"url":"https:\/\/pubeurope.com\/@fr\/115117232226182724","error":""},"_links":{"self":[{"href":"https:\/\/www.europesays.com\/fr\/wp-json\/wp\/v2\/posts\/354343","targetHints":{"allow":["GET"]}}],"collection":[{"href":"https:\/\/www.europesays.com\/fr\/wp-json\/wp\/v2\/posts"}],"about":[{"href":"https:\/\/www.europesays.com\/fr\/wp-json\/wp\/v2\/types\/post"}],"author":[{"embeddable":true,"href":"https:\/\/www.europesays.com\/fr\/wp-json\/wp\/v2\/users\/2"}],"replies":[{"embeddable":true,"href":"https:\/\/www.europesays.com\/fr\/wp-json\/wp\/v2\/comments?post=354343"}],"version-history":[{"count":0,"href":"https:\/\/www.europesays.com\/fr\/wp-json\/wp\/v2\/posts\/354343\/revisions"}],"wp:featuredmedia":[{"embeddable":true,"href":"https:\/\/www.europesays.com\/fr\/wp-json\/wp\/v2\/media\/354344"}],"wp:attachment":[{"href":"https:\/\/www.europesays.com\/fr\/wp-json\/wp\/v2\/media?parent=354343"}],"wp:term":[{"taxonomy":"category","embeddable":true,"href":"https:\/\/www.europesays.com\/fr\/wp-json\/wp\/v2\/categories?post=354343"},{"taxonomy":"post_tag","embeddable":true,"href":"https:\/\/www.europesays.com\/fr\/wp-json\/wp\/v2\/tags?post=354343"}],"curies":[{"name":"wp","href":"https:\/\/api.w.org\/{rel}","templated":true}]}}