{"id":354347,"date":"2025-08-30T10:27:12","date_gmt":"2025-08-30T10:27:12","guid":{"rendered":"https:\/\/www.europesays.com\/fr\/354347\/"},"modified":"2025-08-30T10:27:12","modified_gmt":"2025-08-30T10:27:12","slug":"un-transfert-coup-de-tonnerre-pour-antoine-dupont-dans-les-prochaines-annees","status":"publish","type":"post","link":"https:\/\/www.europesays.com\/fr\/354347\/","title":{"rendered":"un transfert coup de tonnerre pour Antoine Dupont dans les prochaines ann\u00e9es ?"},"content":{"rendered":"<p>Et si Antoine Dupont venait \u00e0 quitter le Stade Toulousain dans les ann\u00e9es \u00e0 venir ? Aujourd&rsquo;hui capitaine des Rouge et noir, le demi de m\u00eal\u00e9e semble \u00eatre li\u00e9 au club haut-garonnais pour encore de longues ann\u00e9es. Sauf qu&rsquo;une folle rumeur vient de tomber ces derniers jours, avec Midi Olympique qui a d\u00e9voil\u00e9 que le milliardaire fran\u00e7ais Pierre-\u00c9douard St\u00e9rin r\u00eaverait de s\u2019attacher les services d&rsquo;Antoine Dupont. Nouveau propri\u00e9taire du Biarritz Olympique, St\u00e9rin souhaiterait recruter Dupont en lui faisant miroiter un projet Bouclier de Brennus en 2032.<\/p>\n<p>Dupont vers le BO ?<\/p>\n<p>Sauf que ce potentiel transfert coup de tonnerre pourrait d\u00e9j\u00e0 tomber \u00e0 l&rsquo;eau \u00e9tant donn\u00e9 que le BO pourrait changer de propri\u00e9taire prochainement. Il s&rsquo;av\u00e8re que la famille Bovis, connue pour avoir fait fortune dans les transports et l\u2019immobilier, serait en discussions avec Pierre-\u00c9douard St\u00e9rin pour reprendre les r\u00eanes du club basque. \u00ab\u00a0Je vous confirme que nous sommes dans une phase d\u2019\u00e9tude, qui n\u2019est pas que financi\u00e8re. Nous n\u2019avons pas les moyens de M. St\u00e9rin, nous ne sommes pas milliardaires. Nous sommes juste une famille qui a commenc\u00e9 de rien, de z\u00e9ro. Nous avons des clubs de football que nous avons pris tr\u00e8s bas et que nous avons ramen\u00e9 dans l\u2019\u00e9lite pour la section f\u00e9minine. Nos gar\u00e7ons sont en Nationale 1, ils poss\u00e8dent le statut professionnel\u00a0\u00bb, a confi\u00e9 Alexandre Bovis, faisant comprendre que l&rsquo;envie de voir Dupont au BO pourrait bien n&rsquo;\u00eatre qu&rsquo;un r\u00eave lointain. Le capitaine du XV de France devrait donc encore rester au Stade Toulousain quelques temps.<\/p>\n<p>   Partagez cette info avec vos amis et vos proches en cliquant ici<br \/> Pour r\u00e9sumer<\/p>\n<p>Et si Antoine Dupont venait \u00e0 quitter le Stade Toulousain dans les ann\u00e9es \u00e0 venir ? Aujourd&rsquo;hui capitaine des Rouge et noir, le demi de m\u00eal\u00e9e semble \u00eatre li\u00e9 au club haut-garonnais pour encore de longues ann\u00e9es.<\/p>\n<p>R\u00e9dacteur<\/p>\n<p><img decoding=\"async\" width=\"76\" height=\"76\" loading=\"lazy\" src=\"https:\/\/www.europesays.com\/fr\/wp-content\/uploads\/2025\/06\/logo-victor-willems.jpg\" alt=\"Victor Willems\"\/><\/p>\n","protected":false},"excerpt":{"rendered":"Et si Antoine Dupont venait \u00e0 quitter le Stade Toulousain dans les ann\u00e9es \u00e0 venir ? Aujourd&rsquo;hui capitaine&hellip;\n","protected":false},"author":2,"featured_media":354348,"comment_status":"","ping_status":"","sticky":false,"template":"","format":"standard","meta":{"footnotes":""},"categories":[1416],"tags":[1011,27,479,1468,60],"class_list":{"0":"post-354347","1":"post","2":"type-post","3":"status-publish","4":"format-standard","5":"has-post-thumbnail","7":"category-rugby","8":"tag-fr","9":"tag-france","10":"tag-rugby","11":"tag-rugby-football","12":"tag-sports"},"share_on_mastodon":{"url":"https:\/\/pubeurope.com\/@fr\/115117244249563951","error":""},"_links":{"self":[{"href":"https:\/\/www.europesays.com\/fr\/wp-json\/wp\/v2\/posts\/354347","targetHints":{"allow":["GET"]}}],"collection":[{"href":"https:\/\/www.europesays.com\/fr\/wp-json\/wp\/v2\/posts"}],"about":[{"href":"https:\/\/www.europesays.com\/fr\/wp-json\/wp\/v2\/types\/post"}],"author":[{"embeddable":true,"href":"https:\/\/www.europesays.com\/fr\/wp-json\/wp\/v2\/users\/2"}],"replies":[{"embeddable":true,"href":"https:\/\/www.europesays.com\/fr\/wp-json\/wp\/v2\/comments?post=354347"}],"version-history":[{"count":0,"href":"https:\/\/www.europesays.com\/fr\/wp-json\/wp\/v2\/posts\/354347\/revisions"}],"wp:featuredmedia":[{"embeddable":true,"href":"https:\/\/www.europesays.com\/fr\/wp-json\/wp\/v2\/media\/354348"}],"wp:attachment":[{"href":"https:\/\/www.europesays.com\/fr\/wp-json\/wp\/v2\/media?parent=354347"}],"wp:term":[{"taxonomy":"category","embeddable":true,"href":"https:\/\/www.europesays.com\/fr\/wp-json\/wp\/v2\/categories?post=354347"},{"taxonomy":"post_tag","embeddable":true,"href":"https:\/\/www.europesays.com\/fr\/wp-json\/wp\/v2\/tags?post=354347"}],"curies":[{"name":"wp","href":"https:\/\/api.w.org\/{rel}","templated":true}]}}