{"id":354349,"date":"2025-08-30T10:28:12","date_gmt":"2025-08-30T10:28:12","guid":{"rendered":"https:\/\/www.europesays.com\/fr\/354349\/"},"modified":"2025-08-30T10:28:12","modified_gmt":"2025-08-30T10:28:12","slug":"laventure-sarrete-pour-ugo-blanchet-novak-djokovic-et-carlos-alcaraz-en-huitieme","status":"publish","type":"post","link":"https:\/\/www.europesays.com\/fr\/354349\/","title":{"rendered":"l&rsquo;aventure s&rsquo;arr\u00eate pour Ugo Blanchet, Novak Djokovic et Carlos Alcaraz en huiti\u00e8me"},"content":{"rendered":"<p>Seul rescap\u00e9 fran\u00e7ais des qualifications de l&rsquo;US Open, le 184e mondial Ugo Blanchet a vu son aventure new-yorkaise s&rsquo;arr\u00eater vendredi aux portes des huiti\u00e8mes de finale. Le joueur entra\u00een\u00e9 par St\u00e9phane Robert s&rsquo;est inclin\u00e9 7-5, 6-3, 6-1 contre le Tch\u00e8que Tomas Machac (22e).<\/p>\n<p>\u00c0 26 ans, <a href=\"https:\/\/www.ledauphine.com\/sport\/2025\/08\/24\/us-open-arthur-rinderknech-au-2e-tour-shelton-reussit-aussi-son-entree\" target=\"_blank\" rel=\"nofollow noopener\">Blanchet disputait le deuxi\u00e8me tableau final de sa carri\u00e8re<\/a> en Grand Chelem. Le droitier \u00e0 la casquette \u00e0 l&rsquo;envers avait surpris le 16e mondial Jakub Mensik au deuxi\u00e8me tour.<\/p>\n<p>Deux Fran\u00e7ais encore en lice<\/p>\n<p>Apr\u00e8s l&rsquo;\u00e9limination de Blanchet, deux Fran\u00e7ais restent en lice dans le tableau masculin du dernier Grand Chelem de la saison. <a href=\"https:\/\/www.ledauphine.com\/sport\/2025\/08\/29\/us-open-arthur-rinderknech-domine-benjamin-bonzi-et-verra-les-huitiemes\" target=\"_blank\" rel=\"nofollow noopener\">Arthur Rinderknech<\/a> (82e) d\u00e9fiera dimanche en huiti\u00e8mes de finale le n\u00b02 mondial <a href=\"https:\/\/www.ledauphine.com\/p\/carlos-alcaraz\" target=\"_blank\" rel=\"nofollow noopener\">Carlos Alcaraz<\/a>, tandis qu&rsquo;Adrian Mannarino jouera contre le Tch\u00e8que Jiri Lehecka (21e). <a href=\"https:\/\/www.ledauphine.com\/sport\/2025\/08\/29\/us-open-mannarino-qualifie-pour-les-8es-apres-l-abandon-de-ben-shelton%20\" target=\"_blank\" rel=\"nofollow noopener\">Le 77e mondial a \u00e9t\u00e9 qualifi\u00e9 apr\u00e8s le forfait de Ben Shelton<\/a>.<\/p>\n<p>L&rsquo;Am\u00e9ricain, 6e au classement ATP, a \u00e9t\u00e9 contraint \u00e0 l&rsquo;abandon sur blessure. Apr\u00e8s avoir c\u00e9d\u00e9 la quatri\u00e8me manche, il s&rsquo;est r\u00e9solu \u00e0 jeter l&rsquo;\u00e9ponge, en larmes. Mais d&rsquo;autres t\u00eates d&rsquo;affiche, dont <a href=\"https:\/\/www.ledauphine.com\/p\/novak-djokovic\" target=\"_blank\" rel=\"nofollow noopener\">Novak Djokovic<\/a> et <a href=\"https:\/\/www.ledauphine.com\/p\/aryna-sabalenka\" target=\"_blank\" rel=\"nofollow noopener\">Aryna Sabalenka<\/a>, se sont hiss\u00e9es vendredi en huiti\u00e8mes de finale.<\/p>\n<p>L&rsquo;agacement de Novak Djokovic<\/p>\n<p>Malgr\u00e9 sa victoire face au Britannique Cameron Norrie (35e), battu en nocturne 6-4, 6-7 (7-4), 6-2, 6-3, le Serbe (7e) reste encore \u00e0 la recherche d&rsquo;un match r\u00e9f\u00e9rence dans ce tournoi, apr\u00e8s trois tours. Il affrontera en huiti\u00e8me l&rsquo;Allemand Jan-Lennard Struff (144e) tombeur de Frances Tiafoe (17e).<\/p>\n<p>Comme lors de ses deux premi\u00e8res sorties, Djokovic a laiss\u00e9 \u00e9chapper des gestes ou des paroles d&rsquo;\u00e9nervement, visiblement insatisfait de l&rsquo;\u00e9tat g\u00e9n\u00e9ral de son tennis. Il s&rsquo;est aussi plaint de son dos apr\u00e8s une vol\u00e9e \u00e0 contrepied dans le premier set et a re\u00e7u des soins dans les vestiaires. Interrog\u00e9 apr\u00e8s le match, il a minimis\u00e9 la port\u00e9e de cette blessure. \u00ab\u00a0Vous ne voulez pas en r\u00e9v\u00e9ler trop aux rivaux qui \u00e9coutent et regardent\u00a0\u00bb, a gliss\u00e9, malicieux, le quadruple vainqueur de l&rsquo;US Open.<\/p>\n<p>Carlos Alcaraz, lui, n&rsquo;a eu besoin que de 1h44 pour repousser l&rsquo;Italien Luciano Darderi (32e), 6-2, 6-4, 6-0.<br \/>L&rsquo;affaire aurait pu \u00eatre pli\u00e9e encore plus prestement si le num\u00e9ro deux mondial sans un moment de flottement dans le deuxi\u00e8me set, suivi par une alerte physique et la venue d&rsquo;un soigneur pour lui masser la jambe droite.<\/p>\n<p>Aryna Sabalenka en verve<\/p>\n<p>Chez les femmes, l&rsquo;Italienne Jasmine Paolini (7e) a chut\u00e9 face \u00e0 la Tch\u00e8que Marketa Vondrousova, titr\u00e9e \u00e0 Wimbledon en 2023. Une autre laur\u00e9ate de Wimbledon (2022), Elena Rybakina (9e) a \u00e9cart\u00e9 promptement la Britannique Emma Raducanu (6-1, 6-2), pourtant revenue en forme ces derniers mois.<\/p>\n<p>\u00c9galement en verve, la num\u00e9ro un mondiale Aryna Sabalenka a d\u00e9fait, en soir\u00e9e, la Canadienne Leylah Fernandez (31e) en deux sets. En huiti\u00e8me de finale, la B\u00e9larusse rencontrera l&rsquo;Espagnole Cristina Bucsa (95e), tombeuse de la Belge \u00c9lise Mertens (19e) au troisi\u00e8me tour.<\/p>\n","protected":false},"excerpt":{"rendered":"Seul rescap\u00e9 fran\u00e7ais des qualifications de l&rsquo;US Open, le 184e mondial Ugo Blanchet a vu son aventure new-yorkaise&hellip;\n","protected":false},"author":2,"featured_media":354350,"comment_status":"","ping_status":"","sticky":false,"template":"","format":"standard","meta":{"footnotes":""},"categories":[1415],"tags":[107,1011,27,329,4638,517,1947,60,1467],"class_list":{"0":"post-354349","1":"post","2":"type-post","3":"status-publish","4":"format-standard","5":"has-post-thumbnail","7":"category-tennis","8":"tag-fil-info","9":"tag-fr","10":"tag-france","11":"tag-france-monde","12":"tag-haute-savoie","13":"tag-sport","14":"tag-sport-national","15":"tag-sports","16":"tag-tennis"},"share_on_mastodon":{"url":"https:\/\/pubeurope.com\/@fr\/115117247880080215","error":""},"_links":{"self":[{"href":"https:\/\/www.europesays.com\/fr\/wp-json\/wp\/v2\/posts\/354349","targetHints":{"allow":["GET"]}}],"collection":[{"href":"https:\/\/www.europesays.com\/fr\/wp-json\/wp\/v2\/posts"}],"about":[{"href":"https:\/\/www.europesays.com\/fr\/wp-json\/wp\/v2\/types\/post"}],"author":[{"embeddable":true,"href":"https:\/\/www.europesays.com\/fr\/wp-json\/wp\/v2\/users\/2"}],"replies":[{"embeddable":true,"href":"https:\/\/www.europesays.com\/fr\/wp-json\/wp\/v2\/comments?post=354349"}],"version-history":[{"count":0,"href":"https:\/\/www.europesays.com\/fr\/wp-json\/wp\/v2\/posts\/354349\/revisions"}],"wp:featuredmedia":[{"embeddable":true,"href":"https:\/\/www.europesays.com\/fr\/wp-json\/wp\/v2\/media\/354350"}],"wp:attachment":[{"href":"https:\/\/www.europesays.com\/fr\/wp-json\/wp\/v2\/media?parent=354349"}],"wp:term":[{"taxonomy":"category","embeddable":true,"href":"https:\/\/www.europesays.com\/fr\/wp-json\/wp\/v2\/categories?post=354349"},{"taxonomy":"post_tag","embeddable":true,"href":"https:\/\/www.europesays.com\/fr\/wp-json\/wp\/v2\/tags?post=354349"}],"curies":[{"name":"wp","href":"https:\/\/api.w.org\/{rel}","templated":true}]}}