{"id":35435,"date":"2025-04-19T02:51:17","date_gmt":"2025-04-19T02:51:17","guid":{"rendered":"https:\/\/www.europesays.com\/fr\/35435\/"},"modified":"2025-04-19T02:51:17","modified_gmt":"2025-04-19T02:51:17","slug":"toulon-sans-ses-cadres-clermont-avec-darricarere-cinq-mois-plus-tard","status":"publish","type":"post","link":"https:\/\/www.europesays.com\/fr\/35435\/","title":{"rendered":"Toulon sans ses cadres, Clermont avec Darricar\u00e8re cinq mois plus tard"},"content":{"rendered":"<p>Le choc de la 21e journ\u00e9e de championnat met aux prises, samedi soir \u00e0 Mayol, le RCT et l\u2019ASM.<\/p>\n<p class=\"fig-paragraph\">Six jours apr\u00e8s\u00a0<a href=\"http:\/\/www.lefigaro.fr\/sports\/rugby\/coupe-d-europe\/champions-cup-de-rugby-il-ne-faut-pas-etre-triste-positive-mignoni-apres-la-defaite-de-toulon-contre-toulouse-20250413\" data-fig-type=\"NewsFlash\" data-gtm-custom-categorie=\"navigation\" data-gtm-custom-action=\"crossclick\" data-gtm-custom-label=\"Contextuel\" data-gtm-event=\"customEventSPE\" data-fig-domain=\"LEFIGARO\" target=\"_blank\" rel=\"noopener\">son \u00e9limination en quart de finale de Champions Cup<\/a>\u00a0(18-21) face au Stade Toulousain, Toulon retrouve samedi soir pour la r\u00e9ception de Clermont lors de la 21e journ\u00e9e de Top 14.<\/p>\n<p class=\"fig-paragraph\"><a href=\"http:\/\/www.lefigaro.fr\/sports\/rugby\/top-14\/top-14-en-cette-semaine-de-prolongation-au-rct-pierre-mignoni-continue-l-aventure-jusqu-en-2029-1-20250418\" data-fig-type=\"NewsFlash\" data-gtm-custom-categorie=\"navigation\" data-gtm-custom-action=\"crossclick\" data-gtm-custom-label=\"Contextuel\" data-gtm-event=\"customEventSPE\" data-fig-domain=\"LEFIGARO\" target=\"_blank\" rel=\"noopener\">Pierre Mignoni, qui vient de prolonger son contrat<\/a>\u00a0avec le club varois, a choisi de faire largement tourner son effectif en pla\u00e7ant sur le banc Baubigny, Alainu\u2019uese, Serin ou encore Jaminet, qui \u00e9taient tous titulaires dimanche dernier. Garbisi, Villi\u00e8re et Fainga\u2019anuku sortent, eux, de la feuille de match.<\/p>\n<p class=\"fig-body-link\">\n            \u00c0 lire aussi<br \/>\n        <a class=\"fig-body-link__link\" href=\"http:\/\/www.lefigaro.fr\/sports\/rugby\/top-14\/toulon-clermont-a-quelle-heure-et-sur-quelle-chaine-suivre-le-choc-entre-le-rct-et-l-asm-20250414\" data-fig-type=\"NewsFlash\" data-gtm-custom-categorie=\"navigation\" data-gtm-custom-action=\"crossclick\" data-gtm-custom-label=\"Contextuel\" data-gtm-event=\"customEventSPE\" data-fig-domain=\"LEFIGARO\" target=\"_blank\" rel=\"noopener\">Toulon-Clermont\u00a0: \u00e0 quelle heure et sur quelle cha\u00eene suivre le choc entre le RCT et l\u2019ASM\u00a0?<br \/>\n    <\/a>\n<\/p>\n<p class=\"fig-paragraph\">Le pilier international Jean-Baptiste Gros d\u00e9butera. La charni\u00e8re sera britannique avec l\u2019\u00c9cossais Ben White et le Gallois Dan Biggar. Le futur Clermontois, Selevasio Tolofua, a \u00e9t\u00e9 titularis\u00e9 au centre de la troisi\u00e8me ligne. Plac\u00e9 sur le banc, Ma\u2019a Nonu (42 ans) devrait retrouver Mayol quatre ans apr\u00e8s son dernier match sous les couleurs du RCT.<\/p>\n<p class=\"fig-paragraph\">C\u00f4t\u00e9 ASM, le jeune trois-quarts centre L\u00e9on Darricarr\u00e8re (20 ans) va effectuer son grand retour, cinq mois apr\u00e8s sa blessure aux ischio-jambiers fin novembre. Il sera titulaire aux c\u00f4t\u00e9s de George Moala. Absent depuis deux mois (\u00e9paule), Lucas Tauzin est \u00e9galement de retour sur une aile. \u00c0 la m\u00eal\u00e9e, S\u00e9bastien B\u00e9zy a \u00e9t\u00e9 pr\u00e9f\u00e9r\u00e9 \u00e0 Baptiste Jauneau.<\/p>\n","protected":false},"excerpt":{"rendered":"Le choc de la 21e journ\u00e9e de championnat met aux prises, samedi soir \u00e0 Mayol, le RCT et&hellip;\n","protected":false},"author":2,"featured_media":35436,"comment_status":"","ping_status":"","sticky":false,"template":"","format":"standard","meta":{"footnotes":""},"categories":[9619],"tags":[1111,11,10980,525,4590,1981,2313,814,1777,674,1011,27,955,12,4589,882,2311,3461,25,1980,479,2259,478,2310,2312],"class_list":{"0":"post-35435","1":"post","2":"type-post","3":"status-publish","4":"format-standard","5":"has-post-thumbnail","7":"category-toulon","8":"tag-actu","9":"tag-actualites","10":"tag-asm-clermont-auvergne","11":"tag-calendrier","12":"tag-championnat-france","13":"tag-classement","14":"tag-clermont","15":"tag-direct","16":"tag-eu","17":"tag-europe","18":"tag-fr","19":"tag-france","20":"tag-match","21":"tag-news","22":"tag-phase-finale","23":"tag-provence-alpes-cote-dazur","24":"tag-racing","25":"tag-rct","26":"tag-republique-francaise","27":"tag-resultats","28":"tag-rugby","29":"tag-score","30":"tag-top-14","31":"tag-toulon","32":"tag-toulouse"},"share_on_mastodon":{"url":"https:\/\/pubeurope.com\/@fr\/114362363627559371","error":""},"_links":{"self":[{"href":"https:\/\/www.europesays.com\/fr\/wp-json\/wp\/v2\/posts\/35435","targetHints":{"allow":["GET"]}}],"collection":[{"href":"https:\/\/www.europesays.com\/fr\/wp-json\/wp\/v2\/posts"}],"about":[{"href":"https:\/\/www.europesays.com\/fr\/wp-json\/wp\/v2\/types\/post"}],"author":[{"embeddable":true,"href":"https:\/\/www.europesays.com\/fr\/wp-json\/wp\/v2\/users\/2"}],"replies":[{"embeddable":true,"href":"https:\/\/www.europesays.com\/fr\/wp-json\/wp\/v2\/comments?post=35435"}],"version-history":[{"count":0,"href":"https:\/\/www.europesays.com\/fr\/wp-json\/wp\/v2\/posts\/35435\/revisions"}],"wp:featuredmedia":[{"embeddable":true,"href":"https:\/\/www.europesays.com\/fr\/wp-json\/wp\/v2\/media\/35436"}],"wp:attachment":[{"href":"https:\/\/www.europesays.com\/fr\/wp-json\/wp\/v2\/media?parent=35435"}],"wp:term":[{"taxonomy":"category","embeddable":true,"href":"https:\/\/www.europesays.com\/fr\/wp-json\/wp\/v2\/categories?post=35435"},{"taxonomy":"post_tag","embeddable":true,"href":"https:\/\/www.europesays.com\/fr\/wp-json\/wp\/v2\/tags?post=35435"}],"curies":[{"name":"wp","href":"https:\/\/api.w.org\/{rel}","templated":true}]}}