{"id":354353,"date":"2025-08-30T10:31:07","date_gmt":"2025-08-30T10:31:07","guid":{"rendered":"https:\/\/www.europesays.com\/fr\/354353\/"},"modified":"2025-08-30T10:31:07","modified_gmt":"2025-08-30T10:31:07","slug":"nkunku-a-la-relance-direction-lac-milan-eurosport","status":"publish","type":"post","link":"https:\/\/www.europesays.com\/fr\/354353\/","title":{"rendered":"Nkunku \u00e0 la relance : direction l&#039;AC Milan &#8211; Eurosport"},"content":{"rendered":"<ol>\n<li><a href=\"https:\/\/news.google.com\/rss\/articles\/CBMi_AFBVV95cUxPZzJGcEo4VWs0ekkzdnIxNUZFTjhfYWNUdjJxd1FqNU5xYnd2LWo4ODUzMGNUZy1qd2tBcUZSbC1OMnBnWlVYRjYzWE5rZVFBZ3RkZVhuR2FnSHBUQUZaQXhoTDRiWUhNaDY2X2NfZ1lYWFRLMnhscW5ZTUFLZzJUeWJMeEp2WHRfb01PUVdiM2djUEgwYVdpX1B6a0hJUDMxem10NTA5azItcmo1c3JXSWxHTk1rTGR2RTZoeGtYS1FUN2hRMDRmVE9JdzhLVUp6WVRZNEc2R2ZHVGVDbU12bzdLbldrRFctUW1EOVZGeC13QXVaQUUxUGRTZjU?oc=5\" target=\"_blank\" rel=\"nofollow noopener\">Nkunku \u00e0 la relance : direction l&rsquo;AC Milan<\/a>&nbsp;&nbsp;Eurosport<\/li>\n<li><a href=\"https:\/\/news.google.com\/rss\/articles\/CBMi0AFBVV95cUxNbmRGbzYxRjUtYjM3NmZETDNIQTYzVmhnMnNyZWctSmVHYmd5S0hkbE1QS1JJVGpDemFmM21YOEdaR0xfeDFKaVJEZWtCSUF4SUJ2dmpLRXJZa01RT3duSDZULURfaWVfSUgyM3F2RVNkREpsaFhEelpwRWwxTlRtSWk4Q2J0RGttWFVGOXFfczVDdW9ZczBTMndMM1d3Wnh3R2FBNXJWS3d0dTR1aGNnenY0bEZONDFfMDJJMkNoNklTeHBzYllQMFRXMnB4VzlB?oc=5\" target=\"_blank\" rel=\"nofollow noopener\">Mercato : Christopher Nkunku quitte Chelsea et s&rsquo;engage officiellement avec l&rsquo;AC Milan<\/a>&nbsp;&nbsp;L&rsquo;\u00c9quipe<\/li>\n<li><a href=\"https:\/\/news.google.com\/rss\/articles\/CBMinAFBVV95cUxPWDJBbVZmZ3p3TS1ra1RiQ3F5YXF3NnI5MEFEQUpXNlhmT1UyTmdOUjFSaGFLLUoybHpMRnJQak5lRmVWNTNfZ3ZzMFY1OTdva09hd3dFcGpBMGUtSVI0dUhFcGVSTWpVTVhsWWNKSmo0SE5tRFk1ZFhNTmgyWWhacGVwSGFGVmZCNjZBYi12NGVTLWNWZzh6MVB1TnY?oc=5\" target=\"_blank\" rel=\"nofollow noopener\">Christopher Nkunku quitte Chelsea pour l\u2019AC Milan<\/a>&nbsp;&nbsp;Foot Mercato<\/li>\n<li><a href=\"https:\/\/news.google.com\/rss\/articles\/CBMi1gFBVV95cUxQUnVXcUlxRmZZLUhoVExRYTBkNUJpdFoydnhWeDI5S0U4R1NjeHQzcGtVUFhzNnFMaFpnZU5WSDd4U3FoTDQycC1JVENjUkc2MDc1MEVlWHl2WEE3SGFsZXI4SGZMOFB1eWJ4ZmNpWERaRVdfZXRrakxvbmw4N1g0ejdKOXF0YW9NODRpdG1hYUtWMXE1djVGOGVpb3BpWHRFbF81bkVrUFcxS1d1V3Jid21keHhoTTJxcFNSQ1FpWnlEZmhCdlE1VHRHbHZQc29rTThBbFVR?oc=5\" target=\"_blank\" rel=\"nofollow noopener\">DIRECT. Mercato: Newcastle signe le transfert le plus cher de son histoire<\/a>&nbsp;&nbsp;RMC Sport<\/li>\n<li><a href=\"https:\/\/news.google.com\/rss\/articles\/CBMi_gFBVV95cUxPdWdwWldLSjhjWTRkWkx5T1pWbVh3Y0N3eld1UjdFY0NObC10UHR6RWtodW9QblRraUtEM3QzeWN1bVVPb185ZFA4bGVrbG5vZGN0dGhRYjlJOHpnekhMbFhreDFkZ19KVjRYRW1UQi1pUnNqeHYzQ05zMjVOVmJldTc1MEZQMG03Z0FlSTlrT2tXbXQtc1gxMm9fcm9QVDI0UXhBTTh3VmxvcHIyT0VqaEkwcVNyai15YmxXRnNTbDIyQnVUaGRlZUliQWxHMGNmX052STltX1dLZVAzUzk3U0pmUWYzMVpfTzFxVEY3ZzRNdU5sUFNDdlN0bG0tQQ?oc=5\" target=\"_blank\" rel=\"nofollow noopener\">Mercato. Christopher Nkunku est arriv\u00e9 \u00e0 Milan, o\u00f9 il va s\u2019engager avec l\u2019AC Milan<\/a>&nbsp;&nbsp;Ouest-France<\/li>\n<\/ol>\n","protected":false},"excerpt":{"rendered":"Nkunku \u00e0 la relance : direction l&rsquo;AC Milan&nbsp;&nbsp;Eurosport Mercato : Christopher Nkunku quitte Chelsea et s&rsquo;engage officiellement avec&hellip;\n","protected":false},"author":2,"featured_media":1445,"comment_status":"","ping_status":"","sticky":false,"template":"","format":"standard","meta":{"footnotes":""},"categories":[1412],"tags":[1451,1452,1453,1454,1455,1011,27,60],"class_list":{"0":"post-354353","1":"post","2":"type-post","3":"status-publish","4":"format-standard","5":"has-post-thumbnail","7":"category-f1","8":"tag-f1","9":"tag-formula-1","10":"tag-formula1","11":"tag-formule-1","12":"tag-formule1","13":"tag-fr","14":"tag-france","15":"tag-sports"},"share_on_mastodon":{"url":"https:\/\/pubeurope.com\/@fr\/115117259722562001","error":""},"_links":{"self":[{"href":"https:\/\/www.europesays.com\/fr\/wp-json\/wp\/v2\/posts\/354353","targetHints":{"allow":["GET"]}}],"collection":[{"href":"https:\/\/www.europesays.com\/fr\/wp-json\/wp\/v2\/posts"}],"about":[{"href":"https:\/\/www.europesays.com\/fr\/wp-json\/wp\/v2\/types\/post"}],"author":[{"embeddable":true,"href":"https:\/\/www.europesays.com\/fr\/wp-json\/wp\/v2\/users\/2"}],"replies":[{"embeddable":true,"href":"https:\/\/www.europesays.com\/fr\/wp-json\/wp\/v2\/comments?post=354353"}],"version-history":[{"count":0,"href":"https:\/\/www.europesays.com\/fr\/wp-json\/wp\/v2\/posts\/354353\/revisions"}],"wp:featuredmedia":[{"embeddable":true,"href":"https:\/\/www.europesays.com\/fr\/wp-json\/wp\/v2\/media\/1445"}],"wp:attachment":[{"href":"https:\/\/www.europesays.com\/fr\/wp-json\/wp\/v2\/media?parent=354353"}],"wp:term":[{"taxonomy":"category","embeddable":true,"href":"https:\/\/www.europesays.com\/fr\/wp-json\/wp\/v2\/categories?post=354353"},{"taxonomy":"post_tag","embeddable":true,"href":"https:\/\/www.europesays.com\/fr\/wp-json\/wp\/v2\/tags?post=354353"}],"curies":[{"name":"wp","href":"https:\/\/api.w.org\/{rel}","templated":true}]}}