{"id":354356,"date":"2025-08-30T10:33:12","date_gmt":"2025-08-30T10:33:12","guid":{"rendered":"https:\/\/www.europesays.com\/fr\/354356\/"},"modified":"2025-08-30T10:33:12","modified_gmt":"2025-08-30T10:33:12","slug":"lucas-stassin-nest-pas-la-priorite-de-brentford","status":"publish","type":"post","link":"https:\/\/www.europesays.com\/fr\/354356\/","title":{"rendered":"Lucas Stassin n&rsquo;est pas la priorit\u00e9 de Brentford"},"content":{"rendered":"<p>Les d\u00e9buts r\u00e9ussis de Saint-Etienne en Ligue 2 confirment que le club est candidat au titre. Mais pour r\u00e9ussir \u00e0 retrouver la Ligue 1, Eirik Horneland aura besoin de tout le monde. C&rsquo;est pour cette raison que <strong>Kilmer Sport Ventures se montre intransigeant concernant Lucas Stassin<\/strong>.<\/p>\n<p>Cette semaine, d\u00e9j\u00e0, <a href=\"https:\/\/www.dailymercato.com\/news\/mercato-asse-les-verts-fixent-le-prix-de-stassin-rennes-va-t-il-craquer\" rel=\"nofollow noopener\" target=\"_blank\">Ivan Gazidis a refus\u00e9 d&rsquo;ouvrir la porte \u00e0 des n\u00e9gociations avec le Stade Rennais<\/a>. Mais le SRFC n&rsquo;est pas le seul club \u00e0 vouloir recruter la p\u00e9pite belge. Depuis plusieurs mois, <a href=\"https:\/\/www.dailymercato.com\/news\/mercato-asse-les-4-pretendants-xxl-de-lucas-stassin\" rel=\"nofollow noopener\" target=\"_blank\">Brentford fait partie des pr\u00e9tendants pour signer Stassin<\/a>.<\/p>\n<p>L&rsquo;ASSE va-t-elle craquer pour Lucas Stassin ?<\/p>\n<p>Les Bees ont vendu Bryan Mbeumo \u00e0 Manchester United contre la somme de 75M\u20ac. Pour remplacer le Franco-Camerounais, <strong>Brentford envisage de recruter Lucas Stassin<\/strong>. Cependant, le club anglais mise sur le Belge qu&rsquo;en cas d&rsquo;\u00e9chec sur le dossier Maximilian Beier.<\/p>\n<p>Selon\u00a0The Athletic, Brentford aurait d\u00e9j\u00e0 formul\u00e9 une premi\u00e8re offre d\u00e9passant les 50M\u20ac pour s&rsquo;acheter les services de l&rsquo;attaquant de Dortmund. Le Borussia n&rsquo;a pas accept\u00e9 cette proposition, mais le montant mis sur la table prouve que Lucas Stassin n&rsquo;est qu&rsquo;un plan B. Une bonne nouvelle pour le mercato de l&rsquo;ASSE, qui esp\u00e8re ne pas craquer dans les ultimes heures de cette p\u00e9riode de transferts.\u00a0<\/p>\n<blockquote class=\"twitter-tweet\"><p>&#13;<\/p>\n<p dir=\"ltr\" lang=\"en\">\ud83d\udea8 Brentford have had an offer of about \u00a345M for forward Maximilian Beier \ud835\uddff\ud835\uddf2\ud835\uddf7\ud835\uddf2\ud835\uddf0\ud835\ude01\ud835\uddf2\ud835\uddf1 by Borussia Dortmund.<\/p>\n<p>(Source: <a href=\"https:\/\/twitter.com\/TheAthleticFC?ref_src=twsrc%5Etfw\" rel=\"nofollow noopener\" target=\"_blank\">@TheAthleticFC<\/a>) <a href=\"https:\/\/t.co\/zvh1FT013m\" rel=\"nofollow\">pic.twitter.com\/zvh1FT013m<\/a><\/p>\n<p>&#13;<br \/>\n\u2014 Transfer News Live (@DeadlineDayLive) <a href=\"https:\/\/twitter.com\/DeadlineDayLive\/status\/1961679025128312998?ref_src=twsrc%5Etfw\" rel=\"nofollow noopener\" target=\"_blank\">August 30, 2025<\/a><\/p><\/blockquote>\n<p>Supporter st\u00e9phanois, je ne perds pas espoir de revoir les Verts retrouver les sommets. En attendant, je m&rsquo;endes clu remets aux autres clubs historiques du football fran\u00e7ais pour prendre mon mal en patience, et ainsi admirer des clubs comme Strasbourg ou le RC Lens.<\/p>\n<p>            <script async src=\"https:\/\/platform.twitter.com\/widgets.js\" charset=\"utf-8\"><\/script><\/p>\n","protected":false},"excerpt":{"rendered":"Les d\u00e9buts r\u00e9ussis de Saint-Etienne en Ligue 2 confirment que le club est candidat au titre. Mais pour&hellip;\n","protected":false},"author":2,"featured_media":42007,"comment_status":"","ping_status":"","sticky":false,"template":"","format":"standard","meta":{"footnotes":""},"categories":[1410],"tags":[63,1011,27,60],"class_list":{"0":"post-354356","1":"post","2":"type-post","3":"status-publish","4":"format-standard","5":"has-post-thumbnail","7":"category-football","8":"tag-football","9":"tag-fr","10":"tag-france","11":"tag-sports"},"share_on_mastodon":{"url":"https:\/\/pubeurope.com\/@fr\/115117267648244888","error":""},"_links":{"self":[{"href":"https:\/\/www.europesays.com\/fr\/wp-json\/wp\/v2\/posts\/354356","targetHints":{"allow":["GET"]}}],"collection":[{"href":"https:\/\/www.europesays.com\/fr\/wp-json\/wp\/v2\/posts"}],"about":[{"href":"https:\/\/www.europesays.com\/fr\/wp-json\/wp\/v2\/types\/post"}],"author":[{"embeddable":true,"href":"https:\/\/www.europesays.com\/fr\/wp-json\/wp\/v2\/users\/2"}],"replies":[{"embeddable":true,"href":"https:\/\/www.europesays.com\/fr\/wp-json\/wp\/v2\/comments?post=354356"}],"version-history":[{"count":0,"href":"https:\/\/www.europesays.com\/fr\/wp-json\/wp\/v2\/posts\/354356\/revisions"}],"wp:featuredmedia":[{"embeddable":true,"href":"https:\/\/www.europesays.com\/fr\/wp-json\/wp\/v2\/media\/42007"}],"wp:attachment":[{"href":"https:\/\/www.europesays.com\/fr\/wp-json\/wp\/v2\/media?parent=354356"}],"wp:term":[{"taxonomy":"category","embeddable":true,"href":"https:\/\/www.europesays.com\/fr\/wp-json\/wp\/v2\/categories?post=354356"},{"taxonomy":"post_tag","embeddable":true,"href":"https:\/\/www.europesays.com\/fr\/wp-json\/wp\/v2\/tags?post=354356"}],"curies":[{"name":"wp","href":"https:\/\/api.w.org\/{rel}","templated":true}]}}