{"id":354357,"date":"2025-08-30T10:34:07","date_gmt":"2025-08-30T10:34:07","guid":{"rendered":"https:\/\/www.europesays.com\/fr\/354357\/"},"modified":"2025-08-30T10:34:07","modified_gmt":"2025-08-30T10:34:07","slug":"cette-maison-de-luxe-achetee-par-marion-cotillard-apres-sa-rupture-avec-guillaume-canet-provoque-jalousie-tensions-et-rumeurs-persistantes-newsly-fr","status":"publish","type":"post","link":"https:\/\/www.europesays.com\/fr\/354357\/","title":{"rendered":"Cette maison de luxe achet\u00e9e par Marion Cotillard apr\u00e8s sa rupture avec Guillaume Canet provoque jalousie, tensions et rumeurs persistantes &#8211; newsly.fr"},"content":{"rendered":"<ol>\n<li><a href=\"https:\/\/news.google.com\/rss\/articles\/CBMi_AFBVV95cUxObHIwbVZleVhrNmxhZ0NPT1ZNZ2V1RzM2bW1HaUhqeHJtM3o5YnVjY3VMMHd4aVp3S0VrUVYwNElXWjlJRFpTdmJoNzZHNm9TQk1ISTRkM2EtVTdLNmpHYnhvV2t3bmJicVFrN3VxYU0yM21zRXU1ZnpwUENxM1U1TGU1VEJGMWRMSkFCYW1YQi1NUl9iNmo2cXJ4cmdMal81c3FCM1dyQVdRN1FKelRBRWdYaGVaeXpiandMbVJ1SE9TMEcyUjBiS1ljTXZjd0VIVHNxOVYyalFsc0w3RUtudnhNUUJVcHFrVmc0TFdvRzAzSWpicnk5NXcxWDQ?oc=5\" target=\"_blank\" rel=\"nofollow noopener\">Cette maison de luxe achet\u00e9e par Marion Cotillard apr\u00e8s sa rupture avec Guillaume Canet provoque jalousie, tensions et rumeurs persistantes<\/a>&nbsp;&nbsp;newsly.fr<\/li>\n<li><a href=\"https:\/\/news.google.com\/rss\/articles\/CBMiwwFBVV95cUxOc3Nodms4YWo0TU9jek5rMFMtRGZ5X0dsVGxZNWgwTjd2ZkdVTTVvMnpCdlhWaUt3XzRfTGkxSjFsbU0tcU44dnlwbE9fem95X29VX0g0VXdueGJEdFp5Zlh5b3V2R0FtQ2loUUJ4VEhrRFNOTG4zdVhHR1BOV180ZThjUWdnOHpBbXJvWmZTYXQ4aFNNX0FYTV95MG1FSE10aS15YUJzdE53MVZGM1lHaE0zMnhVN3U2XzBpQ1g3bmw0dUU?oc=5\" target=\"_blank\" rel=\"nofollow noopener\">Marion Cotillard divorc\u00e9e de Guillaume Canet : focus sur la nouvelle vie de l\u2019actrice<\/a>&nbsp;&nbsp;Sudinfo<\/li>\n<li><a href=\"https:\/\/news.google.com\/rss\/articles\/CBMiqAFBVV95cUxPSHZyVkRVVWJOVzladDJUaF80anRYNVJoUWN0TG9kQnJCSFFhX3pMVFpRNkFiTXFYZHFqV2lZeE1NYkRBUGdROUltalhseF9ac0QzeXQ0YkozYWVMS3dmak1ZMmpaR3JvUE4xVHdhM2s4R3NfVW41Y2oxTzRhbkxRY0NZcnMwSmdYUGNYUi01aERaX3ZoUE5TemxONTViNTVkb0E3Q2REUVY?oc=5\" target=\"_blank\" rel=\"nofollow noopener\">Guillaume Canet : s\u00e9par\u00e9 de Marion Cotillard et tout sourire dans les bras d\u2019une autre<\/a>&nbsp;&nbsp;public.fr<\/li>\n<li><a href=\"https:\/\/news.google.com\/rss\/articles\/CBMiiwJBVV95cUxPMl9MRGtpMVQ4NTFMc3pzTjZhd0xXUExoVFRNRlJ1QkFBX0NZT2hhRzd2Z3ZJOXdPOTF6dERFMlFYMFEwZWYxX1NfNk83Rm1rWFBRUzQwaFdnU25QTHEwNzRmS2hoOU9yQmNISHVadlNGaUdlT3lTNHFaaXJKU280TTZmU3h2ZnBWdUJtTkxaZmRvQ3BrYVBqZk91MGN4RDJFTE1ETm1Oa3Y1U0hoN2VYcER6SEJYdHB3NUk4dmpFelpUOUw2SEw2MUdBRnZlczNTOC1NOF9DOFJvYjBjRGFlaW1BT1JPajZITHpvX0E4MFY3NWJNYnI4SklXcFlRT2VOX1FDOU05ZVpHcms?oc=5\" target=\"_blank\" rel=\"nofollow noopener\">Guillaume Canet tout sourire avec une autre femme dans le Sud, Marion Cotillard fait grand bruit aux Etats-Unis face \u00e0 Jennifer Aniston<\/a>&nbsp;&nbsp;Purepeople<\/li>\n<li><a href=\"https:\/\/news.google.com\/rss\/articles\/CBMi6wFBVV95cUxQMDlxQXlwR29iWUVDU3dIY3RodTRVdkxlZnhtZHE0Q2xuWmhRRnhEOFVrMlRWV2l2T3o5RWJwT2xORElKcHBtakptNDVrZFlJbDJCZjZiTU9qMGhiWndxdWZFRF9aRE1GWVM3X1RUd3ZkM1lHTUp0SmFzZmY2bS1xbGtTNmMyRC1fMk94NFpxNkZLWHFsaEwxTWlmdm9CUlVrckxrOEVUZGhtVlJPWHJyZEVOXzNrN2lxR19JVlBtQ1MwU3Z3ZVFjLUtYUXZOWE9sQ1JvZ2VPNnFPUGE5RUtkYkVlZGJ4d2pZdmZN?oc=5\" target=\"_blank\" rel=\"nofollow noopener\">INFO VOICI &#8211; Marion Cotillard et Guillaume Canet s\u00e9par\u00e9s : cette surprenante d\u00e9cision qu\u2019ils ont prise pour leurs enfants<\/a>&nbsp;&nbsp;Voici<\/li>\n<\/ol>\n","protected":false},"excerpt":{"rendered":"Cette maison de luxe achet\u00e9e par Marion Cotillard apr\u00e8s sa rupture avec Guillaume Canet provoque jalousie, tensions et&hellip;\n","protected":false},"author":2,"featured_media":1445,"comment_status":"","ping_status":"","sticky":false,"template":"","format":"standard","meta":{"footnotes":""},"categories":[1359],"tags":[58,59,1011,27,973],"class_list":{"0":"post-354357","1":"post","2":"type-post","3":"status-publish","4":"format-standard","5":"has-post-thumbnail","7":"category-people","8":"tag-divertissement","9":"tag-entertainment","10":"tag-fr","11":"tag-france","12":"tag-people"},"share_on_mastodon":{"url":"https:\/\/pubeurope.com\/@fr\/115117271522772451","error":""},"_links":{"self":[{"href":"https:\/\/www.europesays.com\/fr\/wp-json\/wp\/v2\/posts\/354357","targetHints":{"allow":["GET"]}}],"collection":[{"href":"https:\/\/www.europesays.com\/fr\/wp-json\/wp\/v2\/posts"}],"about":[{"href":"https:\/\/www.europesays.com\/fr\/wp-json\/wp\/v2\/types\/post"}],"author":[{"embeddable":true,"href":"https:\/\/www.europesays.com\/fr\/wp-json\/wp\/v2\/users\/2"}],"replies":[{"embeddable":true,"href":"https:\/\/www.europesays.com\/fr\/wp-json\/wp\/v2\/comments?post=354357"}],"version-history":[{"count":0,"href":"https:\/\/www.europesays.com\/fr\/wp-json\/wp\/v2\/posts\/354357\/revisions"}],"wp:featuredmedia":[{"embeddable":true,"href":"https:\/\/www.europesays.com\/fr\/wp-json\/wp\/v2\/media\/1445"}],"wp:attachment":[{"href":"https:\/\/www.europesays.com\/fr\/wp-json\/wp\/v2\/media?parent=354357"}],"wp:term":[{"taxonomy":"category","embeddable":true,"href":"https:\/\/www.europesays.com\/fr\/wp-json\/wp\/v2\/categories?post=354357"},{"taxonomy":"post_tag","embeddable":true,"href":"https:\/\/www.europesays.com\/fr\/wp-json\/wp\/v2\/tags?post=354357"}],"curies":[{"name":"wp","href":"https:\/\/api.w.org\/{rel}","templated":true}]}}