{"id":354358,"date":"2025-08-30T10:35:11","date_gmt":"2025-08-30T10:35:11","guid":{"rendered":"https:\/\/www.europesays.com\/fr\/354358\/"},"modified":"2025-08-30T10:35:11","modified_gmt":"2025-08-30T10:35:11","slug":"31e-edition-du-festival-off-objectif-image-pays-catalan-1160-photographies-a-decouvrir-dans-83-lieux-de-vie-et-dhistoire","status":"publish","type":"post","link":"https:\/\/www.europesays.com\/fr\/354358\/","title":{"rendered":"31e \u00e9dition du Festival Off (Objectif Image Pays Catalan)\u00a0: 1160 photographies \u00e0 d\u00e9couvrir dans 83 lieux de vie et d\u2019histoire"},"content":{"rendered":"<p>\n                                                                Ce 31e ex-festival Off devenu Objectif Image Pays Catalan englobe 1160 photographies, 116 exposants, 83 lieux d\u2019exposition et 51 partenaires dont les Galeries Lafayette. Lesquelles, ce vendredi 29\u00a0ao\u00fbt 2025, ont accueilli le pr\u00e9sident de l\u2019association Off, Robert Ferr\u00e9, les institutionnels et tous les passionn\u00e9s d\u2019image. Zoom sur une \u00e9dition pleine de belles d\u00e9couvertes.\n                            <\/p>\n<p>Son nom et son logo\u00a0ont chang\u00e9, mais pas\u00a0son \u00e2me, ni sa mission ou\u00a0sa profondeur de champ. L\u2019ex\u00a0festival Off a \u00e9t\u00e9 rebaptis\u00e9 Objectif Image Pays\u00a0Catalan et \u00e7a lui sied.\u00a0\u00ab\u00a0En quatre mots, tout est dit, tout s\u2019explique, c\u2019est\u00a0limpide\u00a0\u00bb, a r\u00e9sum\u00e9 ainsi Robert Ferr\u00e9, l\u2019infatigable pr\u00e9sident de l\u2019association Off de Perpignan en amorce de sa conf\u00e9rence de presse donn\u00e9e ce vendredi 29\u00a0ao\u00fbt 2025 sur le rooftop des Galeries Lafayette.\u00a0Une cinquantaine de personnes, institutionnels, partenaires (ils sont 51) et\u00a0autres, \u00e9taient pr\u00e9sents.<\/p>\n<p>\u00c0 sa gauche, se tient\u00a0le parrain de cette 31e\u00a0\u00e9dition\u00a0: Franck Desplanques, photographe \u00e0 la renomm\u00e9e internationale mais \u00e9galement r\u00e9dacteur en chef de\u00a0l\u2019\u00e9mission\u00a0\u00ab\u00a0Rendez-vous en terre inconnue\u00a0\u00bb, qui a l\u2019ambition\u00a0de\u00a0nous faire voyager aux confins de la terre sans bouger de notre canap\u00e9. Et\u00a0\u00e0 sa droite, l\u2019invit\u00e9 d\u2019honneur\u00a0: Ugo Latriche, \u00e9galement photographe mais plus connu du grand public pour ses 9 victoires en une seule saison de Koh Lanta.\u00a0Apr\u00e8s les diverses pr\u00e9sentations, Robert Ferr\u00e9 entre\u00a0dans le vif du sujet.<\/p>\n<blockquote>\n<p>\u00ab\u00a0Des \u00e9motions pures\u00a0\u00bb<\/p>\n<\/blockquote>\n<p>\u00ab\u00a0C\u2019est d\u2019habitude\u00a0une phrase que je prononce au terme du Festival, mais je peux d\u00e9j\u00e0 vous l\u2019affirmer\u00a0: cette ann\u00e9e le Off\u00a0est un grand cru.\u00a0Jugez plut\u00f4t\u00a0: 1800 photographies nous ont \u00e9t\u00e9 adress\u00e9es, oui, vous avez bien entendu 1800\u00a0! Du jamais vu. Nous\u00a0en avons retenu 1160. Derri\u00e8re ces clich\u00e9s spontan\u00e9s\u00a0en couleur ou en noir et blanc\u00a0r\u00e9alis\u00e9s par des photographes non professionnels\u00a0issus\u00a0des quatre coins du monde, une volont\u00e9 unique de raconter des histoires simples et universelles. Celles qui nous parlent, nous touchent, nous \u00e9tonnent, nous font d\u00e9couvrir des gens, des lieux, des m\u00e9tiers. Bref, qui font na\u00eetre en nous des \u00e9motions pures\u00a0\u00bb.\u00a0Ce festival dans la vie (commerces, monuments\u00a0patrimoniaux, institutions, services\u2026) \u00a0\u00bb transforme 83\u00a0lieux partenaires\u00a0investis par 116 exposants jusqu\u2019au 13\u00a0septembre, en v\u00e9ritables\u00a0galeries d\u2019art \u00e0 ciel ouvert\u00a0\u00bb, d\u00e9taille\u00a0Robert Ferr\u00e9.<\/p>\n<p>Parmi les temps forts 2025, l\u2019inauguration officielle ce samedi 30\u00a0ao\u00fbt \u00e0 19\u00a0h\u00a030 sur l\u2019esplanade\u00a0des Galeries Lafayette avec d\u00e9dicaces du livre du parrain de l\u2019\u00e9dition; le 6\u00a0septembre conf\u00e9rence des photographes suivie, \u00e0 18\u00a0h au Campus 42\u00a0la remise officielle des Prix.\u00a0Des moments forts en perspective.<\/p>\n<p>Informations et contacts\u00a0: 0625513136 \/ 0623047325 ou sur Festivaloff66@gmal.com<\/p>\n","protected":false},"excerpt":{"rendered":"Ce 31e ex-festival Off devenu Objectif Image Pays Catalan englobe 1160 photographies, 116 exposants, 83 lieux d\u2019exposition et&hellip;\n","protected":false},"author":2,"featured_media":354359,"comment_status":"","ping_status":"","sticky":false,"template":"","format":"standard","meta":{"footnotes":""},"categories":[1358],"tags":[1348,1384,1385,1386,58,59,1011,27],"class_list":{"0":"post-354358","1":"post","2":"type-post","3":"status-publish","4":"format-standard","5":"has-post-thumbnail","7":"category-arts-et-design","8":"tag-arts","9":"tag-arts-and-design","10":"tag-arts-et-design","11":"tag-design","12":"tag-divertissement","13":"tag-entertainment","14":"tag-fr","15":"tag-france"},"share_on_mastodon":{"url":"https:\/\/pubeurope.com\/@fr\/115117275518158312","error":""},"_links":{"self":[{"href":"https:\/\/www.europesays.com\/fr\/wp-json\/wp\/v2\/posts\/354358","targetHints":{"allow":["GET"]}}],"collection":[{"href":"https:\/\/www.europesays.com\/fr\/wp-json\/wp\/v2\/posts"}],"about":[{"href":"https:\/\/www.europesays.com\/fr\/wp-json\/wp\/v2\/types\/post"}],"author":[{"embeddable":true,"href":"https:\/\/www.europesays.com\/fr\/wp-json\/wp\/v2\/users\/2"}],"replies":[{"embeddable":true,"href":"https:\/\/www.europesays.com\/fr\/wp-json\/wp\/v2\/comments?post=354358"}],"version-history":[{"count":0,"href":"https:\/\/www.europesays.com\/fr\/wp-json\/wp\/v2\/posts\/354358\/revisions"}],"wp:featuredmedia":[{"embeddable":true,"href":"https:\/\/www.europesays.com\/fr\/wp-json\/wp\/v2\/media\/354359"}],"wp:attachment":[{"href":"https:\/\/www.europesays.com\/fr\/wp-json\/wp\/v2\/media?parent=354358"}],"wp:term":[{"taxonomy":"category","embeddable":true,"href":"https:\/\/www.europesays.com\/fr\/wp-json\/wp\/v2\/categories?post=354358"},{"taxonomy":"post_tag","embeddable":true,"href":"https:\/\/www.europesays.com\/fr\/wp-json\/wp\/v2\/tags?post=354358"}],"curies":[{"name":"wp","href":"https:\/\/api.w.org\/{rel}","templated":true}]}}