{"id":354362,"date":"2025-08-30T10:37:23","date_gmt":"2025-08-30T10:37:23","guid":{"rendered":"https:\/\/www.europesays.com\/fr\/354362\/"},"modified":"2025-08-30T10:37:23","modified_gmt":"2025-08-30T10:37:23","slug":"anne-elisabeth-lemoine-fait-le-point-avant-la-reprise-de-c-a-vous-les-saisons-sont-tres-lourdes-a-porter","status":"publish","type":"post","link":"https:\/\/www.europesays.com\/fr\/354362\/","title":{"rendered":"Anne-\u00c9lisabeth Lemoine fait le point avant la reprise de C \u00e0 vous : \u00ab\u00a0Les saisons sont tr\u00e8s lourdes \u00e0 porter\u00a0\u00bb"},"content":{"rendered":"<p><strong>Votre producteur, Pierre-Antoine Capton, l\u2019a annonc\u00e9 : cette ann\u00e9e, il y aura des \u00e9volutions dans C \u00e0 vous&#8230;<\/strong><\/p>\n<p><strong>Anne-\u00c9lisabeth Lemoine<\/strong> Le plus gros changement, c\u2019est l\u2019arriv\u00e9e d\u2019une nouvelle \u00e9quipe le vendredi et le samedi, men\u00e9e par Mohamed Bouhafsi, qui ne sera donc plus avec nous le reste de la semaine.<\/p>\n<p><a id=\"eztoc103279151_1\"\/>\u00ab\u00a0Les saisons sont tr\u00e8s lourdes \u00e0 porter\u00a0\u00bb<\/p>\n<p><strong>Cela veut-il dire que vous avez fait valoir votre droit \u00e0 des week-ends prolong\u00e9s ?<\/strong><\/p>\n<p>(Rires) Honn\u00eatement, les saisons sont tr\u00e8s lourdes \u00e0 porter, surtout que nous sommes pass\u00e9s \u00e0 deux heures d\u2019\u00e9mission en 2021. Donc, il y a eu comme une \u00e9vidence, c\u2019est vrai. Mais ces vendredis lib\u00e9r\u00e9s vont surtout nous permettre de ne plus \u00eatre en flux tendu pour pr\u00e9parer la semaine suivante. Dans l\u2019\u00e9quipe, chaque poste est important. Si quelqu\u2019un est fatigu\u00e9 ou malade, on ne peut pas le remplacer. On doit faire sans lui. Il s\u2019agit donc de m\u00e9nager tout le monde. Pendant ce temps, je vais \u00e9galement r\u00e9fl\u00e9chir \u00e0 d\u2019autres projets. Cela fait huit ans que je refuse quasiment tout ce que l\u2019on me propose. Je me dis que c\u2019est peut-\u00eatre le moment de me lancer&#8230; Et puis, je vais enfin pouvoir aller chercher mon fils \u00e0 l\u2019\u00e9cole, ce que je n\u2019ai pas pu faire depuis qu\u2019il est n\u00e9 ! Quand j\u2019ai repris le flambeau sur C \u00e0 vous, il avait 1 an. J\u2019ai int\u00e9r\u00eat \u00e0 en profiter parce qu\u2019il rentre en 5e cette ann\u00e9e, et je sais que, bient\u00f4t, il ne voudra plus que je vienne le chercher \u00e0 l\u2019\u00e9cole ! La fen\u00eatre de tir se r\u00e9duit&#8230; (Rires).<\/p>\n<p><a id=\"eztoc103279151_2\"\/>Anne-\u00c9lisabeth Lemoine heureuse du parcours de ses chroniqueurs<\/p>\n<p><a href=\"https:\/\/www.programme-television.org\/news\/people\/vie-privee\/bertrand-chameroy-avant-un-gros-nouveau-defi-il-fait-le-point-sur-sa-sante-mentale-4744556\" target=\"_self\" rel=\"nofollow noopener\"><strong>Comment r\u00e9agissez-vous quand vos \u00ab petits \u00bb de C \u00e0 vous, comme   Bertrand Chameroy et Mohamed Bouhafsi, prennent leur envol ?<\/strong><\/a><\/p>\n<p>Je suis tr\u00e8s heureuse et fi\u00e8re. Cela signifie que C \u00e0 vous est la meilleure des \u00e9coles, une \u00e9cole o\u00f9 l\u2019on peut grandir. Les deux premi\u00e8res ann\u00e9es de Mohamed dans C \u00e0 vous, on relisait sa chronique ensemble, chaque soir. Il en a d\u2019ailleurs parl\u00e9 lors de son pot de d\u00e9part, c\u2019\u00e9tait touchant. J\u2019ai v\u00e9cu la m\u00eame chose avec Marc-Olivier Fogiel pour On ne peut pas plaire \u00e0 tout le monde (France 3) et T\u2019emp\u00eaches tout le monde de dormir (M6). Et c\u2019est une chance.<\/p>\n<p>L&rsquo;interview d&rsquo;Anne-\u00c9lisabeth Lemoine est \u00e0 lire en int\u00e9gralit\u00e9 dans le nouveau magazine T\u00e9l\u00e9 7 Jours. Disponibles dans les kiosques d\u00e8s ce lundi 1er septembre.<\/p>\n<blockquote class=\"instagram-media\" data-instgrm-captioned=\"\" data-instgrm-permalink=\"https:\/\/www.instagram.com\/p\/DN5hRrnAkqA\/?utm_source=ig_embed&amp;utm_campaign=loading\" data-instgrm-version=\"14\" style=\" background:#FFF; border:0; border-radius:3px; box-shadow:0 0 1px 0 rgba(0,0,0,0.5),0 1px 10px 0 rgba(0,0,0,0.15); margin: 1px; max-width:540px; min-width:326px; padding:0; width:99.375%; width:-webkit-calc(100% - 2px); width:calc(100% - 2px);\"\/>\n<p>            <script async src=\"\/\/www.instagram.com\/embed.js\"><\/script><\/p>\n","protected":false},"excerpt":{"rendered":"Votre producteur, Pierre-Antoine Capton, l\u2019a annonc\u00e9 : cette ann\u00e9e, il y aura des \u00e9volutions dans C \u00e0 vous&#8230;&hellip;\n","protected":false},"author":2,"featured_media":354363,"comment_status":"","ping_status":"","sticky":false,"template":"","format":"standard","meta":{"footnotes":""},"categories":[1356],"tags":[58,59,1011,27,252,1364],"class_list":{"0":"post-354362","1":"post","2":"type-post","3":"status-publish","4":"format-standard","5":"has-post-thumbnail","7":"category-television","8":"tag-divertissement","9":"tag-entertainment","10":"tag-fr","11":"tag-france","12":"tag-television","13":"tag-tv"},"share_on_mastodon":{"url":"https:\/\/pubeurope.com\/@fr\/115117283438320812","error":""},"_links":{"self":[{"href":"https:\/\/www.europesays.com\/fr\/wp-json\/wp\/v2\/posts\/354362","targetHints":{"allow":["GET"]}}],"collection":[{"href":"https:\/\/www.europesays.com\/fr\/wp-json\/wp\/v2\/posts"}],"about":[{"href":"https:\/\/www.europesays.com\/fr\/wp-json\/wp\/v2\/types\/post"}],"author":[{"embeddable":true,"href":"https:\/\/www.europesays.com\/fr\/wp-json\/wp\/v2\/users\/2"}],"replies":[{"embeddable":true,"href":"https:\/\/www.europesays.com\/fr\/wp-json\/wp\/v2\/comments?post=354362"}],"version-history":[{"count":0,"href":"https:\/\/www.europesays.com\/fr\/wp-json\/wp\/v2\/posts\/354362\/revisions"}],"wp:featuredmedia":[{"embeddable":true,"href":"https:\/\/www.europesays.com\/fr\/wp-json\/wp\/v2\/media\/354363"}],"wp:attachment":[{"href":"https:\/\/www.europesays.com\/fr\/wp-json\/wp\/v2\/media?parent=354362"}],"wp:term":[{"taxonomy":"category","embeddable":true,"href":"https:\/\/www.europesays.com\/fr\/wp-json\/wp\/v2\/categories?post=354362"},{"taxonomy":"post_tag","embeddable":true,"href":"https:\/\/www.europesays.com\/fr\/wp-json\/wp\/v2\/tags?post=354362"}],"curies":[{"name":"wp","href":"https:\/\/api.w.org\/{rel}","templated":true}]}}