{"id":354368,"date":"2025-08-30T10:40:11","date_gmt":"2025-08-30T10:40:11","guid":{"rendered":"https:\/\/www.europesays.com\/fr\/354368\/"},"modified":"2025-08-30T10:40:11","modified_gmt":"2025-08-30T10:40:11","slug":"catherine-10-ans-decede-apres-une-operation-benigne-a-cause-du-fentanyl","status":"publish","type":"post","link":"https:\/\/www.europesays.com\/fr\/354368\/","title":{"rendered":"Catherine, 10 ans, d\u00e9c\u00e8de apr\u00e8s une op\u00e9ration b\u00e9nigne \u00e0 cause du fentanyl"},"content":{"rendered":"<p>            Par<br \/>\n        <strong><br \/>\n            <a href=\"https:\/\/actu.fr\/auteur\/journaliste-ledemocrate\" title=\"Consulter tous les articles de R\u00e9daction Vernon\" rel=\"nofollow noopener\" target=\"_blank\">R\u00e9daction Vernon<\/a><br \/>\n        <\/strong><\/p>\n<p>        Publi\u00e9 le<\/p>\n<p>            29 ao\u00fbt 2025 \u00e0 19h30<br \/>\n        ; mis \u00e0 jour le 29 ao\u00fbt 2025 \u00e0 20h15    <\/p>\n<p>Le 5 juillet 1985, Catherine Douarre succombe \u00e0 la suite d\u2019une<b> op\u00e9ration pourtant b\u00e9nigne<\/b> : une ablation des amygdales, subie \u00e0 la clinique Sainte-Marie de <a href=\"https:\/\/actu.fr\/normandie\/vernon_27681\" rel=\"nofollow noopener\" target=\"_blank\">Vernon<\/a>.<\/p>\n<p class=\" wall-content\">N\u00e9gligence m\u00e9dicale ou infortune ? Voil\u00e0 \u00e0 quoi devait r\u00e9pondre le <b>tribunal <\/b>de l\u2019\u00e9poque. Le 4 juillet, le docteur Jean Martinet pratique une <b>anesth\u00e9sie g\u00e9n\u00e9rale<\/b>, avant que la jeune fille ne soit op\u00e9r\u00e9e. \u00c0 10h30, la patiente est <b>plac\u00e9e en salle de r\u00e9veil<\/b>, avant de manifester des signes de r\u00e9veil vers 11h30.<\/p>\n<p>Rien d\u2019anormal<\/p>\n<p class=\" wall-content\">Le docteur d\u00e9cide de la renvoyer dans sa chambre, puisque <b>rien d\u2019anormal <\/b>n\u2019est \u00e0 d\u00e9clarer. Catherine est confi\u00e9e \u00e0 un brancardier, lequel appelle l\u2019infirmi\u00e8re de service apr\u00e8s avoir couch\u00e9 la petite.<\/p>\n<p class=\" wall-content\">Pas de r\u00e9ponse, l\u2019infirmi\u00e8re est occup\u00e9e. Elle passe un peu plus tard et <b>prend le pouls<\/b> de la jeune fille, mais pas sa pression art\u00e9rielle, l\u2019appareil n\u00e9cessaire n\u2019\u00e9tant pas \u00e0 proximit\u00e9.<\/p>\n<p class=\" wall-content\">L\u2019infirmi\u00e8re ne constatera <b>rien d\u2019anormal<\/b>. C\u2019est \u00e0 11h55 que tout bascule : l\u2019infirmi\u00e8re de l\u2019\u00e9tage constate que la petite fille a du <b>mal \u00e0 respirer,<\/b> ses pupilles sont dilat\u00e9es.<\/p>\n<p>Vid\u00e9os : en ce moment sur Actu<\/p>\n<p class=\" wall-content\">Le docteur Martinet pratique alors une <b>r\u00e9animation cardio-respiratoire,<\/b> laquelle permet une <b>reprise de l\u2019activit\u00e9 cardiaque<\/b>. Mais Catherine est d\u00e9j\u00e0 dans un <b>coma profond<\/b>.<\/p>\n<p class=\" wall-content\">Pr\u00e9venu aussit\u00f4t, le Smur arrive sur place \u00e0 12h45, et la fillette sera transport\u00e9e en h\u00e9licopt\u00e8re \u00e0 l\u2019h\u00f4pital parisien Necker. N\u00e9anmoins \u00e0 1h30 dans la nuit, Catherine est d\u00e9clar\u00e9e morte.<\/p>\n<p>Votre r\u00e9gion, votre actu !<\/p>\n<p>Recevez chaque jour les infos qui comptent pour vous.<\/p>\n<p>\t<a href=\"https:\/\/actu.fr\/newsletter\" class=\"ac-btn ac-btn--corner ac-btn--medium ac-btn--blue800\" rel=\"nofollow noopener\" target=\"_blank\">S&rsquo;incrire<\/a><br \/>\nFentanyl et n\u00e9gligence ?<\/p>\n<p class=\" wall-content\">Les effets de l\u2019anesth\u00e9sique utilis\u00e9 (Fentanyl) avaient-ils vraiment cess\u00e9 lorsque la petite fille \u00e9tait raccompagn\u00e9e dans sa chambre ?<\/p>\n<p class=\" wall-content\">La <b>surveillance postop\u00e9ratoire<\/b> \u00e9tait-elle insuffisante ?<\/p>\n<p class=\" wall-content\">La directrice de la clinique et le docteur Martinet comparaissent devant le<b> tribunal correctionnel d\u2019\u00c9vreux <\/b>le 6 juillet, pour r\u00e9pondre \u00e0 ces questions.<\/p>\n<p class=\" wall-content\">Selon le terme des experts, le d\u00e9c\u00e8s est cons\u00e9cutif \u00e0 une <b>anoxie c\u00e9r\u00e9brale<\/b>, c\u2019est-\u00e0-dire un arr\u00eat cardiorespiratoire par d\u00e9pression du syst\u00e8me nerveux.<\/p>\n<p class=\" wall-content\">Le <b>fentanyl<\/b> est bel et bien<b> incrimin\u00e9<\/b>.<\/p>\n<p class=\" wall-content\">Un mois apr\u00e8s l\u2019audience, le<b> docteur anesth\u00e9siste<\/b> et la directrice de la clinique sont<b> d\u00e9clar\u00e9s coupables <\/b>d\u2019homicide involontaire et condamn\u00e9s \u00e0 payer chacun<b> 10 000 francs d\u2019amende<\/b>, mais aussi \u00e0 verser 300 000 francs aux parents de Catherine. Une somme \u00e0 laquelle s\u2019ajoutent 31 000 francs pour les frais fun\u00e9raires et 50 000 francs \u00e0 chacun des deux fr\u00e8res et s\u0153urs de la fillette.<\/p>\n<p class=\" wall-content\">Personnalisez votre actualit\u00e9 en ajoutant vos villes et m\u00e9dias en favori avec <a href=\"https:\/\/moncompte.actu.fr\" title=\"D\u00e9couvez Mon Actu\" rel=\"nofollow noopener\" data-trk=\"{&quot;cta&quot;:{&quot;action&quot;:&quot;https:\\\/\\\/moncompte.actu.fr&quot;,&quot;category&quot;:&quot;mon compte&quot;,&quot;from&quot;:&quot;article footer&quot;,&quot;name&quot;:&quot;Mon actu&quot;,&quot;type&quot;:&quot;cta&quot;}}\" target=\"_blank\">Mon Actu<\/a>.<\/p>\n","protected":false},"excerpt":{"rendered":"Par R\u00e9daction Vernon Publi\u00e9 le 29 ao\u00fbt 2025 \u00e0 19h30 ; mis \u00e0 jour le 29 ao\u00fbt 2025&hellip;\n","protected":false},"author":2,"featured_media":354369,"comment_status":"","ping_status":"","sticky":false,"template":"","format":"standard","meta":{"footnotes":""},"categories":[10],"tags":[118,1011,27,72,71],"class_list":{"0":"post-354368","1":"post","2":"type-post","3":"status-publish","4":"format-standard","5":"has-post-thumbnail","7":"category-sante","8":"tag-faits-divers","9":"tag-fr","10":"tag-france","11":"tag-health","12":"tag-sante"},"share_on_mastodon":{"url":"https:\/\/pubeurope.com\/@fr\/115117295116130169","error":""},"_links":{"self":[{"href":"https:\/\/www.europesays.com\/fr\/wp-json\/wp\/v2\/posts\/354368","targetHints":{"allow":["GET"]}}],"collection":[{"href":"https:\/\/www.europesays.com\/fr\/wp-json\/wp\/v2\/posts"}],"about":[{"href":"https:\/\/www.europesays.com\/fr\/wp-json\/wp\/v2\/types\/post"}],"author":[{"embeddable":true,"href":"https:\/\/www.europesays.com\/fr\/wp-json\/wp\/v2\/users\/2"}],"replies":[{"embeddable":true,"href":"https:\/\/www.europesays.com\/fr\/wp-json\/wp\/v2\/comments?post=354368"}],"version-history":[{"count":0,"href":"https:\/\/www.europesays.com\/fr\/wp-json\/wp\/v2\/posts\/354368\/revisions"}],"wp:featuredmedia":[{"embeddable":true,"href":"https:\/\/www.europesays.com\/fr\/wp-json\/wp\/v2\/media\/354369"}],"wp:attachment":[{"href":"https:\/\/www.europesays.com\/fr\/wp-json\/wp\/v2\/media?parent=354368"}],"wp:term":[{"taxonomy":"category","embeddable":true,"href":"https:\/\/www.europesays.com\/fr\/wp-json\/wp\/v2\/categories?post=354368"},{"taxonomy":"post_tag","embeddable":true,"href":"https:\/\/www.europesays.com\/fr\/wp-json\/wp\/v2\/tags?post=354368"}],"curies":[{"name":"wp","href":"https:\/\/api.w.org\/{rel}","templated":true}]}}