{"id":35437,"date":"2025-04-19T02:52:07","date_gmt":"2025-04-19T02:52:07","guid":{"rendered":"https:\/\/www.europesays.com\/fr\/35437\/"},"modified":"2025-04-19T02:52:07","modified_gmt":"2025-04-19T02:52:07","slug":"quelques-chasses-aux-oeufs-de-paques-a-montpellier-et-alentour-ce-week-end","status":"publish","type":"post","link":"https:\/\/www.europesays.com\/fr\/35437\/","title":{"rendered":"quelques chasses aux \u0153ufs de P\u00e2ques \u00e0 Montpellier et alentour ce week-end"},"content":{"rendered":"<p>            Par<br \/>\n        <strong><br \/>\n            <a href=\"https:\/\/actu.fr\/auteur\/a-saliba\" title=\"Consulter tous les articles de Alexandre Saliba\" rel=\"nofollow noopener\" target=\"_blank\">Alexandre Saliba<\/a><br \/>\n        <\/strong><\/p>\n<p>        Publi\u00e9 le<\/p>\n<p>            18 avr. 2025 \u00e0 20h37        <\/p>\n<p>C\u2019est le moment de l\u2019ann\u00e9e que tous les gourmands attendent, qu\u2019ils soient enfants ou adultes : le <strong>week-end de P\u00e2ques<\/strong>! Pour pouvoir faire participer les plus jeunes \u00e0 des chasses hors du jardin, plusieurs \u00e9v\u00e8nements festifs ont lieu\u00a0\u00e0 Montpellier et ses alentours. En voici une courte s\u00e9lection.<\/p>\n<p>    <a href=\"https:\/\/www.google.com\/maps\/d\/u\/1\/embed?mid=12oXbbEJtRsTgX4t0DLp3agins2_FjPo&amp;ehbc=2E312F&amp;noprof=1\" title=\"Ouvrie le lien\" rel=\"nofollow noopener\" target=\"_blank\">Cliquez ici pour visualiser le contenu<\/a><\/p>\n<p>Le parc du Terral \u00e0 Saint-Jean-de-V\u00e9das<\/p>\n<p class=\" wall-content\">Si l\u2019envie vous prend de vous aventurer hors de Montpellier dimanche 20 avril pour chercher des \u0153ufs, vous en trouverez s\u00fbrement au parc du Terral \u00e0 Saint-Jean-de-V\u00e9das. De 9h jusqu\u2019\u00e0 midi, le Comit\u00e9 des f\u00eates organise une chasse aux \u0153ufs pour les enfants de 3 \u00e0 10 ans. Petits plus : l\u2019entr\u00e9e est gratuite et un service de restauration sera pr\u00e9sent.<\/p>\n<p>Le parc Montcalm \u00e0 Montpellier<\/p>\n<p class=\" wall-content\">La chasse aux \u0153ufs cette fois-ci encadr\u00e9e par le Comit\u00e9 de Quartier Cit\u00e9 Cr\u00e9ative, Estanove et abords, se tiendra au parc Montcalm dimanche 20 avril. De 10h \u00e0 15h, les enfants pourront parcourir une partie d\u00e9finie du parc pour chercher des \u0153ufs factices, qu\u2019ils pourront \u00e9changer contre des chocolats bien mangeables. Quelques autres activit\u00e9s seront \u00e9galement organis\u00e9es, comme un atelier de rempotage ou une buvette. L\u2019entr\u00e9e est gratuite, dans la limite des places disponibles, comme <a href=\"https:\/\/www.infolocale.fr\/associations\/organisme-comite-de-quartier-cite-creative-estanove-et-abords-571348\/evenement-montpellier-fete-chasse-aux-oeufs-de-paques-8521309\" rel=\"nofollow noopener\" target=\"_blank\">expliqu\u00e9 sur le site<\/a>.<\/p>\n<p>Le centre historique de Montpellier<\/p>\n<p class=\" wall-content\">L\u2019Office de Tourisme de Montpellier organise lui aussi son \u00e9v\u00e8nement pour le lundi de P\u00e2ques. Les enfants de 8 \u00e0 11 ans seront invit\u00e9s \u00e0 d\u00e9ambuler dans le centre historique avec un stylo (non fourni) et un livret d\u2019activit\u00e9s. La mascotte, P\u00e9rette la Mouette, sera pr\u00e9sente toute au long de la journ\u00e9e pour les accompagner, et peut-\u00eatre les aider \u00e0 d\u00e9couvrir quelques \u0153ufs. Attention, l\u2019\u00e9v\u00e8nement est payant, entre sept et dix euros, comme indiqu\u00e9 sur le <a href=\"https:\/\/www.montpellier-tourisme.fr\/agenda\/tout-l-agenda\/centre-historique-pour-les-enfants-avec-perette-la-mouette-special-paques-montpellier-fr-5386220\/\" rel=\"nofollow noopener\" target=\"_blank\">site officiel<\/a>.<\/p>\n<p>Vid\u00e9os : en ce moment sur ActuLa salle d\u2019escalade Altissimo \u00e0 Montpellier<\/p>\n<p class=\" wall-content\">La salle d\u2019escalade Altissimo sera bien ouverte le lundi de P\u00e2ques, et participe \u00e0 sa fa\u00e7on aux festivit\u00e9s sucr\u00e9es. Des \u0153ufs en chocolat, oui, mais il faudra d\u2019abord les m\u00e9riter puisqu\u2019ils se trouvent en haut des voies. Un bon moyen d\u2019associer une activit\u00e9 sportive \u00e0 ce plaisir chocolat\u00e9. Le prix de l\u2019entr\u00e9e est fix\u00e9 \u00e0 17\u20ac, ou 13\u20ac en prix r\u00e9duit.<\/p>\n<p>Le ch\u00e2teau de l\u2019Engarran \u00e0 Lav\u00e9rune<\/p>\n<p class=\" wall-content\">Pour sa chasse \u00ab\u00a0hors du temps\u00a0\u00bb, le ch\u00e2teau de l\u2019Engarran a choisi d\u2019organiser son \u00e9v\u00e8nement plus tard que les autres : rendez-vous le 23 avril \u00e0 Lav\u00e9rune pour participer aux activit\u00e9s. Les chasseurs de chocolat, quelque soit leur \u00e2ge, devront de toute fa\u00e7on se plonger dans une enqu\u00eate pour retrouver un \u00ab\u00a0Oeuf d\u2019or\u00a0\u00bb dans les jardins du ch\u00e2teau, et s\u00fbrement quelques oeufs en chocolat au passage. Le prix de la chasse est de 15\u20ac, et des d\u00e9gustations de vin et chocolat sont aussi disponibles \u00e0 partir de 10\u20ac.<\/p>\n<p class=\" wall-content\">Suivez toute l\u2019actualit\u00e9 de vos villes et m\u00e9dias favoris en vous inscrivant \u00e0 <a href=\"https:\/\/moncompte.actu.fr\" title=\"D\u00e9couvez Mon Actu\" rel=\"nofollow noopener\" data-trk=\"{&quot;cta&quot;:{&quot;action&quot;:&quot;https:\\\/\\\/moncompte.actu.fr&quot;,&quot;category&quot;:&quot;mon compte&quot;,&quot;from&quot;:&quot;article footer&quot;,&quot;name&quot;:&quot;Mon actu&quot;,&quot;type&quot;:&quot;cta&quot;}}\" target=\"_blank\">Mon Actu<\/a>.<\/p>\n","protected":false},"excerpt":{"rendered":"Par Alexandre Saliba Publi\u00e9 le 18 avr. 2025 \u00e0 20h37 C\u2019est le moment de l\u2019ann\u00e9e que tous les&hellip;\n","protected":false},"author":2,"featured_media":35438,"comment_status":"","ping_status":"","sticky":false,"template":"","format":"standard","meta":{"footnotes":""},"categories":[9599],"tags":[1111,11,1777,674,1011,27,1652,2208,12,2680,4769,25],"class_list":{"0":"post-35437","1":"post","2":"type-post","3":"status-publish","4":"format-standard","5":"has-post-thumbnail","7":"category-montpellier","8":"tag-actu","9":"tag-actualites","10":"tag-eu","11":"tag-europe","12":"tag-fr","13":"tag-france","14":"tag-loisirs-culture","15":"tag-montpellier","16":"tag-news","17":"tag-occitanie","18":"tag-paques","19":"tag-republique-francaise"},"share_on_mastodon":{"url":"https:\/\/pubeurope.com\/@fr\/114362367619513983","error":""},"_links":{"self":[{"href":"https:\/\/www.europesays.com\/fr\/wp-json\/wp\/v2\/posts\/35437","targetHints":{"allow":["GET"]}}],"collection":[{"href":"https:\/\/www.europesays.com\/fr\/wp-json\/wp\/v2\/posts"}],"about":[{"href":"https:\/\/www.europesays.com\/fr\/wp-json\/wp\/v2\/types\/post"}],"author":[{"embeddable":true,"href":"https:\/\/www.europesays.com\/fr\/wp-json\/wp\/v2\/users\/2"}],"replies":[{"embeddable":true,"href":"https:\/\/www.europesays.com\/fr\/wp-json\/wp\/v2\/comments?post=35437"}],"version-history":[{"count":0,"href":"https:\/\/www.europesays.com\/fr\/wp-json\/wp\/v2\/posts\/35437\/revisions"}],"wp:featuredmedia":[{"embeddable":true,"href":"https:\/\/www.europesays.com\/fr\/wp-json\/wp\/v2\/media\/35438"}],"wp:attachment":[{"href":"https:\/\/www.europesays.com\/fr\/wp-json\/wp\/v2\/media?parent=35437"}],"wp:term":[{"taxonomy":"category","embeddable":true,"href":"https:\/\/www.europesays.com\/fr\/wp-json\/wp\/v2\/categories?post=35437"},{"taxonomy":"post_tag","embeddable":true,"href":"https:\/\/www.europesays.com\/fr\/wp-json\/wp\/v2\/tags?post=35437"}],"curies":[{"name":"wp","href":"https:\/\/api.w.org\/{rel}","templated":true}]}}