{"id":354373,"date":"2025-08-30T10:43:13","date_gmt":"2025-08-30T10:43:13","guid":{"rendered":"https:\/\/www.europesays.com\/fr\/354373\/"},"modified":"2025-08-30T10:43:13","modified_gmt":"2025-08-30T10:43:13","slug":"classement-direct-es2-rallye-velay-auvergne-2025","status":"publish","type":"post","link":"https:\/\/www.europesays.com\/fr\/354373\/","title":{"rendered":"Classement Direct ES2 Rallye Velay Auvergne 2025"},"content":{"rendered":"<p>FAITS MARQUANTS<\/p>\n<p>Derri\u00e8re Thibault Habouzit, encore auteur d\u2019un meilleur temps, le classement bouge apr\u00e8s la grosse perte de temps d\u2019Alexis Delorme, d\u00e9sormais quatri\u00e8me provisoire. Devant lui, Dorian Nicolas et Dominique Moulin sont d\u00e9sormais sur le podium provisoire.<\/p>\n<p>En FRC4, Lo\u00efc Costes a pris l\u2019avantage sur Benjamin Barnouin pour moins de quatre secondes.<\/p>\n<p>En FrallyNat, C\u00e9dric Robert r\u00e9alise un d\u00e9but de course id\u00e9al avec une belle 5e place au scratch et largement la t\u00eate dans cette cat\u00e9gorie.<\/p>\n<p><strong>PROCHAINE SPECIALE : <\/strong><a href=\"https:\/\/www.rallye-sport.fr\/es3-velay-auvergne-2025\/\" rel=\"nofollow noopener\" target=\"_blank\">ES3- Le MONASTIER sur GAZEILLE \/ LAUSSONNEA (6,20 km) \u00e0 partir de 13h03 (Samedi 30 Ao\u00fbt 2025)<\/a><br style=\"clear:both;\"\/><\/p>\n<p>Classement ES2 \/ Apr\u00e8s ES2 (6,50 km)<\/p>\n<p>   Par Julien R.<\/p>\n","protected":false},"excerpt":{"rendered":"FAITS MARQUANTS Derri\u00e8re Thibault Habouzit, encore auteur d\u2019un meilleur temps, le classement bouge apr\u00e8s la grosse perte de&hellip;\n","protected":false},"author":2,"featured_media":354374,"comment_status":"","ping_status":"","sticky":false,"template":"","format":"standard","meta":{"footnotes":""},"categories":[7],"tags":[1011,27,43,40,41,39,42,44],"class_list":{"0":"post-354373","1":"post","2":"type-post","3":"status-publish","4":"format-standard","5":"has-post-thumbnail","7":"category-sciences-et-technologies","8":"tag-fr","9":"tag-france","10":"tag-science","11":"tag-science-and-technology","12":"tag-sciences","13":"tag-sciences-et-technologies","14":"tag-technologies","15":"tag-technology"},"share_on_mastodon":{"url":"https:\/\/pubeurope.com\/@fr\/115117307027885513","error":""},"_links":{"self":[{"href":"https:\/\/www.europesays.com\/fr\/wp-json\/wp\/v2\/posts\/354373","targetHints":{"allow":["GET"]}}],"collection":[{"href":"https:\/\/www.europesays.com\/fr\/wp-json\/wp\/v2\/posts"}],"about":[{"href":"https:\/\/www.europesays.com\/fr\/wp-json\/wp\/v2\/types\/post"}],"author":[{"embeddable":true,"href":"https:\/\/www.europesays.com\/fr\/wp-json\/wp\/v2\/users\/2"}],"replies":[{"embeddable":true,"href":"https:\/\/www.europesays.com\/fr\/wp-json\/wp\/v2\/comments?post=354373"}],"version-history":[{"count":0,"href":"https:\/\/www.europesays.com\/fr\/wp-json\/wp\/v2\/posts\/354373\/revisions"}],"wp:featuredmedia":[{"embeddable":true,"href":"https:\/\/www.europesays.com\/fr\/wp-json\/wp\/v2\/media\/354374"}],"wp:attachment":[{"href":"https:\/\/www.europesays.com\/fr\/wp-json\/wp\/v2\/media?parent=354373"}],"wp:term":[{"taxonomy":"category","embeddable":true,"href":"https:\/\/www.europesays.com\/fr\/wp-json\/wp\/v2\/categories?post=354373"},{"taxonomy":"post_tag","embeddable":true,"href":"https:\/\/www.europesays.com\/fr\/wp-json\/wp\/v2\/tags?post=354373"}],"curies":[{"name":"wp","href":"https:\/\/api.w.org\/{rel}","templated":true}]}}